{"id":1393,"date":"2017-11-13T13:02:37","date_gmt":"2017-11-13T12:02:37","guid":{"rendered":"https:\/\/bukkleader.hu\/old\/?p=1393"},"modified":"2017-11-13T13:02:37","modified_gmt":"2017-11-13T12:02:37","slug":"tajekoztato-forumok-helyi-felhivasokrol","status":"publish","type":"post","link":"https:\/\/bukkleader.hu\/old\/tajekoztato-forumok-helyi-felhivasokrol\/","title":{"rendered":"T\u00e1j\u00e9koztat\u00f3 F\u00f3rumok a helyi felh\u00edv\u00e1sokr\u00f3l"},"content":{"rendered":"<p><strong>A B\u00fckk-T\u00e9rs\u00e9gi LEADER Egyes\u00fclet t\u00e1j\u00e9koztat\u00f3 f\u00f3rumai a megjelent helyi felh\u00edv\u00e1sokr\u00f3l!<\/strong><\/p>\n<p>A helyi szerepl\u0151k felk\u00e9sz\u00edt\u00e9se \u00e9rdek\u00e9ben a munkaszervezet t\u00e1j\u00e9koztat\u00f3 f\u00f3rumokat tart november, december \u00e9s janu\u00e1r h\u00f3napokban, t\u00f6bb helysz\u00ednen.<\/p>\n<p>A munkaszervezeti irod\u00e1ban szem\u00e9lyes konzult\u00e1ci\u00f3ra van lehet\u0151s\u00e9g, el\u0151re egyeztetett id\u0151pontban.<\/p>\n<p>A t\u00e1j\u00e9koztat\u00f3 f\u00f3rumok id\u0151pontjait \u00e9s helysz\u00edneit a honlapunkon hamarosan k\u00f6zz\u00e9tessz\u00fck!<\/p>\n<p><strong>A min\u00e9l sikeresebb p\u00e1ly\u00e1zatok beny\u00fajt\u00e1sa \u00e9rdek\u00e9ben sz\u00e1m\u00edtunk egy\u00fcttm\u0171k\u00f6d\u00e9s\u00fckre!<\/strong><\/p>\n<div class=\"sharedaddy sd-sharing-enabled\"><div class=\"robots-nocontent sd-block sd-social sd-social-icon sd-sharing\"><h3 class=\"sd-title\">Share this:<\/h3><div class=\"sd-content\"><ul><li class=\"share-facebook\"><a rel=\"nofollow noopener noreferrer\" data-shared=\"sharing-facebook-1393\" class=\"share-facebook sd-button share-icon no-text\" href=\"https:\/\/bukkleader.hu\/old\/tajekoztato-forumok-helyi-felhivasokrol\/?share=facebook\" target=\"_blank\" title=\"Click to share on Facebook\"><span><\/span><span class=\"sharing-screen-reader-text\">Click to share on Facebook (Opens in new window)<\/span><\/a><\/li><li class=\"share-twitter\"><a rel=\"nofollow noopener noreferrer\" data-shared=\"sharing-twitter-1393\" class=\"share-twitter sd-button share-icon no-text\" href=\"https:\/\/bukkleader.hu\/old\/tajekoztato-forumok-helyi-felhivasokrol\/?share=twitter\" target=\"_blank\" title=\"Click to share on Twitter\"><span><\/span><span class=\"sharing-screen-reader-text\">Click to share on Twitter (Opens in new window)<\/span><\/a><\/li><li class=\"share-print\"><a rel=\"nofollow noopener noreferrer\" data-shared=\"\" class=\"share-print sd-button share-icon no-text\" href=\"https:\/\/bukkleader.hu\/old\/tajekoztato-forumok-helyi-felhivasokrol\/\" target=\"_blank\" title=\"Click to print\"><span><\/span><span class=\"sharing-screen-reader-text\">Click to print (Opens in new window)<\/span><\/a><\/li><li class=\"share-email\"><a rel=\"nofollow noopener noreferrer\" data-shared=\"\" class=\"share-email sd-button share-icon no-text\" href=\"https:\/\/bukkleader.hu\/old\/tajekoztato-forumok-helyi-felhivasokrol\/?share=email\" target=\"_blank\" title=\"Click to email this to a friend\"><span><\/span><span class=\"sharing-screen-reader-text\">Click to email this to a friend (Opens in new window)<\/span><\/a><\/li><li class=\"share-end\"><\/li><\/ul><\/div><\/div><\/div>","protected":false},"excerpt":{"rendered":"<p>A B\u00fckk-T\u00e9rs\u00e9gi LEADER Egyes\u00fclet t\u00e1j\u00e9koztat\u00f3 f\u00f3rumai a megjelent helyi felh\u00edv\u00e1sokr\u00f3l! A helyi szerepl\u0151k felk\u00e9sz\u00edt\u00e9se \u00e9rdek\u00e9ben a munkaszervezet t\u00e1j\u00e9koztat\u00f3 f\u00f3rumokat tart november, december \u00e9s janu\u00e1r h\u00f3napokban, t\u00f6bb helysz\u00ednen. A munkaszervezeti irod\u00e1ban szem\u00e9lyes konzult\u00e1ci\u00f3ra van lehet\u0151s\u00e9g, el\u0151re egyeztetett id\u0151pontban. A t\u00e1j\u00e9koztat\u00f3 f\u00f3rumok id\u0151pontjait \u00e9s helysz\u00edneit a honlapunkon hamarosan k\u00f6zz\u00e9tessz\u00fck! A min\u00e9l sikeresebb p\u00e1ly\u00e1zatok beny\u00fajt\u00e1sa \u00e9rdek\u00e9ben sz\u00e1m\u00edtunk egy\u00fcttm\u0171k\u00f6d\u00e9s\u00fckre!<\/p>\n<div class=\"sharedaddy sd-sharing-enabled\"><div class=\"robots-nocontent sd-block sd-social sd-social-icon sd-sharing\"><h3 class=\"sd-title\">Share this:<\/h3><div class=\"sd-content\"><ul><li class=\"share-facebook\"><a rel=\"nofollow noopener noreferrer\" data-shared=\"sharing-facebook-1393\" class=\"share-facebook sd-button share-icon no-text\" href=\"https:\/\/bukkleader.hu\/old\/tajekoztato-forumok-helyi-felhivasokrol\/?share=facebook\" target=\"_blank\" title=\"Click to share on Facebook\"><span><\/span><span class=\"sharing-screen-reader-text\">Click to share on Facebook (Opens in new window)<\/span><\/a><\/li><li class=\"share-twitter\"><a rel=\"nofollow noopener noreferrer\" data-shared=\"sharing-twitter-1393\" class=\"share-twitter sd-button share-icon no-text\" href=\"https:\/\/bukkleader.hu\/old\/tajekoztato-forumok-helyi-felhivasokrol\/?share=twitter\" target=\"_blank\" title=\"Click to share on Twitter\"><span><\/span><span class=\"sharing-screen-reader-text\">Click to share on Twitter (Opens in new window)<\/span><\/a><\/li><li class=\"share-print\"><a rel=\"nofollow noopener noreferrer\" data-shared=\"\" class=\"share-print sd-button share-icon no-text\" href=\"https:\/\/bukkleader.hu\/old\/tajekoztato-forumok-helyi-felhivasokrol\/\" target=\"_blank\" title=\"Click to print\"><span><\/span><span class=\"sharing-screen-reader-text\">Click to print (Opens in new window)<\/span><\/a><\/li><li class=\"share-email\"><a rel=\"nofollow noopener noreferrer\" data-shared=\"\" class=\"share-email sd-button share-icon no-text\" href=\"https:\/\/bukkleader.hu\/old\/tajekoztato-forumok-helyi-felhivasokrol\/?share=email\" target=\"_blank\" title=\"Click to email this to a friend\"><span><\/span><span class=\"sharing-screen-reader-text\">Click to email this to a friend (Opens in new window)<\/span><\/a><\/li><li class=\"share-end\"><\/li><\/ul><\/div><\/div><\/div>","protected":false},"author":4,"featured_media":1392,"comment_status":"open","ping_status":"closed","sticky":false,"template":"","format":"standard","meta":{"_bbp_topic_count":0,"_bbp_reply_count":0,"_bbp_total_topic_count":0,"_bbp_total_reply_count":0,"_bbp_voice_count":0,"_bbp_anonymous_reply_count":0,"_bbp_topic_count_hidden":0,"_bbp_reply_count_hidden":0,"_bbp_forum_subforum_count":0,"spay_email":"","jetpack_publicize_message":"","jetpack_is_tweetstorm":false,"jetpack_publicize_feature_enabled":true},"categories":[1],"tags":[16],"jetpack_featured_media_url":"https:\/\/bukkleader.hu\/old\/wp-content\/uploads\/2017\/11\/honlapra-1..jpg","jetpack_publicize_connections":[],"jetpack_sharing_enabled":true,"jetpack-related-posts":[{"id":2412,"url":"https:\/\/bukkleader.hu\/old\/figyelem-pontozasi-szempont-a-forumon-valo-reszvetel\/","url_meta":{"origin":1393,"position":0},"title":"Figyelem! Pontoz\u00e1si szempont a f\u00f3rumon val\u00f3 r\u00e9szv\u00e9tel!","date":"2020-02-06","format":false,"excerpt":"Tisztelt P\u00e1ly\u00e1z\u00f3k! Felh\u00edvjuk a figyelm\u00fcket, hogy a hamarosan megjelen\u0151 \"Turisztikai szolg\u00e1ltat\u00e1sok fejleszt\u00e9se\" helyi felh\u00edv\u00e1s egyik pontoz\u00e1si szempontja a\u00a0f\u00f3rumokon val\u00f3 r\u00e9szv\u00e9tel. Amennyiben t\u00e1mogat\u00e1si k\u00e9relmet k\u00edv\u00e1nnak beny\u00fajtani, k\u00e9rj\u00fck sz\u00edveskedjenek valamelyik meghirdetett f\u00f3rumon r\u00e9szt venni! Meghirdetett id\u0151pontok \u00e9s helysz\u00ednek: T\u00e1j\u00e9koztat\u00f3 f\u00f3rum a helyi szerepl\u0151k felk\u00e9sz\u00edt\u00e9s\u00e9nek \u00e9rdek\u00e9ben B\u00fckkszentkereszten - 2020.02.10. T\u00e1j\u00e9koztat\u00f3 f\u00f3rum a helyi\u2026","rel":"","context":"In &quot;H\u00edreink, k\u00f6zlem\u00e9nyeink&quot;","img":{"alt_text":"LEADER","src":"https:\/\/i0.wp.com\/bukkleader.hu\/old\/wp-content\/uploads\/2015\/08\/384-10-leader_logo.jpg?resize=350%2C200&ssl=1","width":350,"height":200},"classes":[]},{"id":5996,"url":"https:\/\/bukkleader.hu\/old\/uj-palyazati-lehetoseg\/","url_meta":{"origin":1393,"position":1},"title":"\u00daj p\u00e1ly\u00e1zati lehet\u0151s\u00e9g!","date":"2021-06-25","format":false,"excerpt":"Tisztelt P\u00e1ly\u00e1z\u00f3ink! Hamarosan megjelenik a B\u00fckk-T\u00e9rs\u00e9gi LEADER Egyes\u00fclet \u00e1ltal meghirdetett, a Helyi fejleszt\u00e9sek t\u00e1mogat\u00e1sa c\u00edm\u0171, VP6-19.2.1-15-10-21 k\u00f3dsz\u00e1m\u00fa helyi felh\u00edv\u00e1s, mely keret\u00e9ben a v\u00e1llalkoz\u00f3i-, a civil- \u00e9s az \u00f6nkorm\u00e1nyzati szf\u00e9ra is megval\u00f3s\u00edthatja fejleszt\u00e9si elk\u00e9pzel\u00e9s\u00e9t. Az \u00faj helyi felh\u00edv\u00e1s min\u00e9l sz\u00e9lesebb k\u00f6rben val\u00f3 megismertet\u00e9se \u00e9rdek\u00e9ben t\u00e1j\u00e9koztat\u00f3 f\u00f3rumokat tartunk, melyek helysz\u00ednei \u00e9s id\u0151pontjai\u2026","rel":"","context":"In &quot;H\u00edreink, k\u00f6zlem\u00e9nyeink&quot;","img":{"alt_text":"","src":"https:\/\/i1.wp.com\/bukkleader.hu\/old\/wp-content\/uploads\/2017\/10\/LEADER-logo-Jul09-32.jpg?resize=350%2C200&ssl=1","width":350,"height":200},"classes":[]},{"id":1437,"url":"https:\/\/bukkleader.hu\/old\/tajekoztato-forum-helyi-felhivasokrol-bocs\/","url_meta":{"origin":1393,"position":2},"title":"ID\u0150PONTV\u00c1LTOZ\u00c1S! T\u00e1j\u00e9koztat\u00f3 F\u00f3rum a helyi felh\u00edv\u00e1sokr\u00f3l &#8211; B\u0151cs","date":"2017-12-15","format":false,"excerpt":"ID\u0150PONTV\u00c1LTOZ\u00c1S! A B\u00fckk-T\u00e9rs\u00e9gi LEADER Egyes\u00fclet t\u00e1j\u00e9koztat\u00f3 f\u00f3ruma B\u0151cs\u00f6n az eredetileg meghirdetett 2018. 01. 05-i id\u0151pont helyett 2018. 01. 12-\u00e9n 17 \u00f3r\u00e1t\u00f3l lesz, a mell\u00e9kelt megh\u00edv\u00f3 szerint:\u00a0\u00a0 Megh\u00edv\u00f3 >>","rel":"","context":"In &quot;H\u00edreink, k\u00f6zlem\u00e9nyeink&quot;","img":{"alt_text":"","src":"https:\/\/i1.wp.com\/bukkleader.hu\/old\/wp-content\/uploads\/2016\/01\/b\u0151cs-faluh\u00e1z.jpg?resize=350%2C200&ssl=1","width":350,"height":200},"classes":[]},{"id":1061,"url":"https:\/\/bukkleader.hu\/old\/tajekoztato-forum-nyekladhazan\/","url_meta":{"origin":1393,"position":3},"title":"T\u00e1j\u00e9koztat\u00f3 F\u00f3rum &#8211; Ny\u00e9kl\u00e1dh\u00e1z\u00e1n","date":"2016-08-25","format":false,"excerpt":"Tisztelettel megh\u00edvjuk Ny\u00e9kl\u00e1dh\u00e1za v\u00e1ros minden lakos\u00e1t, v\u00e1llalkoz\u00e1s\u00e1t, egyh\u00e1zk\u00f6zs\u00e9g\u00e9t, civil szervezet\u00e9t a B\u00fckk-T\u00e9rs\u00e9gi LEADER Egyes\u00fclet Helyi Fejleszt\u00e9si Strat\u00e9gi\u00e1j\u00e1t \u00e9s az egy\u00e9b vid\u00e9kfejleszt\u00e9si t\u00e1mogat\u00e1sokat bemutat\u00f3 \u00a0t\u00e1j\u00e9koztat\u00f3 f\u00f3rum\u00e1ra a mell\u00e9kelt megh\u00edv\u00f3 szerint. \u00a0>>\u00a0https:\/\/bukkleader.hu\/old\/wp-content\/uploads\/2016\/08\/Meghivo-Ny\u00e9kl\u00e1dh\u00e1za-2..pdf\u00a0\u00a0","rel":"","context":"In &quot;H\u00edreink, k\u00f6zlem\u00e9nyeink&quot;","img":{"alt_text":"","src":"https:\/\/i1.wp.com\/bukkleader.hu\/old\/wp-content\/uploads\/2016\/08\/Ny\u00e9kl\u00e1dh\u00e1za.jpg?resize=350%2C200&ssl=1","width":350,"height":200},"classes":[]},{"id":2402,"url":"https:\/\/bukkleader.hu\/old\/tajekoztato-forum-a-helyi-szereplok-felkeszitesenek-erdekeben-szomolyan\/","url_meta":{"origin":1393,"position":4},"title":"T\u00e1j\u00e9koztat\u00f3 f\u00f3rum a helyi szerepl\u0151k felk\u00e9sz\u00edt\u00e9s\u00e9nek \u00e9rdek\u00e9ben Szomoly\u00e1n","date":"2020-02-04","format":false,"excerpt":"A B\u00fckk-T\u00e9rs\u00e9gi LEADER Egyes\u00fclet t\u00e1j\u00e9koztat\u00f3 f\u00f3rumot tart 2020. 02.12-\u00e9n 17:00 \u00f3r\u00e1t\u00f3l Szomoly\u00e1n a helyi szerepl\u0151k felk\u00e9sz\u00edt\u00e9s\u00e9nek \u00e9rdek\u00e9ben a megjelen\u0151 helyi felh\u00edv\u00e1sr\u00f3l, melyre szeretettel megh\u00edvjuk a HACS ter\u00fclet\u00e9r\u0151l a lakosokat, civil szervezeteket, egyh\u00e1zk\u00f6zs\u00e9geket, v\u00e1llalkoz\u00e1sokat, \u00f6nkorm\u00e1nyzatokat.","rel":"","context":"In &quot;H\u00edreink, k\u00f6zlem\u00e9nyeink&quot;","img":{"alt_text":"","src":"https:\/\/i1.wp.com\/bukkleader.hu\/old\/wp-content\/uploads\/2016\/11\/szomolya-2.jpg?resize=350%2C200&ssl=1","width":350,"height":200},"classes":[]},{"id":2406,"url":"https:\/\/bukkleader.hu\/old\/tajekoztato-forum-a-helyi-szereplok-felkeszitesenek-erdekeben-nyekladhazan\/","url_meta":{"origin":1393,"position":5},"title":"T\u00e1j\u00e9koztat\u00f3 f\u00f3rum a helyi szerepl\u0151k felk\u00e9sz\u00edt\u00e9s\u00e9nek \u00e9rdek\u00e9ben Ny\u00e9kl\u00e1dh\u00e1z\u00e1n","date":"2020-02-04","format":false,"excerpt":"A B\u00fckk-T\u00e9rs\u00e9gi LEADER Egyes\u00fclet t\u00e1j\u00e9koztat\u00f3 f\u00f3rumot tart 2020. 02.17-\u00e9n 17:00 \u00f3r\u00e1t\u00f3l Ny\u00e9kl\u00e1dh\u00e1z\u00e1n a helyi szerepl\u0151k felk\u00e9sz\u00edt\u00e9s\u00e9nek \u00e9rdek\u00e9ben a megjelen\u0151 helyi felh\u00edv\u00e1sr\u00f3l, melyre szeretettel megh\u00edvjuk a HACS ter\u00fclet\u00e9r\u0151l a lakosokat, civil szervezeteket, egyh\u00e1zk\u00f6zs\u00e9geket, v\u00e1llalkoz\u00e1sokat, \u00f6nkorm\u00e1nyzatokat.","rel":"","context":"In &quot;H\u00edreink, k\u00f6zlem\u00e9nyeink&quot;","img":{"alt_text":"","src":"https:\/\/i1.wp.com\/bukkleader.hu\/old\/wp-content\/uploads\/2016\/08\/Ny\u00e9kl\u00e1dh\u00e1za.jpg?resize=350%2C200&ssl=1","width":350,"height":200},"classes":[]}],"_links":{"self":[{"href":"https:\/\/bukkleader.hu\/old\/wp-json\/wp\/v2\/posts\/1393"}],"collection":[{"href":"https:\/\/bukkleader.hu\/old\/wp-json\/wp\/v2\/posts"}],"about":[{"href":"https:\/\/bukkleader.hu\/old\/wp-json\/wp\/v2\/types\/post"}],"author":[{"embeddable":true,"href":"https:\/\/bukkleader.hu\/old\/wp-json\/wp\/v2\/users\/4"}],"replies":[{"embeddable":true,"href":"https:\/\/bukkleader.hu\/old\/wp-json\/wp\/v2\/comments?post=1393"}],"version-history":[{"count":1,"href":"https:\/\/bukkleader.hu\/old\/wp-json\/wp\/v2\/posts\/1393\/revisions"}],"predecessor-version":[{"id":1394,"href":"https:\/\/bukkleader.hu\/old\/wp-json\/wp\/v2\/posts\/1393\/revisions\/1394"}],"wp:featuredmedia":[{"embeddable":true,"href":"https:\/\/bukkleader.hu\/old\/wp-json\/wp\/v2\/media\/1392"}],"wp:attachment":[{"href":"https:\/\/bukkleader.hu\/old\/wp-json\/wp\/v2\/media?parent=1393"}],"wp:term":[{"taxonomy":"category","embeddable":true,"href":"https:\/\/bukkleader.hu\/old\/wp-json\/wp\/v2\/categories?post=1393"},{"taxonomy":"post_tag","embeddable":true,"href":"https:\/\/bukkleader.hu\/old\/wp-json\/wp\/v2\/tags?post=1393"}],"curies":[{"name":"wp","href":"https:\/\/api.w.org\/{rel}","templated":true}]}}