{"id":1386,"date":"2017-10-31T09:11:47","date_gmt":"2017-10-31T08:11:47","guid":{"rendered":"https:\/\/bukkleader.hu\/old\/?p=1386"},"modified":"2017-10-31T09:18:07","modified_gmt":"2017-10-31T08:18:07","slug":"szakmai-beszamolo-2017-harmadik-negyedev-szakmai-beszamolo-2017-07-01-2017-09-30","status":"publish","type":"post","link":"https:\/\/bukkleader.hu\/old\/szakmai-beszamolo-2017-harmadik-negyedev-szakmai-beszamolo-2017-07-01-2017-09-30\/","title":{"rendered":"Szakmai Besz\u00e1mol\u00f3 2017. harmadik negyed\u00e9v Szakmai Besz\u00e1mol\u00f3 2017.07.01. \u2013 2017.09.30."},"content":{"rendered":"<p>&nbsp;<\/p>\n<p><a href=\"https:\/\/bukkleader.hu\/old\/wp-content\/uploads\/2017\/10\/Besz\u00e1mol\u00f3_3_n\u00e9.pdf\"><strong>Szakmai Besz\u00e1mol\u00f3 2017. harmadik negyed\u00e9v<br \/>\n <\/strong><\/a><\/p>\n<p><strong>Szakmai Besz\u00e1mol\u00f3 2017.07.01. \u2013 2017.09.30.<\/strong><\/p>\n<p><a href=\"https:\/\/bukkleader.hu\/old\/wp-content\/uploads\/2017\/10\/Besz\u00e1mol\u00f3_3_n\u00e9.pdf\">A szakmai besz\u00e1mol\u00f3 megtekint\u00e9s\u00e9hez kattintson ide &gt;&gt;<\/a><\/p>\n<div class=\"sharedaddy sd-sharing-enabled\"><div class=\"robots-nocontent sd-block sd-social sd-social-icon sd-sharing\"><h3 class=\"sd-title\">Share this:<\/h3><div class=\"sd-content\"><ul><li class=\"share-facebook\"><a rel=\"nofollow noopener noreferrer\" data-shared=\"sharing-facebook-1386\" class=\"share-facebook sd-button share-icon no-text\" href=\"https:\/\/bukkleader.hu\/old\/szakmai-beszamolo-2017-harmadik-negyedev-szakmai-beszamolo-2017-07-01-2017-09-30\/?share=facebook\" target=\"_blank\" title=\"Click to share on Facebook\"><span><\/span><span class=\"sharing-screen-reader-text\">Click to share on Facebook (Opens in new window)<\/span><\/a><\/li><li class=\"share-twitter\"><a rel=\"nofollow noopener noreferrer\" data-shared=\"sharing-twitter-1386\" class=\"share-twitter sd-button share-icon no-text\" href=\"https:\/\/bukkleader.hu\/old\/szakmai-beszamolo-2017-harmadik-negyedev-szakmai-beszamolo-2017-07-01-2017-09-30\/?share=twitter\" target=\"_blank\" title=\"Click to share on Twitter\"><span><\/span><span class=\"sharing-screen-reader-text\">Click to share on Twitter (Opens in new window)<\/span><\/a><\/li><li class=\"share-print\"><a rel=\"nofollow noopener noreferrer\" data-shared=\"\" class=\"share-print sd-button share-icon no-text\" href=\"https:\/\/bukkleader.hu\/old\/szakmai-beszamolo-2017-harmadik-negyedev-szakmai-beszamolo-2017-07-01-2017-09-30\/\" target=\"_blank\" title=\"Click to print\"><span><\/span><span class=\"sharing-screen-reader-text\">Click to print (Opens in new window)<\/span><\/a><\/li><li class=\"share-email\"><a rel=\"nofollow noopener noreferrer\" data-shared=\"\" class=\"share-email sd-button share-icon no-text\" href=\"https:\/\/bukkleader.hu\/old\/szakmai-beszamolo-2017-harmadik-negyedev-szakmai-beszamolo-2017-07-01-2017-09-30\/?share=email\" target=\"_blank\" title=\"Click to email this to a friend\"><span><\/span><span class=\"sharing-screen-reader-text\">Click to email this to a friend (Opens in new window)<\/span><\/a><\/li><li class=\"share-end\"><\/li><\/ul><\/div><\/div><\/div>","protected":false},"excerpt":{"rendered":"<p>&nbsp; Szakmai Besz\u00e1mol\u00f3 2017. harmadik negyed\u00e9v Szakmai Besz\u00e1mol\u00f3 2017.07.01. \u2013 2017.09.30. A szakmai besz\u00e1mol\u00f3 megtekint\u00e9s\u00e9hez kattintson ide &gt;&gt;<\/p>\n<div class=\"sharedaddy sd-sharing-enabled\"><div class=\"robots-nocontent sd-block sd-social sd-social-icon sd-sharing\"><h3 class=\"sd-title\">Share this:<\/h3><div class=\"sd-content\"><ul><li class=\"share-facebook\"><a rel=\"nofollow noopener noreferrer\" data-shared=\"sharing-facebook-1386\" class=\"share-facebook sd-button share-icon no-text\" href=\"https:\/\/bukkleader.hu\/old\/szakmai-beszamolo-2017-harmadik-negyedev-szakmai-beszamolo-2017-07-01-2017-09-30\/?share=facebook\" target=\"_blank\" title=\"Click to share on Facebook\"><span><\/span><span class=\"sharing-screen-reader-text\">Click to share on Facebook (Opens in new window)<\/span><\/a><\/li><li class=\"share-twitter\"><a rel=\"nofollow noopener noreferrer\" data-shared=\"sharing-twitter-1386\" class=\"share-twitter sd-button share-icon no-text\" href=\"https:\/\/bukkleader.hu\/old\/szakmai-beszamolo-2017-harmadik-negyedev-szakmai-beszamolo-2017-07-01-2017-09-30\/?share=twitter\" target=\"_blank\" title=\"Click to share on Twitter\"><span><\/span><span class=\"sharing-screen-reader-text\">Click to share on Twitter (Opens in new window)<\/span><\/a><\/li><li class=\"share-print\"><a rel=\"nofollow noopener noreferrer\" data-shared=\"\" class=\"share-print sd-button share-icon no-text\" href=\"https:\/\/bukkleader.hu\/old\/szakmai-beszamolo-2017-harmadik-negyedev-szakmai-beszamolo-2017-07-01-2017-09-30\/\" target=\"_blank\" title=\"Click to print\"><span><\/span><span class=\"sharing-screen-reader-text\">Click to print (Opens in new window)<\/span><\/a><\/li><li class=\"share-email\"><a rel=\"nofollow noopener noreferrer\" data-shared=\"\" class=\"share-email sd-button share-icon no-text\" href=\"https:\/\/bukkleader.hu\/old\/szakmai-beszamolo-2017-harmadik-negyedev-szakmai-beszamolo-2017-07-01-2017-09-30\/?share=email\" target=\"_blank\" title=\"Click to email this to a friend\"><span><\/span><span class=\"sharing-screen-reader-text\">Click to email this to a friend (Opens in new window)<\/span><\/a><\/li><li class=\"share-end\"><\/li><\/ul><\/div><\/div><\/div>","protected":false},"author":4,"featured_media":0,"comment_status":"open","ping_status":"closed","sticky":false,"template":"","format":"standard","meta":{"_bbp_topic_count":0,"_bbp_reply_count":0,"_bbp_total_topic_count":0,"_bbp_total_reply_count":0,"_bbp_voice_count":0,"_bbp_anonymous_reply_count":0,"_bbp_topic_count_hidden":0,"_bbp_reply_count_hidden":0,"_bbp_forum_subforum_count":0,"spay_email":"","jetpack_publicize_message":"","jetpack_is_tweetstorm":false,"jetpack_publicize_feature_enabled":true},"categories":[25,23],"tags":[],"jetpack_featured_media_url":"","jetpack_publicize_connections":[],"jetpack_sharing_enabled":true,"jetpack-related-posts":[{"id":1368,"url":"https:\/\/bukkleader.hu\/old\/szakmai-beszamolo-2017-elso-negyedev\/","url_meta":{"origin":1386,"position":0},"title":"Szakmai besz\u00e1mol\u00f3 2017. els\u0151 negyed\u00e9v","date":"2017-06-28","format":false,"excerpt":"Szakmai besz\u00e1mol\u00f3 2017.01.01. - 2017.03.31. A besz\u00e1mol\u00f3 elolvas\u00e1s\u00e1hoz kattintson ide>>","rel":"","context":"In &quot;2017&quot;","img":{"alt_text":"","src":"","width":0,"height":0},"classes":[]},{"id":1543,"url":"https:\/\/bukkleader.hu\/old\/szakmai-beszamolo-negyedik-negyedev-2017-10-01-2017-12-31\/","url_meta":{"origin":1386,"position":1},"title":"Szakmai Besz\u00e1mol\u00f3  negyedik negyed\u00e9v (2017. 10. 01. \u2013 2017. 12. 31.)","date":"2018-01-30","format":false,"excerpt":"Szakmai Besz\u00e1mol\u00f3\u00a0 negyedik negyed\u00e9v (2017. 10. 01. \u2013 2017. 12. 31.) \u00a0","rel":"","context":"In &quot;2017&quot;","img":{"alt_text":"","src":"","width":0,"height":0},"classes":[]},{"id":1375,"url":"https:\/\/bukkleader.hu\/old\/2017-04-01-2017-06-30\/","url_meta":{"origin":1386,"position":2},"title":"Szakmai Besz\u00e1mol\u00f3 2017. m\u00e1sodik negyed\u00e9v","date":"2017-08-02","format":false,"excerpt":"Szakmai Besz\u00e1mol\u00f3 2017.04.01. - 2017.06.30. A besz\u00e1mol\u00f3 elolvas\u00e1s\u00e1hoz kattintson ide >>","rel":"","context":"In &quot;2017&quot;","img":{"alt_text":"","src":"","width":0,"height":0},"classes":[]},{"id":1805,"url":"https:\/\/bukkleader.hu\/old\/szakmai-beszamolo-iii-negyedev\/","url_meta":{"origin":1386,"position":3},"title":"Szakmai besz\u00e1mol\u00f3 III. negyed\u00e9v","date":"2018-10-08","format":false,"excerpt":"Szakmai besz\u00e1mol\u00f3 a 2018 j\u00falius 1- 2018. szeptember 30. k\u00f6z\u00f6tti id\u0151szak tev\u00e9kenys\u00e9g\u00e9r\u0151l. (III. negyed\u00e9v)\u00a0 Megtekinthet\u0151 itt >>","rel":"","context":"In &quot;2018&quot;","img":{"alt_text":"","src":"","width":0,"height":0},"classes":[]},{"id":1771,"url":"https:\/\/bukkleader.hu\/old\/szakmai-beszamolo-2018-aprilis-1-2018-junius-30-ii-negyedev-idoszak-tevekenysegerol\/","url_meta":{"origin":1386,"position":4},"title":"Szakmai besz\u00e1mol\u00f3 (II. negyed\u00e9v)","date":"2018-08-15","format":false,"excerpt":"Szakmai besz\u00e1mol\u00f3 2018. \u00e1prilis 1. - 2018. j\u00fanius 30. k\u00f6z\u00f6tti id\u0151szak tev\u00e9kenys\u00e9g\u00e9r\u0151l.\u00a0(II. negyed\u00e9v) Megtekinthet\u0151 itt >>","rel":"","context":"In &quot;2018&quot;","img":{"alt_text":"","src":"","width":0,"height":0},"classes":[]},{"id":1941,"url":"https:\/\/bukkleader.hu\/old\/szakmai-beszamolo-2018-oktober-1-2018-december-31-iv-negyedev-idoszak-tevekenysegerol\/","url_meta":{"origin":1386,"position":5},"title":"Szakmai besz\u00e1mol\u00f3 2018. okt\u00f3ber 1. &#8211; 2018. december 31. (IV. negyed\u00e9v) id\u0151szak tev\u00e9kenys\u00e9g\u00e9r\u0151l","date":"2019-01-17","format":false,"excerpt":"Szakmai besz\u00e1mol\u00f3 2018. okt\u00f3ber 1. - 2018. december 31. (IV. negyed\u00e9v) id\u0151szak tev\u00e9kenys\u00e9g\u00e9r\u0151l.\u00a0 Megtekinthet\u0151 itt >>","rel":"","context":"In &quot;2018&quot;","img":{"alt_text":"","src":"","width":0,"height":0},"classes":[]}],"_links":{"self":[{"href":"https:\/\/bukkleader.hu\/old\/wp-json\/wp\/v2\/posts\/1386"}],"collection":[{"href":"https:\/\/bukkleader.hu\/old\/wp-json\/wp\/v2\/posts"}],"about":[{"href":"https:\/\/bukkleader.hu\/old\/wp-json\/wp\/v2\/types\/post"}],"author":[{"embeddable":true,"href":"https:\/\/bukkleader.hu\/old\/wp-json\/wp\/v2\/users\/4"}],"replies":[{"embeddable":true,"href":"https:\/\/bukkleader.hu\/old\/wp-json\/wp\/v2\/comments?post=1386"}],"version-history":[{"count":2,"href":"https:\/\/bukkleader.hu\/old\/wp-json\/wp\/v2\/posts\/1386\/revisions"}],"predecessor-version":[{"id":1389,"href":"https:\/\/bukkleader.hu\/old\/wp-json\/wp\/v2\/posts\/1386\/revisions\/1389"}],"wp:attachment":[{"href":"https:\/\/bukkleader.hu\/old\/wp-json\/wp\/v2\/media?parent=1386"}],"wp:term":[{"taxonomy":"category","embeddable":true,"href":"https:\/\/bukkleader.hu\/old\/wp-json\/wp\/v2\/categories?post=1386"},{"taxonomy":"post_tag","embeddable":true,"href":"https:\/\/bukkleader.hu\/old\/wp-json\/wp\/v2\/tags?post=1386"}],"curies":[{"name":"wp","href":"https:\/\/api.w.org\/{rel}","templated":true}]}}