{"id":1383,"date":"2017-10-31T09:01:32","date_gmt":"2017-10-31T08:01:32","guid":{"rendered":"https:\/\/bukkleader.hu\/old\/?p=1383"},"modified":"2017-10-31T09:01:32","modified_gmt":"2017-10-31T08:01:32","slug":"tisztelt-palyazoink-leader-helyi-felhivasok-kapcsan-az-ih-az-alabbi-kozlemenyt-jelentette-meg","status":"publish","type":"post","link":"https:\/\/bukkleader.hu\/old\/tisztelt-palyazoink-leader-helyi-felhivasok-kapcsan-az-ih-az-alabbi-kozlemenyt-jelentette-meg\/","title":{"rendered":"Tisztelt P\u00e1ly\u00e1z\u00f3ink! A LEADER helyi felh\u00edv\u00e1sok kapcs\u00e1n az IH az al\u00e1bbi k\u00f6zlem\u00e9nyt jelentette meg"},"content":{"rendered":"<p><strong>Tisztelt P\u00e1ly\u00e1z\u00f3k!<\/strong><\/p>\n<p>A LEADER helyi felh\u00edv\u00e1sok kapcs\u00e1n az IH az al\u00e1bbi k\u00f6zlem\u00e9nyt jelentette meg a <a href=\"http:\/\/www.palyazat.gov.hu\">www.palyazat.gov.hu<\/a> honlapon:<\/p>\n<p>A Minisztereln\u00f6ks\u00e9g Agr\u00e1r-vid\u00e9kfejleszt\u00e9si Programok\u00e9rt Felel\u0151s Helyettes \u00c1llamtitk\u00e1rs\u00e1ga, mint EMVA Ir\u00e1ny\u00edt\u00f3 Hat\u00f3s\u00e1g K\u00f6zlem\u00e9nye a LEADER helyi p\u00e1ly\u00e1zati felh\u00edv\u00e1sok megjelen\u00e9s\u00e9r\u0151l<\/p>\n<p>A LEADER helyi p\u00e1ly\u00e1zati felh\u00edv\u00e1sok megjelen\u00e9se a mai napt\u00f3l megkezd\u0151dik. A felh\u00edv\u00e1sok a Magyar \u00c1llamkincst\u00e1r honlapj\u00e1n \u00e9rhet\u0151ek el, az al\u00e1bbi linken:<\/p>\n<p><a href=\"https:\/\/www.mvh.allamkincstar.gov.hu\/leader-helyi-felhivasok\">https:\/\/www.mvh.allamkincstar.gov.hu\/leader-helyi-felhivasok<\/a><\/p>\n<p>A B\u00fckk-T\u00e9rs\u00e9gi LEADER Egyes\u00fclet k\u00e9t gazdas\u00e1gfejleszt\u00e9sre ir\u00e1nyul\u00f3 felh\u00edv\u00e1sa jelent meg.<\/p>\n<p>A Magyar \u00c1llamkincst\u00e1r VP Leader \u2013 Helyi felh\u00edv\u00e1s keres\u0151 \u201eHelyi felh\u00edv\u00e1s k\u00f3dja:\u201d rovatba a <strong>15-5-17 <\/strong>vagy a<strong> 15-6-17<\/strong> k\u00f3dok be\u00edr\u00e1s\u00e1val kereshet\u0151k \u00e9s nyithat\u00f3k meg a felh\u00edv\u00e1sok \u00e9s azok mell\u00e9kletei.<\/p>\n<div class=\"sharedaddy sd-sharing-enabled\"><div class=\"robots-nocontent sd-block sd-social sd-social-icon sd-sharing\"><h3 class=\"sd-title\">Share this:<\/h3><div class=\"sd-content\"><ul><li class=\"share-facebook\"><a rel=\"nofollow noopener noreferrer\" data-shared=\"sharing-facebook-1383\" class=\"share-facebook sd-button share-icon no-text\" href=\"https:\/\/bukkleader.hu\/old\/tisztelt-palyazoink-leader-helyi-felhivasok-kapcsan-az-ih-az-alabbi-kozlemenyt-jelentette-meg\/?share=facebook\" target=\"_blank\" title=\"Click to share on Facebook\"><span><\/span><span class=\"sharing-screen-reader-text\">Click to share on Facebook (Opens in new window)<\/span><\/a><\/li><li class=\"share-twitter\"><a rel=\"nofollow noopener noreferrer\" data-shared=\"sharing-twitter-1383\" class=\"share-twitter sd-button share-icon no-text\" href=\"https:\/\/bukkleader.hu\/old\/tisztelt-palyazoink-leader-helyi-felhivasok-kapcsan-az-ih-az-alabbi-kozlemenyt-jelentette-meg\/?share=twitter\" target=\"_blank\" title=\"Click to share on Twitter\"><span><\/span><span class=\"sharing-screen-reader-text\">Click to share on Twitter (Opens in new window)<\/span><\/a><\/li><li class=\"share-print\"><a rel=\"nofollow noopener noreferrer\" data-shared=\"\" class=\"share-print sd-button share-icon no-text\" href=\"https:\/\/bukkleader.hu\/old\/tisztelt-palyazoink-leader-helyi-felhivasok-kapcsan-az-ih-az-alabbi-kozlemenyt-jelentette-meg\/\" target=\"_blank\" title=\"Click to print\"><span><\/span><span class=\"sharing-screen-reader-text\">Click to print (Opens in new window)<\/span><\/a><\/li><li class=\"share-email\"><a rel=\"nofollow noopener noreferrer\" data-shared=\"\" class=\"share-email sd-button share-icon no-text\" href=\"https:\/\/bukkleader.hu\/old\/tisztelt-palyazoink-leader-helyi-felhivasok-kapcsan-az-ih-az-alabbi-kozlemenyt-jelentette-meg\/?share=email\" target=\"_blank\" title=\"Click to email this to a friend\"><span><\/span><span class=\"sharing-screen-reader-text\">Click to email this to a friend (Opens in new window)<\/span><\/a><\/li><li class=\"share-end\"><\/li><\/ul><\/div><\/div><\/div>","protected":false},"excerpt":{"rendered":"<p>Tisztelt P\u00e1ly\u00e1z\u00f3k! A LEADER helyi felh\u00edv\u00e1sok kapcs\u00e1n az IH az al\u00e1bbi k\u00f6zlem\u00e9nyt jelentette meg a www.palyazat.gov.hu honlapon: A Minisztereln\u00f6ks\u00e9g Agr\u00e1r-vid\u00e9kfejleszt\u00e9si Programok\u00e9rt Felel\u0151s Helyettes \u00c1llamtitk\u00e1rs\u00e1ga, mint EMVA Ir\u00e1ny\u00edt\u00f3 Hat\u00f3s\u00e1g K\u00f6zlem\u00e9nye a LEADER helyi p\u00e1ly\u00e1zati felh\u00edv\u00e1sok megjelen\u00e9s\u00e9r\u0151l A LEADER helyi p\u00e1ly\u00e1zati felh\u00edv\u00e1sok megjelen\u00e9se a mai napt\u00f3l megkezd\u0151dik. A felh\u00edv\u00e1sok a Magyar \u00c1llamkincst\u00e1r honlapj\u00e1n \u00e9rhet\u0151ek el, az al\u00e1bbi [&hellip;]<\/p>\n<div class=\"sharedaddy sd-sharing-enabled\"><div class=\"robots-nocontent sd-block sd-social sd-social-icon sd-sharing\"><h3 class=\"sd-title\">Share this:<\/h3><div class=\"sd-content\"><ul><li class=\"share-facebook\"><a rel=\"nofollow noopener noreferrer\" data-shared=\"sharing-facebook-1383\" class=\"share-facebook sd-button share-icon no-text\" href=\"https:\/\/bukkleader.hu\/old\/tisztelt-palyazoink-leader-helyi-felhivasok-kapcsan-az-ih-az-alabbi-kozlemenyt-jelentette-meg\/?share=facebook\" target=\"_blank\" title=\"Click to share on Facebook\"><span><\/span><span class=\"sharing-screen-reader-text\">Click to share on Facebook (Opens in new window)<\/span><\/a><\/li><li class=\"share-twitter\"><a rel=\"nofollow noopener noreferrer\" data-shared=\"sharing-twitter-1383\" class=\"share-twitter sd-button share-icon no-text\" href=\"https:\/\/bukkleader.hu\/old\/tisztelt-palyazoink-leader-helyi-felhivasok-kapcsan-az-ih-az-alabbi-kozlemenyt-jelentette-meg\/?share=twitter\" target=\"_blank\" title=\"Click to share on Twitter\"><span><\/span><span class=\"sharing-screen-reader-text\">Click to share on Twitter (Opens in new window)<\/span><\/a><\/li><li class=\"share-print\"><a rel=\"nofollow noopener noreferrer\" data-shared=\"\" class=\"share-print sd-button share-icon no-text\" href=\"https:\/\/bukkleader.hu\/old\/tisztelt-palyazoink-leader-helyi-felhivasok-kapcsan-az-ih-az-alabbi-kozlemenyt-jelentette-meg\/\" target=\"_blank\" title=\"Click to print\"><span><\/span><span class=\"sharing-screen-reader-text\">Click to print (Opens in new window)<\/span><\/a><\/li><li class=\"share-email\"><a rel=\"nofollow noopener noreferrer\" data-shared=\"\" class=\"share-email sd-button share-icon no-text\" href=\"https:\/\/bukkleader.hu\/old\/tisztelt-palyazoink-leader-helyi-felhivasok-kapcsan-az-ih-az-alabbi-kozlemenyt-jelentette-meg\/?share=email\" target=\"_blank\" title=\"Click to email this to a friend\"><span><\/span><span class=\"sharing-screen-reader-text\">Click to email this to a friend (Opens in new window)<\/span><\/a><\/li><li class=\"share-end\"><\/li><\/ul><\/div><\/div><\/div>","protected":false},"author":4,"featured_media":1384,"comment_status":"open","ping_status":"closed","sticky":false,"template":"","format":"standard","meta":{"_bbp_topic_count":0,"_bbp_reply_count":0,"_bbp_total_topic_count":0,"_bbp_total_reply_count":0,"_bbp_voice_count":0,"_bbp_anonymous_reply_count":0,"_bbp_topic_count_hidden":0,"_bbp_reply_count_hidden":0,"_bbp_forum_subforum_count":0,"spay_email":"","jetpack_publicize_message":"","jetpack_is_tweetstorm":false,"jetpack_publicize_feature_enabled":true},"categories":[1],"tags":[],"jetpack_featured_media_url":"https:\/\/bukkleader.hu\/old\/wp-content\/uploads\/2017\/10\/LEADER-logo-Jul09-32.jpg","jetpack_publicize_connections":[],"jetpack_sharing_enabled":true,"jetpack-related-posts":[{"id":1535,"url":"https:\/\/bukkleader.hu\/old\/tisztelt-palyazok-modosult-leader-tudomka-pontok-kialakitasa\/","url_meta":{"origin":1383,"position":0},"title":"Tisztelt P\u00e1ly\u00e1z\u00f3k!  M\u00f3dosult a LEADER TUDOMKA PONTOK KIALAK\u00cdT\u00c1SA felh\u00edv\u00e1s!","date":"2018-01-29","format":false,"excerpt":"Tisztelt P\u00e1ly\u00e1z\u00f3k! M\u00f3dosult a\u00a0LEADER TUDOMKA PONTOK KIALAK\u00cdT\u00c1SA (VP6-19.2.1.-15-1-17) helyi felh\u00edv\u00e1s: 1.2. A rendelkez\u00e9sre \u00e1ll\u00f3 forr\u00e1s 42 200 000 Ft-r\u00f3l 42 237 634 Ft-ra v\u00e1ltozott.\u00a0 A m\u00f3dosult felh\u00edv\u00e1s megtal\u00e1lhat\u00f3 a Magyar \u00c1llamkincst\u00e1r honlapj\u00e1n az al\u00e1bbi linken: https:\/\/www.mvh.allamkincstar.gov.hu\/leader-helyi-felhivasok","rel":"","context":"In &quot;H\u00edreink, k\u00f6zlem\u00e9nyeink&quot;","img":{"alt_text":"","src":"https:\/\/i2.wp.com\/bukkleader.hu\/old\/wp-content\/uploads\/2018\/01\/keny\u00e9rs\u00fct\u00e9s.jpg?resize=350%2C200&ssl=1","width":350,"height":200},"classes":[]},{"id":1525,"url":"https:\/\/bukkleader.hu\/old\/tisztelt-palyazok-modosult-leader-tudomka-falvak-fejlesztese-felhivas\/","url_meta":{"origin":1383,"position":1},"title":"Tisztelt P\u00e1ly\u00e1z\u00f3k!  M\u00f3dosult a LEADER TUDOMKA FALVAK FEJLESZT\u00c9SE FELH\u00cdV\u00c1S!","date":"2018-01-16","format":false,"excerpt":"Tisztelt P\u00e1ly\u00e1z\u00f3k! M\u00f3dosult a\u00a0LEADER TUDOMKA FALVAK FEJLESZT\u00c9SE (VP6-19.2.1.-15-2-17) helyi felh\u00edv\u00e1s: A projekt c\u00e9lj\u00e1hoz kapcsol\u00f3d\u00f3 \u00faj eszk\u00f6z\u00f6k beszerz\u00e9se a 3.1.2.2. (V\u00e1laszthat\u00f3, \u00f6n\u00e1ll\u00f3an nem t\u00e1mogathat\u00f3 tev\u00e9kenys\u00e9gek) pontb\u00f3l \u00e1tker\u00fclt a 3.1.2.1. (K\u00f6telez\u0151en megval\u00f3s\u00edtand\u00f3, \u00f6n\u00e1ll\u00f3an nem t\u00e1mogathat\u00f3 tev\u00e9kenys\u00e9gek) k\u00f6z\u00e9.\u00a0 A m\u00f3dosult felh\u00edv\u00e1s megtal\u00e1lhat\u00f3 a Magyar \u00c1llamkincst\u00e1r honlapj\u00e1n az al\u00e1bbi linken: Megtekint\u00e9s itt >>","rel":"","context":"In &quot;H\u00edreink, k\u00f6zlem\u00e9nyeink&quot;","img":{"alt_text":"","src":"https:\/\/i2.wp.com\/bukkleader.hu\/old\/wp-content\/uploads\/2018\/01\/muhi-csata.jpg?resize=350%2C200&ssl=1","width":350,"height":200},"classes":[]},{"id":1900,"url":"https:\/\/bukkleader.hu\/old\/tisztelt-palyazok-valtozas-a-helyi-palyazati-felhivasok-benyujtasanak-hataridejeben\/","url_meta":{"origin":1383,"position":2},"title":"Tisztelt P\u00e1ly\u00e1z\u00f3k! V\u00e1ltoz\u00e1s a helyi p\u00e1ly\u00e1zati felh\u00edv\u00e1sok beny\u00fajt\u00e1s\u00e1nak hat\u00e1ridej\u00e9ben!","date":"2018-12-13","format":false,"excerpt":"Tisztelt P\u00e1ly\u00e1z\u00f3k! V\u00e1ltoz\u00e1s a helyi p\u00e1ly\u00e1zati felh\u00edv\u00e1sok beny\u00fajt\u00e1s\u00e1nak hat\u00e1ridej\u00e9ben! A B\u00fckk-T\u00e9rs\u00e9gi LEADER Egyes\u00fclet helyi felh\u00edv\u00e1sai 2018. 12. 11-t\u0151l, az al\u00e1bbiak szerint m\u00f3dosultak: \u00a0\u00a0\u00a0 VP6-19.2.1.-15-1-17 (Leader Tudomka Pont) \u00a0\u00a0\u00a0\u00a0VP6-19.2.1.-15-2-17 (Leader Tudomka Falu) \u00a0\u00a0\u00a0\u00a0VP6-19.2.1.-15-3-17 (Leader Tudomka Tematikus K\u00f6zpontok) \u00a0\u00a0\u00a0\u00a0VP6-19.2.1.-15-5-17 (A m\u00falt-, a jelen \u00e9s a j\u00f6v\u0151 mesters\u00e9geinek fejleszt\u00e9se)) \u00a0\u00a0\u00a0\u00a0VP6-19.2.1.-15-7-17 (Saj\u00f3-, hern\u00e1d-v\u00f6lgyi bolg\u00e1rkert\u00e9szet)\u2026","rel":"","context":"In &quot;H\u00edreink, k\u00f6zlem\u00e9nyeink&quot;","img":{"alt_text":"","src":"https:\/\/i0.wp.com\/bukkleader.hu\/old\/wp-content\/uploads\/2018\/12\/hat\u00e1rid\u0151-modos\u00edt\u00e1s-2.jpg?resize=350%2C200&ssl=1","width":350,"height":200},"classes":[]},{"id":1973,"url":"https:\/\/bukkleader.hu\/old\/palyazok-figyelmebe-2019-03-31-en-zarulnak-a-helyi-felhivasokra-a-palyazatok-benyujtasa\/","url_meta":{"origin":1383,"position":3},"title":"P\u00e1ly\u00e1z\u00f3k figyelm\u00e9be! 2019.03.31-\u00e9n z\u00e1rulnak a helyi felh\u00edv\u00e1sokra a p\u00e1ly\u00e1zatok beny\u00fajt\u00e1sa","date":"2019-03-01","format":false,"excerpt":"Tisztelt P\u00e1ly\u00e1z\u00f3k! A B\u00fckk-T\u00e9rs\u00e9gi LEADER Egyes\u00fclet helyi felh\u00edv\u00e1sai 2019. 03. 31-\u00e9n lez\u00e1rulnak. Ezen id\u0151pontig az al\u00e1bbi felh\u00edv\u00e1sokra lehet m\u00e9g p\u00e1ly\u00e1zatot beny\u00fajtani: VP6-19.2.1.-15-1-17 (Leader Tudomka Pont) VP6-19.2.1.-15-2-17 (Leader Tudomka Falu) VP6-19.2.1.-15-3-17 (Leader Tudomka Tematikus K\u00f6zpontok) VP6-19.2.1.-15-5-17 (A m\u00falt-, a jelen \u00e9s a j\u00f6v\u0151 mesters\u00e9geinek fejleszt\u00e9se)) VP6-19.2.1.-15-7-17 (Saj\u00f3-, Hern\u00e1d-v\u00f6lgyi bolg\u00e1rkert\u00e9szet) VP6-19.2.1.-15-8-17 (Temetkez\u00e9si\u2026","rel":"","context":"In &quot;H\u00edreink, k\u00f6zlem\u00e9nyeink&quot;","img":{"alt_text":"","src":"https:\/\/i2.wp.com\/bukkleader.hu\/old\/wp-content\/uploads\/2017\/12\/danger.png?resize=350%2C200&ssl=1","width":350,"height":200},"classes":[]},{"id":1423,"url":"https:\/\/bukkleader.hu\/old\/tisztelt-palyazoink-bukk-tersegi-leader-egyesulet-osszes-palyazati-felhivasa-meghirdetesre-kerult\/","url_meta":{"origin":1383,"position":4},"title":"Tisztelt P\u00e1ly\u00e1z\u00f3ink! A B\u00fckk-T\u00e9rs\u00e9gi LEADER Egyes\u00fclet \u00f6sszes p\u00e1ly\u00e1zati felh\u00edv\u00e1sa meghirdet\u00e9sre ker\u00fclt.","date":"2017-12-05","format":false,"excerpt":"A B\u00fckk-T\u00e9rs\u00e9gi LEADER Egyes\u00fclet \u00f6sszes p\u00e1ly\u00e1zati felh\u00edv\u00e1sa meghirdet\u00e9sre ker\u00fclt. A felh\u00edv\u00e1sok a Magyar \u00c1llamkincst\u00e1r honlapj\u00e1n \u00e9rhet\u0151ek el, az al\u00e1bbi linken: Felh\u00edv\u00e1s >> K\u00e9t gazdas\u00e1gfejleszt\u00e9sre ir\u00e1nyul\u00f3 felh\u00edv\u00e1s jelent meg, melyek eset\u00e9ben a t\u00e1mogat\u00e1si k\u00e9relmeket 2018. 01. 02-t\u0151l lehet beny\u00fajtani. A tov\u00e1bbi hat, nem gazdas\u00e1gfejleszt\u00e9sre ir\u00e1nyul\u00f3 felh\u00edv\u00e1sokra a t\u00e1mogat\u00e1si k\u00e9relmek beny\u00fajt\u00e1s\u00e1nak kezdete\u2026","rel":"","context":"In &quot;H\u00edreink, k\u00f6zlem\u00e9nyeink&quot;","img":{"alt_text":"","src":"https:\/\/i2.wp.com\/bukkleader.hu\/old\/wp-content\/uploads\/2017\/12\/p\u00e1ly\u00e1zati-felh\u00edv\u00e1s.jpg?resize=350%2C200&ssl=1","width":350,"height":200},"classes":[]},{"id":1774,"url":"https:\/\/bukkleader.hu\/old\/a-bukk-tersegi-leader-egyesulet-alabbi-helyi-felhivasaira-lehet-meg-palyazatokat-benyujtani\/","url_meta":{"origin":1383,"position":5},"title":"A B\u00fckk-T\u00e9rs\u00e9gi LEADER Egyes\u00fclet al\u00e1bbi helyi felh\u00edv\u00e1saira lehet m\u00e9g p\u00e1ly\u00e1zatokat beny\u00fajtani","date":"2018-08-15","format":false,"excerpt":"Tisztelt P\u00e1ly\u00e1z\u00f3k! A B\u00fckk-T\u00e9rs\u00e9gi LEADER Egyes\u00fclet\u00a0 al\u00e1bbi helyi felh\u00edv\u00e1saira lehet m\u00e9g p\u00e1ly\u00e1zatokat beny\u00fajtani: \u00a0\u00a0\u00a0\u00a0A LEADER TUDOMKA PONTOK KIALAK\u00cdT\u00c1SA\u00a0(VP6-19.2.1.-15-1-17) \u00a0\u00a0\u00a0\u00a0A LEADER TUDOMKA FALVAK FEJLESZT\u00c9SE\u00a0(VP6-19.2.1.-15-2-17) \u00a0\u00a0\u00a0\u00a0A LEADER TUDOMKA TEMATIKUS K\u00d6ZPONTOK L\u00c9TES\u00cdT\u00c9S\u00c9NEK T\u00c1MOGAT\u00c1SA\u00a0(VP6-19.2.1.-15-3-17) \u00a0 \u00a0\u00a0A\u00a0M\u00daLT, JELEN \u00c9S A J\u00d6V\u0150 MESTERS\u00c9GEINEK FEJLESZT\u00c9SE\u00a0(VP6-19.2.1.-15-5-17) \u00a0\u00a0\u00a0\u00a0B\u00dcKKI \u00c9S B\u00dcKKL\u00c1BI R\u00c9TEGVIZEK HASZNOS\u00cdT\u00c1S\u00c1NAK FEJLESZT\u00c9SE\u00a0(VP6-19.2.1.-15-6-17) \u00a0\u00a0\u00a0\u00a0SAJ\u00d3 - HERN\u00c1D V\u00d6LGYI BOLG\u00c1RKERT\u00c9SZETI HAGYOM\u00c1NYOK\u2026","rel":"","context":"In &quot;H\u00edreink, k\u00f6zlem\u00e9nyeink&quot;","img":{"alt_text":"","src":"https:\/\/i2.wp.com\/bukkleader.hu\/old\/wp-content\/uploads\/2018\/08\/p\u00e1ly\u00e1zati-lehet\u0151s\u00e9gek.3.jpg?resize=350%2C200&ssl=1","width":350,"height":200},"classes":[]}],"_links":{"self":[{"href":"https:\/\/bukkleader.hu\/old\/wp-json\/wp\/v2\/posts\/1383"}],"collection":[{"href":"https:\/\/bukkleader.hu\/old\/wp-json\/wp\/v2\/posts"}],"about":[{"href":"https:\/\/bukkleader.hu\/old\/wp-json\/wp\/v2\/types\/post"}],"author":[{"embeddable":true,"href":"https:\/\/bukkleader.hu\/old\/wp-json\/wp\/v2\/users\/4"}],"replies":[{"embeddable":true,"href":"https:\/\/bukkleader.hu\/old\/wp-json\/wp\/v2\/comments?post=1383"}],"version-history":[{"count":1,"href":"https:\/\/bukkleader.hu\/old\/wp-json\/wp\/v2\/posts\/1383\/revisions"}],"predecessor-version":[{"id":1385,"href":"https:\/\/bukkleader.hu\/old\/wp-json\/wp\/v2\/posts\/1383\/revisions\/1385"}],"wp:featuredmedia":[{"embeddable":true,"href":"https:\/\/bukkleader.hu\/old\/wp-json\/wp\/v2\/media\/1384"}],"wp:attachment":[{"href":"https:\/\/bukkleader.hu\/old\/wp-json\/wp\/v2\/media?parent=1383"}],"wp:term":[{"taxonomy":"category","embeddable":true,"href":"https:\/\/bukkleader.hu\/old\/wp-json\/wp\/v2\/categories?post=1383"},{"taxonomy":"post_tag","embeddable":true,"href":"https:\/\/bukkleader.hu\/old\/wp-json\/wp\/v2\/tags?post=1383"}],"curies":[{"name":"wp","href":"https:\/\/api.w.org\/{rel}","templated":true}]}}