{"id":1335,"date":"2017-05-21T10:25:19","date_gmt":"2017-05-21T08:25:19","guid":{"rendered":"https:\/\/bukkleader.hu\/old\/?p=1335"},"modified":"2017-05-21T10:25:19","modified_gmt":"2017-05-21T08:25:19","slug":"btle-taggyules-sajokeresztur","status":"publish","type":"post","link":"https:\/\/bukkleader.hu\/old\/btle-taggyules-sajokeresztur\/","title":{"rendered":"BTLE Taggy\u0171l\u00e9s &#8211; Saj\u00f3kereszt\u00far"},"content":{"rendered":"<p>A B\u00fckk-T\u00e9rs\u00e9gi LEADER Egyes\u00fclet tisztelettel megh\u00edvja tagjait 2017. 05. 29-\u00e9n 16 \u00f3rakor kezd\u0151d\u0151 taggy\u0171l\u00e9s\u00e9re, a mell\u00e9kelt megh\u00edv\u00f3 szerint: \u00a0<\/p>\n<p><a href=\"https:\/\/bukkleader.hu\/old\/wp-content\/uploads\/2017\/05\/Megh\u00edv\u00f3_2017_05_29.pdf\">TAGGY\u0170L\u00c9SI MEGH\u00cdV\u00d3\u00a0<\/a><\/p>\n<div class=\"sharedaddy sd-sharing-enabled\"><div class=\"robots-nocontent sd-block sd-social sd-social-icon sd-sharing\"><h3 class=\"sd-title\">Share this:<\/h3><div class=\"sd-content\"><ul><li class=\"share-facebook\"><a rel=\"nofollow noopener noreferrer\" data-shared=\"sharing-facebook-1335\" class=\"share-facebook sd-button share-icon no-text\" href=\"https:\/\/bukkleader.hu\/old\/btle-taggyules-sajokeresztur\/?share=facebook\" target=\"_blank\" title=\"Click to share on Facebook\"><span><\/span><span class=\"sharing-screen-reader-text\">Click to share on Facebook (Opens in new window)<\/span><\/a><\/li><li class=\"share-twitter\"><a rel=\"nofollow noopener noreferrer\" data-shared=\"sharing-twitter-1335\" class=\"share-twitter sd-button share-icon no-text\" href=\"https:\/\/bukkleader.hu\/old\/btle-taggyules-sajokeresztur\/?share=twitter\" target=\"_blank\" title=\"Click to share on Twitter\"><span><\/span><span class=\"sharing-screen-reader-text\">Click to share on Twitter (Opens in new window)<\/span><\/a><\/li><li class=\"share-print\"><a rel=\"nofollow noopener noreferrer\" data-shared=\"\" class=\"share-print sd-button share-icon no-text\" href=\"https:\/\/bukkleader.hu\/old\/btle-taggyules-sajokeresztur\/\" target=\"_blank\" title=\"Click to print\"><span><\/span><span class=\"sharing-screen-reader-text\">Click to print (Opens in new window)<\/span><\/a><\/li><li class=\"share-email\"><a rel=\"nofollow noopener noreferrer\" data-shared=\"\" class=\"share-email sd-button share-icon no-text\" href=\"https:\/\/bukkleader.hu\/old\/btle-taggyules-sajokeresztur\/?share=email\" target=\"_blank\" title=\"Click to email this to a friend\"><span><\/span><span class=\"sharing-screen-reader-text\">Click to email this to a friend (Opens in new window)<\/span><\/a><\/li><li class=\"share-end\"><\/li><\/ul><\/div><\/div><\/div>","protected":false},"excerpt":{"rendered":"<p>A B\u00fckk-T\u00e9rs\u00e9gi LEADER Egyes\u00fclet tisztelettel megh\u00edvja tagjait 2017. 05. 29-\u00e9n 16 \u00f3rakor kezd\u0151d\u0151 taggy\u0171l\u00e9s\u00e9re, a mell\u00e9kelt megh\u00edv\u00f3 szerint: \u00a0 TAGGY\u0170L\u00c9SI MEGH\u00cdV\u00d3\u00a0<\/p>\n<div class=\"sharedaddy sd-sharing-enabled\"><div class=\"robots-nocontent sd-block sd-social sd-social-icon sd-sharing\"><h3 class=\"sd-title\">Share this:<\/h3><div class=\"sd-content\"><ul><li class=\"share-facebook\"><a rel=\"nofollow noopener noreferrer\" data-shared=\"sharing-facebook-1335\" class=\"share-facebook sd-button share-icon no-text\" href=\"https:\/\/bukkleader.hu\/old\/btle-taggyules-sajokeresztur\/?share=facebook\" target=\"_blank\" title=\"Click to share on Facebook\"><span><\/span><span class=\"sharing-screen-reader-text\">Click to share on Facebook (Opens in new window)<\/span><\/a><\/li><li class=\"share-twitter\"><a rel=\"nofollow noopener noreferrer\" data-shared=\"sharing-twitter-1335\" class=\"share-twitter sd-button share-icon no-text\" href=\"https:\/\/bukkleader.hu\/old\/btle-taggyules-sajokeresztur\/?share=twitter\" target=\"_blank\" title=\"Click to share on Twitter\"><span><\/span><span class=\"sharing-screen-reader-text\">Click to share on Twitter (Opens in new window)<\/span><\/a><\/li><li class=\"share-print\"><a rel=\"nofollow noopener noreferrer\" data-shared=\"\" class=\"share-print sd-button share-icon no-text\" href=\"https:\/\/bukkleader.hu\/old\/btle-taggyules-sajokeresztur\/\" target=\"_blank\" title=\"Click to print\"><span><\/span><span class=\"sharing-screen-reader-text\">Click to print (Opens in new window)<\/span><\/a><\/li><li class=\"share-email\"><a rel=\"nofollow noopener noreferrer\" data-shared=\"\" class=\"share-email sd-button share-icon no-text\" href=\"https:\/\/bukkleader.hu\/old\/btle-taggyules-sajokeresztur\/?share=email\" target=\"_blank\" title=\"Click to email this to a friend\"><span><\/span><span class=\"sharing-screen-reader-text\">Click to email this to a friend (Opens in new window)<\/span><\/a><\/li><li class=\"share-end\"><\/li><\/ul><\/div><\/div><\/div>","protected":false},"author":4,"featured_media":1337,"comment_status":"open","ping_status":"closed","sticky":false,"template":"","format":"standard","meta":{"_bbp_topic_count":0,"_bbp_reply_count":0,"_bbp_total_topic_count":0,"_bbp_total_reply_count":0,"_bbp_voice_count":0,"_bbp_anonymous_reply_count":0,"_bbp_topic_count_hidden":0,"_bbp_reply_count_hidden":0,"_bbp_forum_subforum_count":0,"spay_email":"","jetpack_publicize_message":"","jetpack_is_tweetstorm":false,"jetpack_publicize_feature_enabled":true},"categories":[1],"tags":[],"jetpack_featured_media_url":"https:\/\/bukkleader.hu\/old\/wp-content\/uploads\/2017\/05\/Sajokeresztur.jpg","jetpack_publicize_connections":[],"jetpack_sharing_enabled":true,"jetpack-related-posts":[{"id":800,"url":"https:\/\/bukkleader.hu\/old\/meghivo-elnoksegi-ulesre\/","url_meta":{"origin":1335,"position":0},"title":"MEGH\u00cdV\u00d3 &#8211; Eln\u00f6ks\u00e9gi \u00fcl\u00e9sre","date":"2016-02-02","format":false,"excerpt":"A B\u00fckk-T\u00e9rs\u00e9gi LEADER Egyes\u00fclet Eln\u00f6ks\u00e9gi \u00fcl\u00e9st tart a mell\u00e9kelt megh\u00edv\u00f3 szerintMegh\u00edv\u00f3 let\u00f6lt\u00e9se >>\u00a0Meghiv\u00f3 eln\u00f6ks\u00e9gi \u00fcl\u00e9sre","rel":"","context":"In &quot;H\u00edreink, k\u00f6zlem\u00e9nyeink&quot;","img":{"alt_text":"","src":"https:\/\/i1.wp.com\/bukkleader.hu\/old\/wp-content\/uploads\/2016\/02\/eln\u00f6ks\u00e9gi1.jpg?resize=350%2C200&ssl=1","width":350,"height":200},"classes":[]},{"id":777,"url":"https:\/\/bukkleader.hu\/old\/meghivo-forumra-kistokaj\/","url_meta":{"origin":1335,"position":1},"title":"MEGH\u00cdV\u00d3 F\u00f3rumra &#8211; Kistokaj","date":"2016-01-11","format":false,"excerpt":"Tisztelt Tagjaink!Tisztelettel megh\u00edvjuk \u00d6n\u00f6ket a csatolt megh\u00edv\u00f3ban szerepl\u0151 rendezv\u00e9nyre. K\u00e9rj\u00fck r\u00e9szv\u00e9teli sz\u00e1nd\u00e9kukat e-mailen jelezni sz\u00edveskedjenek!Megh\u00edv\u00f3 let\u00f6lt\u00e9se itt >>Megh\u00edv\u00f3\u00a0","rel":"","context":"In &quot;H\u00edreink, k\u00f6zlem\u00e9nyeink&quot;","img":{"alt_text":"","src":"https:\/\/i2.wp.com\/bukkleader.hu\/old\/wp-content\/uploads\/2016\/01\/kistokaj-\u00c1MK.jpg?resize=350%2C200&ssl=1","width":350,"height":200},"classes":[]},{"id":796,"url":"https:\/\/bukkleader.hu\/old\/meghivo-tervezest-koordinalo-csoport-ulesre\/","url_meta":{"origin":1335,"position":2},"title":"MEGH\u00cdV\u00d3 &#8211; Tervez\u00e9st Koordin\u00e1l\u00f3 Csoport \u00fcl\u00e9sre","date":"2016-02-02","format":false,"excerpt":"A B\u00fckk-T\u00e9rs\u00e9gi LEADER Egyes\u00fclet TKCS \u00fcl\u00e9st tart a tagoknak a mell\u00e9kelt megh\u00edv\u00f3 szerint\u00a0Megh\u00edv\u00f3 let\u00f6lt\u00e9se >>TKCS megh\u00edv\u00f3","rel":"","context":"In &quot;H\u00edreink, k\u00f6zlem\u00e9nyeink&quot;","img":{"alt_text":"","src":"https:\/\/i2.wp.com\/bukkleader.hu\/old\/wp-content\/uploads\/2016\/02\/TKCS-\u00fcl\u00e9s.jpg?resize=350%2C200&ssl=1","width":350,"height":200},"classes":[]},{"id":825,"url":"https:\/\/bukkleader.hu\/old\/meghivo-elnoksegi-ulesre-2\/","url_meta":{"origin":1335,"position":3},"title":"MEGH\u00cdV\u00d3 &#8211; Eln\u00f6ks\u00e9gi \u00dcl\u00e9sre","date":"2016-02-22","format":false,"excerpt":"A B\u00fckk-T\u00e9rs\u00e9gi LEADER Egyes\u00fclet t\u00e1j\u00e9koztatja a Tisztelt Eln\u00f6ks\u00e9gi Tagokat, hogy Eln\u00f6ks\u00e9gi \u00dcl\u00e9st tartunk a mell\u00e9kelt megh\u00edv\u00f3 szerint. Megjelen\u00e9setekre sz\u00e1m\u00edtunk!\u00a0Megh\u00edv\u00f3 let\u00f6lt\u00e9se itt >> Megh\u00edv\u00f3 - Eln\u00f6ks\u00e9gi \u00dcl\u00e9sre\u00a0","rel":"","context":"In &quot;H\u00edreink, k\u00f6zlem\u00e9nyeink&quot;","img":{"alt_text":"","src":"https:\/\/i0.wp.com\/bukkleader.hu\/old\/wp-content\/uploads\/2016\/02\/eln\u00f6ks\u00e9gi2.jpg?resize=350%2C200&ssl=1","width":350,"height":200},"classes":[]},{"id":486,"url":"https:\/\/bukkleader.hu\/old\/meghivo-videkfejlesztesi-program-ismertetesere\/","url_meta":{"origin":1335,"position":4},"title":"Megh\u00edv\u00f3 vid\u00e9kfejleszt\u00e9si program ismertet\u00e9s\u00e9re","date":"2015-10-21","format":false,"excerpt":"A B\u00fckk-T\u00e9rs\u00e9gi LEADER Egyes\u00fclet Helyi Fejleszt\u00e9si Strat\u00e9gia tervez\u00e9si f\u00f3rumot tart R\u00e9p\u00e1shut\u00e1n, a mell\u00e9kelt megh\u00edv\u00f3 szerint. Minden \u00e9rdekl\u0151d\u0151t v\u00e1runk!Megh\u00edv\u00f3 let\u00f6lthet\u0151 itt >>","rel":"","context":"In &quot;H\u00edreink, k\u00f6zlem\u00e9nyeink&quot;","img":{"alt_text":"Megh\u00edv\u00f3 vid\u00e9kfejleszt\u00e9si strat\u00e9gia ismertet\u00e9s\u00e9re","src":"https:\/\/i0.wp.com\/bukkleader.hu\/old\/wp-content\/uploads\/2015\/10\/repashuta-w.jpg?resize=350%2C200&ssl=1","width":350,"height":200},"classes":[]},{"id":598,"url":"https:\/\/bukkleader.hu\/old\/meghivo-helyi-fejlesztesi-strategia-tervezesi-forumra-hernadkak\/","url_meta":{"origin":1335,"position":5},"title":"Megh\u00edv\u00f3 Helyi Fejleszt\u00e9si Strat\u00e9gia tervez\u00e9si f\u00f3rumra &#8211; Hern\u00e1dkak","date":"2015-11-12","format":false,"excerpt":"Megh\u00edv\u00f3 Helyi Fejleszt\u00e9si Strat\u00e9gia tervez\u00e9si f\u00f3rumra - Hern\u00e1dkak. A mell\u00e9kelt megh\u00edv\u00f3 szerint. Minden \u00e9rdekl\u0151d\u0151t v\u00e1runk!Megh\u00edv\u00f3 let\u00f6lt\u00e9se itt\u203a\u203a","rel":"","context":"In &quot;H\u00edreink, k\u00f6zlem\u00e9nyeink&quot;","img":{"alt_text":"","src":"https:\/\/i1.wp.com\/bukkleader.hu\/old\/wp-content\/uploads\/2015\/11\/hernadkak-w.jpeg?resize=350%2C200&ssl=1","width":350,"height":200},"classes":[]}],"_links":{"self":[{"href":"https:\/\/bukkleader.hu\/old\/wp-json\/wp\/v2\/posts\/1335"}],"collection":[{"href":"https:\/\/bukkleader.hu\/old\/wp-json\/wp\/v2\/posts"}],"about":[{"href":"https:\/\/bukkleader.hu\/old\/wp-json\/wp\/v2\/types\/post"}],"author":[{"embeddable":true,"href":"https:\/\/bukkleader.hu\/old\/wp-json\/wp\/v2\/users\/4"}],"replies":[{"embeddable":true,"href":"https:\/\/bukkleader.hu\/old\/wp-json\/wp\/v2\/comments?post=1335"}],"version-history":[{"count":1,"href":"https:\/\/bukkleader.hu\/old\/wp-json\/wp\/v2\/posts\/1335\/revisions"}],"predecessor-version":[{"id":1338,"href":"https:\/\/bukkleader.hu\/old\/wp-json\/wp\/v2\/posts\/1335\/revisions\/1338"}],"wp:featuredmedia":[{"embeddable":true,"href":"https:\/\/bukkleader.hu\/old\/wp-json\/wp\/v2\/media\/1337"}],"wp:attachment":[{"href":"https:\/\/bukkleader.hu\/old\/wp-json\/wp\/v2\/media?parent=1335"}],"wp:term":[{"taxonomy":"category","embeddable":true,"href":"https:\/\/bukkleader.hu\/old\/wp-json\/wp\/v2\/categories?post=1335"},{"taxonomy":"post_tag","embeddable":true,"href":"https:\/\/bukkleader.hu\/old\/wp-json\/wp\/v2\/tags?post=1335"}],"curies":[{"name":"wp","href":"https:\/\/api.w.org\/{rel}","templated":true}]}}