{"id":1322,"date":"2017-04-13T20:33:13","date_gmt":"2017-04-13T18:33:13","guid":{"rendered":"https:\/\/bukkleader.hu\/old\/?p=1322"},"modified":"2017-04-13T20:34:24","modified_gmt":"2017-04-13T18:34:24","slug":"m-e-g-h-v-o-efop-tajekoztato-polgarmesterek-szamara","status":"publish","type":"post","link":"https:\/\/bukkleader.hu\/old\/m-e-g-h-v-o-efop-tajekoztato-polgarmesterek-szamara\/","title":{"rendered":"M e g h \u00ed v \u00f3 &#8211; EFOP t\u00e1j\u00e9koztat\u00f3 Polg\u00e1rmesterek sz\u00e1m\u00e1ra"},"content":{"rendered":"<p>A B\u00fckk-T\u00e9rs\u00e9gi LEADER Egyes\u00fclet EFOP munkacsoportja a vid\u00e9kfejleszt\u00e9si k\u00f6z\u00f6ss\u00e9g\u00fcnk sz\u00e1m\u00e1ra ki\u00edrt EFOP 1.7.1-17 \u00e9s az EFOP 2.3.1 -17 t\u00e1mogat\u00e1si rendszer lehet\u0151s\u00e9geir\u0151l szakmai t\u00e1j\u00e9koztat\u00f3 f\u00f3rumot tart, 2017. 04. 19-\u00e9n, melyre szeretettel megh\u00edvjuk Polg\u00e1rmester Asszonyt\/ Urat a mell\u00e9kelt megh\u00edv\u00f3 szerint.\u00a0<\/p>\n<p><a href=\"https:\/\/bukkleader.hu\/old\/wp-content\/uploads\/2017\/04\/BTLE-EFOP-Polg\u00e1rmestei-F\u00f3rum-Megh\u00edv\u00f3.pdf\">MEGH\u00cdV\u00d3\u00a0<\/a><\/p>\n<div class=\"sharedaddy sd-sharing-enabled\"><div class=\"robots-nocontent sd-block sd-social sd-social-icon sd-sharing\"><h3 class=\"sd-title\">Share this:<\/h3><div class=\"sd-content\"><ul><li class=\"share-facebook\"><a rel=\"nofollow noopener noreferrer\" data-shared=\"sharing-facebook-1322\" class=\"share-facebook sd-button share-icon no-text\" href=\"https:\/\/bukkleader.hu\/old\/m-e-g-h-v-o-efop-tajekoztato-polgarmesterek-szamara\/?share=facebook\" target=\"_blank\" title=\"Click to share on Facebook\"><span><\/span><span class=\"sharing-screen-reader-text\">Click to share on Facebook (Opens in new window)<\/span><\/a><\/li><li class=\"share-twitter\"><a rel=\"nofollow noopener noreferrer\" data-shared=\"sharing-twitter-1322\" class=\"share-twitter sd-button share-icon no-text\" href=\"https:\/\/bukkleader.hu\/old\/m-e-g-h-v-o-efop-tajekoztato-polgarmesterek-szamara\/?share=twitter\" target=\"_blank\" title=\"Click to share on Twitter\"><span><\/span><span class=\"sharing-screen-reader-text\">Click to share on Twitter (Opens in new window)<\/span><\/a><\/li><li class=\"share-print\"><a rel=\"nofollow noopener noreferrer\" data-shared=\"\" class=\"share-print sd-button share-icon no-text\" href=\"https:\/\/bukkleader.hu\/old\/m-e-g-h-v-o-efop-tajekoztato-polgarmesterek-szamara\/\" target=\"_blank\" title=\"Click to print\"><span><\/span><span class=\"sharing-screen-reader-text\">Click to print (Opens in new window)<\/span><\/a><\/li><li class=\"share-email\"><a rel=\"nofollow noopener noreferrer\" data-shared=\"\" class=\"share-email sd-button share-icon no-text\" href=\"https:\/\/bukkleader.hu\/old\/m-e-g-h-v-o-efop-tajekoztato-polgarmesterek-szamara\/?share=email\" target=\"_blank\" title=\"Click to email this to a friend\"><span><\/span><span class=\"sharing-screen-reader-text\">Click to email this to a friend (Opens in new window)<\/span><\/a><\/li><li class=\"share-end\"><\/li><\/ul><\/div><\/div><\/div>","protected":false},"excerpt":{"rendered":"<p>A B\u00fckk-T\u00e9rs\u00e9gi LEADER Egyes\u00fclet EFOP munkacsoportja a vid\u00e9kfejleszt\u00e9si k\u00f6z\u00f6ss\u00e9g\u00fcnk sz\u00e1m\u00e1ra ki\u00edrt EFOP 1.7.1-17 \u00e9s az EFOP 2.3.1 -17 t\u00e1mogat\u00e1si rendszer lehet\u0151s\u00e9geir\u0151l szakmai t\u00e1j\u00e9koztat\u00f3 f\u00f3rumot tart, 2017. 04. 19-\u00e9n, melyre szeretettel megh\u00edvjuk Polg\u00e1rmester Asszonyt\/ Urat a mell\u00e9kelt megh\u00edv\u00f3 szerint.\u00a0 MEGH\u00cdV\u00d3\u00a0<\/p>\n<div class=\"sharedaddy sd-sharing-enabled\"><div class=\"robots-nocontent sd-block sd-social sd-social-icon sd-sharing\"><h3 class=\"sd-title\">Share this:<\/h3><div class=\"sd-content\"><ul><li class=\"share-facebook\"><a rel=\"nofollow noopener noreferrer\" data-shared=\"sharing-facebook-1322\" class=\"share-facebook sd-button share-icon no-text\" href=\"https:\/\/bukkleader.hu\/old\/m-e-g-h-v-o-efop-tajekoztato-polgarmesterek-szamara\/?share=facebook\" target=\"_blank\" title=\"Click to share on Facebook\"><span><\/span><span class=\"sharing-screen-reader-text\">Click to share on Facebook (Opens in new window)<\/span><\/a><\/li><li class=\"share-twitter\"><a rel=\"nofollow noopener noreferrer\" data-shared=\"sharing-twitter-1322\" class=\"share-twitter sd-button share-icon no-text\" href=\"https:\/\/bukkleader.hu\/old\/m-e-g-h-v-o-efop-tajekoztato-polgarmesterek-szamara\/?share=twitter\" target=\"_blank\" title=\"Click to share on Twitter\"><span><\/span><span class=\"sharing-screen-reader-text\">Click to share on Twitter (Opens in new window)<\/span><\/a><\/li><li class=\"share-print\"><a rel=\"nofollow noopener noreferrer\" data-shared=\"\" class=\"share-print sd-button share-icon no-text\" href=\"https:\/\/bukkleader.hu\/old\/m-e-g-h-v-o-efop-tajekoztato-polgarmesterek-szamara\/\" target=\"_blank\" title=\"Click to print\"><span><\/span><span class=\"sharing-screen-reader-text\">Click to print (Opens in new window)<\/span><\/a><\/li><li class=\"share-email\"><a rel=\"nofollow noopener noreferrer\" data-shared=\"\" class=\"share-email sd-button share-icon no-text\" href=\"https:\/\/bukkleader.hu\/old\/m-e-g-h-v-o-efop-tajekoztato-polgarmesterek-szamara\/?share=email\" target=\"_blank\" title=\"Click to email this to a friend\"><span><\/span><span class=\"sharing-screen-reader-text\">Click to email this to a friend (Opens in new window)<\/span><\/a><\/li><li class=\"share-end\"><\/li><\/ul><\/div><\/div><\/div>","protected":false},"author":4,"featured_media":1324,"comment_status":"open","ping_status":"closed","sticky":false,"template":"","format":"standard","meta":{"_bbp_topic_count":0,"_bbp_reply_count":0,"_bbp_total_topic_count":0,"_bbp_total_reply_count":0,"_bbp_voice_count":0,"_bbp_anonymous_reply_count":0,"_bbp_topic_count_hidden":0,"_bbp_reply_count_hidden":0,"_bbp_forum_subforum_count":0,"spay_email":"","jetpack_publicize_message":"","jetpack_is_tweetstorm":false,"jetpack_publicize_feature_enabled":true},"categories":[1],"tags":[],"jetpack_featured_media_url":"https:\/\/bukkleader.hu\/old\/wp-content\/uploads\/2017\/04\/Kezek-2.jpg","jetpack_publicize_connections":[],"jetpack_sharing_enabled":true,"jetpack-related-posts":[{"id":1491,"url":"https:\/\/bukkleader.hu\/old\/tajekoztato-forum-helyi-felhivasokrol-hernadnemeti\/","url_meta":{"origin":1322,"position":0},"title":"T\u00e1j\u00e9koztat\u00f3 F\u00f3rum a helyi felh\u00edv\u00e1sokr\u00f3l &#8211; Hern\u00e1dn\u00e9meti","date":"2018-01-02","format":false,"excerpt":"A B\u00fckk-T\u00e9rs\u00e9gi LEADER Egyes\u00fclet t\u00e1j\u00e9koztat\u00f3 f\u00f3rumot tart 2018. 01. 10-\u00e9n 17 \u00f3r\u00e1t\u00f3l Hern\u00e1dn\u00e9metiben Polg\u00e1rmesteri Hivatal H\u00e1zass\u00e1gk\u00f6t\u0151 Term\u00e9ben a megjelent helyi felh\u00edv\u00e1sokr\u00f3l, a mell\u00e9kelt megh\u00edv\u00f3 szerint.\u00a0 Megh\u00edv\u00f3 >>","rel":"","context":"In &quot;H\u00edreink, k\u00f6zlem\u00e9nyeink&quot;","img":{"alt_text":"","src":"https:\/\/i1.wp.com\/bukkleader.hu\/old\/wp-content\/uploads\/2016\/11\/hernadn\u00e9meti-kast\u00e9ly.jpg?resize=350%2C200&ssl=1","width":350,"height":200},"classes":[]},{"id":1496,"url":"https:\/\/bukkleader.hu\/old\/tajekoztato-forum-helyi-felhivasokrol-repashuta\/","url_meta":{"origin":1322,"position":1},"title":"T\u00e1j\u00e9koztat\u00f3 F\u00f3rum a helyi felh\u00edv\u00e1sokr\u00f3l &#8211; R\u00e9p\u00e1shuta","date":"2018-01-04","format":false,"excerpt":"A B\u00fckk-T\u00e9rs\u00e9gi LEADER Egyes\u00fclet t\u00e1j\u00e9koztat\u00f3 f\u00f3rumot tart 2018. 01. 11-\u00e9n 17 \u00f3r\u00e1t\u00f3l R\u00e9p\u00e1shut\u00e1n a M\u0171vel\u0151d\u00e9si H\u00e1zban a megjelent helyi felh\u00edv\u00e1sokr\u00f3l, a mell\u00e9kelt megh\u00edv\u00f3 szerint.\u00a0 Megh\u00edv\u00f3 >>","rel":"","context":"In &quot;H\u00edreink, k\u00f6zlem\u00e9nyeink&quot;","img":{"alt_text":"","src":"https:\/\/i1.wp.com\/bukkleader.hu\/old\/wp-content\/uploads\/2016\/09\/B\u00fckkszent-\u00e9s-r\u00e9p\u00e1shuta-k\u00f6z\u00f6tt.jpg?resize=350%2C200&ssl=1","width":350,"height":200},"classes":[]},{"id":1437,"url":"https:\/\/bukkleader.hu\/old\/tajekoztato-forum-helyi-felhivasokrol-bocs\/","url_meta":{"origin":1322,"position":2},"title":"ID\u0150PONTV\u00c1LTOZ\u00c1S! T\u00e1j\u00e9koztat\u00f3 F\u00f3rum a helyi felh\u00edv\u00e1sokr\u00f3l &#8211; B\u0151cs","date":"2017-12-15","format":false,"excerpt":"ID\u0150PONTV\u00c1LTOZ\u00c1S! A B\u00fckk-T\u00e9rs\u00e9gi LEADER Egyes\u00fclet t\u00e1j\u00e9koztat\u00f3 f\u00f3ruma B\u0151cs\u00f6n az eredetileg meghirdetett 2018. 01. 05-i id\u0151pont helyett 2018. 01. 12-\u00e9n 17 \u00f3r\u00e1t\u00f3l lesz, a mell\u00e9kelt megh\u00edv\u00f3 szerint:\u00a0\u00a0 Megh\u00edv\u00f3 >>","rel":"","context":"In &quot;H\u00edreink, k\u00f6zlem\u00e9nyeink&quot;","img":{"alt_text":"","src":"https:\/\/i1.wp.com\/bukkleader.hu\/old\/wp-content\/uploads\/2016\/01\/b\u0151cs-faluh\u00e1z.jpg?resize=350%2C200&ssl=1","width":350,"height":200},"classes":[]},{"id":2394,"url":"https:\/\/bukkleader.hu\/old\/meghivo-szakmai-forumra-a-megjeleno-turisztikai-felhivasrol-2020-02-10-bukkszentkereszt\/","url_meta":{"origin":1322,"position":3},"title":"T\u00e1j\u00e9koztat\u00f3 f\u00f3rum a helyi szerepl\u0151k felk\u00e9sz\u00edt\u00e9s\u00e9nek \u00e9rdek\u00e9ben B\u00fckkszentkereszten","date":"2020-02-03","format":false,"excerpt":"A B\u00fckk-T\u00e9rs\u00e9gi LEADER Egyes\u00fclet t\u00e1j\u00e9koztat\u00f3 f\u00f3rumot tart 2020. 02. 10-\u00e9n 17:00 \u00f3r\u00e1t\u00f3l B\u00fckkszentkereszten a helyi szerepl\u0151k felk\u00e9sz\u00edt\u00e9s\u00e9nek \u00e9rdek\u00e9ben a megjelen\u0151 helyi felh\u00edv\u00e1sr\u00f3l, melyre szeretettel megh\u00edvjuk a HACS ter\u00fclet\u00e9r\u0151l a lakosokat, civil szervezeteket, egyh\u00e1zk\u00f6zs\u00e9geket, v\u00e1llalkoz\u00e1sokat, \u00f6nkorm\u00e1nyzatokat.","rel":"","context":"In &quot;H\u00edreink, k\u00f6zlem\u00e9nyeink&quot;","img":{"alt_text":"","src":"https:\/\/i0.wp.com\/bukkleader.hu\/old\/wp-content\/uploads\/2017\/12\/B\u00fckkszent-t\u00e9len.jpg?resize=350%2C200&ssl=1","width":350,"height":200},"classes":[]},{"id":1216,"url":"https:\/\/bukkleader.hu\/old\/szakmai-forum-bogacs\/","url_meta":{"origin":1322,"position":4},"title":"Szakmai F\u00f3rum &#8211; Bog\u00e1cs","date":"2016-11-10","format":false,"excerpt":"\u00a0A B\u00fckk-T\u00e9rs\u00e9gi LEADER Egyes\u00fclet a LEADER \u00e9s egy\u00e9b vid\u00e9kfejleszt\u00e9si t\u00e1mogat\u00e1si t\u00e9m\u00e1kban szakmai t\u00e1j\u00e9koztat\u00f3 f\u00f3rumot tart 2016. 11. 17-\u00e9n, melyre szeretettel megh\u00edvjuk Bog\u00e1cs k\u00f6zs\u00e9g lakosait, civil szervezeteit, egyh\u00e1zk\u00f6zs\u00e9geit, v\u00e1llalkoz\u00f3it az al\u00e1bbi megh\u00edv\u00f3 szerint:MEGH\u00cdV\u00d3 >>>","rel":"","context":"In &quot;H\u00edreink, k\u00f6zlem\u00e9nyeink&quot;","img":{"alt_text":"","src":"https:\/\/i1.wp.com\/bukkleader.hu\/old\/wp-content\/uploads\/2016\/11\/Bog\u00e1cs-panor\u00e1ma.jpg?resize=350%2C200&ssl=1","width":350,"height":200},"classes":[]},{"id":1246,"url":"https:\/\/bukkleader.hu\/old\/szakmai-forum-dedestapolcsany\/","url_meta":{"origin":1322,"position":5},"title":"Szakmai F\u00f3rum &#8211; D\u00e9destapolcs\u00e1ny","date":"2016-12-06","format":false,"excerpt":"A B\u00fckk-T\u00e9rs\u00e9gi LEADER Egyes\u00fclet a LEADER \u00e9s egy\u00e9b vid\u00e9kfejleszt\u00e9si t\u00e1mogat\u00e1si t\u00e9m\u00e1kban szakmai t\u00e1j\u00e9koztat\u00f3 f\u00f3rumot tart, 2016. december 08-\u00e1n, 17 \u00f3rakor, melyre szeretettel megh\u00edvjuk D\u00e9destapolcs\u00e1ny k\u00f6zs\u00e9g lakosait, civil szervezeteit, egyh\u00e1zk\u00f6zs\u00e9geit, v\u00e1llalkoz\u00f3it az al\u00e1bbi megh\u00edv\u00f3 szerint:MEGH\u00cdV\u00d3","rel":"","context":"In &quot;H\u00edreink, k\u00f6zlem\u00e9nyeink&quot;","img":{"alt_text":"","src":"https:\/\/i2.wp.com\/bukkleader.hu\/old\/wp-content\/uploads\/2016\/12\/D\u00e9destapolcs\u00e1ny.jpg?resize=350%2C200&ssl=1","width":350,"height":200},"classes":[]}],"_links":{"self":[{"href":"https:\/\/bukkleader.hu\/old\/wp-json\/wp\/v2\/posts\/1322"}],"collection":[{"href":"https:\/\/bukkleader.hu\/old\/wp-json\/wp\/v2\/posts"}],"about":[{"href":"https:\/\/bukkleader.hu\/old\/wp-json\/wp\/v2\/types\/post"}],"author":[{"embeddable":true,"href":"https:\/\/bukkleader.hu\/old\/wp-json\/wp\/v2\/users\/4"}],"replies":[{"embeddable":true,"href":"https:\/\/bukkleader.hu\/old\/wp-json\/wp\/v2\/comments?post=1322"}],"version-history":[{"count":2,"href":"https:\/\/bukkleader.hu\/old\/wp-json\/wp\/v2\/posts\/1322\/revisions"}],"predecessor-version":[{"id":1326,"href":"https:\/\/bukkleader.hu\/old\/wp-json\/wp\/v2\/posts\/1322\/revisions\/1326"}],"wp:featuredmedia":[{"embeddable":true,"href":"https:\/\/bukkleader.hu\/old\/wp-json\/wp\/v2\/media\/1324"}],"wp:attachment":[{"href":"https:\/\/bukkleader.hu\/old\/wp-json\/wp\/v2\/media?parent=1322"}],"wp:term":[{"taxonomy":"category","embeddable":true,"href":"https:\/\/bukkleader.hu\/old\/wp-json\/wp\/v2\/categories?post=1322"},{"taxonomy":"post_tag","embeddable":true,"href":"https:\/\/bukkleader.hu\/old\/wp-json\/wp\/v2\/tags?post=1322"}],"curies":[{"name":"wp","href":"https:\/\/api.w.org\/{rel}","templated":true}]}}