{"id":1307,"date":"2017-03-28T20:26:31","date_gmt":"2017-03-28T18:26:31","guid":{"rendered":"https:\/\/bukkleader.hu\/old\/?p=1307"},"modified":"2017-03-28T21:06:48","modified_gmt":"2017-03-28T19:06:48","slug":"vitassuk-meg-jovonket-konferencia-bukkaranyoson","status":"publish","type":"post","link":"https:\/\/bukkleader.hu\/old\/vitassuk-meg-jovonket-konferencia-bukkaranyoson\/","title":{"rendered":"\u201eVitassuk meg a j\u00f6v\u0151nket\u201d konferencia &#8211; B\u00fckkaranyoson"},"content":{"rendered":"<p>A Fidelitas Mez\u0151gazdas\u00e1gi \u00e9s Vid\u00e9kfejleszt\u00e9si Kabinet valamint a Fenntarthat\u00f3 Fejl\u0151d\u00e9s Kabinet szervez\u00e9s\u00e9ben a &#8220;Vitassuk meg a J\u00f6v\u0151nket&#8221; c\u00edm\u0171 konferencia egyik kerekasztal besz\u00e9lget\u00e9s\u00e9t B\u00fckkaranyoson, a B\u00fckk-T\u00e9rs\u00e9gi LEADER Egyes\u00fclet sz\u00e9khely\u00e9n tartj\u00e1k. A rendezv\u00e9ny egyik el\u0151ad\u00f3ja Dr. Nagy J\u00f3zsef PhD a vid\u00e9kfejleszt\u00e9si k\u00f6z\u00f6ss\u00e9g eln\u00f6ke, akit a szervez\u0151k felk\u00e9rtek hogy sz\u00e1moljon be a B\u00fckk-T\u00e9rs\u00e9gi LEADER Egyes\u00fclet projektjeinek eredm\u00e9nyess\u00e9g\u00e9r\u0151l, a jelenleg fut\u00f3 programokr\u00f3l, a j\u00f6v\u0151beli tervekr\u0151l, \u00e9s a meg\u00fajul\u00f3 energiaforr\u00e1sok vid\u00e9ki hasznos\u00edt\u00e1s\u00e1nak lehet\u0151s\u00e9geir\u0151l.<\/p>\n<p>&nbsp;<\/p>\n<div class=\"sharedaddy sd-sharing-enabled\"><div class=\"robots-nocontent sd-block sd-social sd-social-icon sd-sharing\"><h3 class=\"sd-title\">Share this:<\/h3><div class=\"sd-content\"><ul><li class=\"share-facebook\"><a rel=\"nofollow noopener noreferrer\" data-shared=\"sharing-facebook-1307\" class=\"share-facebook sd-button share-icon no-text\" href=\"https:\/\/bukkleader.hu\/old\/vitassuk-meg-jovonket-konferencia-bukkaranyoson\/?share=facebook\" target=\"_blank\" title=\"Click to share on Facebook\"><span><\/span><span class=\"sharing-screen-reader-text\">Click to share on Facebook (Opens in new window)<\/span><\/a><\/li><li class=\"share-twitter\"><a rel=\"nofollow noopener noreferrer\" data-shared=\"sharing-twitter-1307\" class=\"share-twitter sd-button share-icon no-text\" href=\"https:\/\/bukkleader.hu\/old\/vitassuk-meg-jovonket-konferencia-bukkaranyoson\/?share=twitter\" target=\"_blank\" title=\"Click to share on Twitter\"><span><\/span><span class=\"sharing-screen-reader-text\">Click to share on Twitter (Opens in new window)<\/span><\/a><\/li><li class=\"share-print\"><a rel=\"nofollow noopener noreferrer\" data-shared=\"\" class=\"share-print sd-button share-icon no-text\" href=\"https:\/\/bukkleader.hu\/old\/vitassuk-meg-jovonket-konferencia-bukkaranyoson\/\" target=\"_blank\" title=\"Click to print\"><span><\/span><span class=\"sharing-screen-reader-text\">Click to print (Opens in new window)<\/span><\/a><\/li><li class=\"share-email\"><a rel=\"nofollow noopener noreferrer\" data-shared=\"\" class=\"share-email sd-button share-icon no-text\" href=\"https:\/\/bukkleader.hu\/old\/vitassuk-meg-jovonket-konferencia-bukkaranyoson\/?share=email\" target=\"_blank\" title=\"Click to email this to a friend\"><span><\/span><span class=\"sharing-screen-reader-text\">Click to email this to a friend (Opens in new window)<\/span><\/a><\/li><li class=\"share-end\"><\/li><\/ul><\/div><\/div><\/div>","protected":false},"excerpt":{"rendered":"<p>A Fidelitas Mez\u0151gazdas\u00e1gi \u00e9s Vid\u00e9kfejleszt\u00e9si Kabinet valamint a Fenntarthat\u00f3 Fejl\u0151d\u00e9s Kabinet szervez\u00e9s\u00e9ben a &#8220;Vitassuk meg a J\u00f6v\u0151nket&#8221; c\u00edm\u0171 konferencia egyik kerekasztal besz\u00e9lget\u00e9s\u00e9t B\u00fckkaranyoson, a B\u00fckk-T\u00e9rs\u00e9gi LEADER Egyes\u00fclet sz\u00e9khely\u00e9n tartj\u00e1k. A rendezv\u00e9ny egyik el\u0151ad\u00f3ja Dr. Nagy J\u00f3zsef PhD a vid\u00e9kfejleszt\u00e9si k\u00f6z\u00f6ss\u00e9g eln\u00f6ke, akit a szervez\u0151k felk\u00e9rtek hogy sz\u00e1moljon be a B\u00fckk-T\u00e9rs\u00e9gi LEADER Egyes\u00fclet projektjeinek eredm\u00e9nyess\u00e9g\u00e9r\u0151l, a [&hellip;]<\/p>\n<div class=\"sharedaddy sd-sharing-enabled\"><div class=\"robots-nocontent sd-block sd-social sd-social-icon sd-sharing\"><h3 class=\"sd-title\">Share this:<\/h3><div class=\"sd-content\"><ul><li class=\"share-facebook\"><a rel=\"nofollow noopener noreferrer\" data-shared=\"sharing-facebook-1307\" class=\"share-facebook sd-button share-icon no-text\" href=\"https:\/\/bukkleader.hu\/old\/vitassuk-meg-jovonket-konferencia-bukkaranyoson\/?share=facebook\" target=\"_blank\" title=\"Click to share on Facebook\"><span><\/span><span class=\"sharing-screen-reader-text\">Click to share on Facebook (Opens in new window)<\/span><\/a><\/li><li class=\"share-twitter\"><a rel=\"nofollow noopener noreferrer\" data-shared=\"sharing-twitter-1307\" class=\"share-twitter sd-button share-icon no-text\" href=\"https:\/\/bukkleader.hu\/old\/vitassuk-meg-jovonket-konferencia-bukkaranyoson\/?share=twitter\" target=\"_blank\" title=\"Click to share on Twitter\"><span><\/span><span class=\"sharing-screen-reader-text\">Click to share on Twitter (Opens in new window)<\/span><\/a><\/li><li class=\"share-print\"><a rel=\"nofollow noopener noreferrer\" data-shared=\"\" class=\"share-print sd-button share-icon no-text\" href=\"https:\/\/bukkleader.hu\/old\/vitassuk-meg-jovonket-konferencia-bukkaranyoson\/\" target=\"_blank\" title=\"Click to print\"><span><\/span><span class=\"sharing-screen-reader-text\">Click to print (Opens in new window)<\/span><\/a><\/li><li class=\"share-email\"><a rel=\"nofollow noopener noreferrer\" data-shared=\"\" class=\"share-email sd-button share-icon no-text\" href=\"https:\/\/bukkleader.hu\/old\/vitassuk-meg-jovonket-konferencia-bukkaranyoson\/?share=email\" target=\"_blank\" title=\"Click to email this to a friend\"><span><\/span><span class=\"sharing-screen-reader-text\">Click to email this to a friend (Opens in new window)<\/span><\/a><\/li><li class=\"share-end\"><\/li><\/ul><\/div><\/div><\/div>","protected":false},"author":4,"featured_media":1309,"comment_status":"open","ping_status":"closed","sticky":false,"template":"","format":"standard","meta":{"_bbp_topic_count":0,"_bbp_reply_count":0,"_bbp_total_topic_count":0,"_bbp_total_reply_count":0,"_bbp_voice_count":0,"_bbp_anonymous_reply_count":0,"_bbp_topic_count_hidden":0,"_bbp_reply_count_hidden":0,"_bbp_forum_subforum_count":0,"spay_email":"","jetpack_publicize_message":"","jetpack_is_tweetstorm":false,"jetpack_publicize_feature_enabled":true},"categories":[1],"tags":[],"jetpack_featured_media_url":"https:\/\/bukkleader.hu\/old\/wp-content\/uploads\/2017\/03\/t\u00f6lt\u0151-baranyos.jpg","jetpack_publicize_connections":[],"jetpack_sharing_enabled":true,"jetpack-related-posts":[{"id":104,"url":"https:\/\/bukkleader.hu\/old\/2012-oktober-01-2012-december-31-idoszak\/","url_meta":{"origin":1307,"position":0},"title":"2012. okt\u00f3ber 01. \u2013 2012. december 31. id\u0151szak","date":"2013-01-02","format":false,"excerpt":"A B\u00fckk-T\u00e9rs\u00e9gi LEADER Egyes\u00fclet munkaszervezet\u00e9nek legfontosabb feladatai a 2012.10.01. \u2013 12.31. id\u0151szakban az EMVA III. falumeg\u00faj\u00edt\u00e1s \u00e9s \u2013fejleszt\u00e9s p\u00e1ly\u00e1zati id\u0151szak el\u0151k\u00e9sz\u00edt\u00e9se, a szakmai kapcsolat\u00e9p\u00edt\u00e9s \u00e9s az 2014-2020 id\u0151szak EU-s tervez\u00e9s\u00e9vel kapcsolatos egyeztet\u00e9seken val\u00f3 r\u00e9szv\u00e9tel voltak.A vid\u00e9kfejleszt\u00e9si k\u00f6z\u00f6ss\u00e9g min\u00e9l sz\u00e9lesebb k\u00f6r\u0171 t\u00e1j\u00e9koztat\u00e1sa \u00e9rdek\u00e9ben a t\u00e1mogat\u00e1si id\u0151szakban \u00f6sszesen 9 szakmai f\u00f3rumot tartottunk,\u2026","rel":"","context":"In &quot;Munkabesz\u00e1mol\u00f3k&quot;","img":{"alt_text":"","src":"","width":0,"height":0},"classes":[]},{"id":2348,"url":"https:\/\/bukkleader.hu\/old\/tajekoztato-forum-bukkaranyoson-2019-12-10\/","url_meta":{"origin":1307,"position":1},"title":"T\u00e1j\u00e9koztat\u00f3 f\u00f3rum B\u00fckkaranyoson 2019.12.10.","date":"2019-12-02","format":false,"excerpt":"A B\u00fckk-T\u00e9rs\u00e9gi LEADER Egyes\u00fclet 2019. december 10-\u00e9n 16:00 \u00f3rakor t\u00e1j\u00e9koztat\u00f3 f\u00f3rumot tart B\u00fckkaranyoson a Vid\u00e9kfejleszt\u00e9si Program aktualit\u00e1sair\u00f3l, a Helyi Fejleszt\u00e9si Strat\u00e9gia el\u0151rehalad\u00e1s\u00e1r\u00f3l, melyre szeretettel megh\u00edvjuk a HACS ter\u00fclet\u00e9r\u0151l a lakosokat, civil szervezeteket, egyh\u00e1zk\u00f6zs\u00e9geket, v\u00e1llalkoz\u00e1sokat, \u00f6nkorm\u00e1nyzatokat az al\u00e1bbiak szerint:","rel":"","context":"In &quot;H\u00edreink, k\u00f6zlem\u00e9nyeink&quot;","img":{"alt_text":"","src":"https:\/\/i0.wp.com\/bukkleader.hu\/old\/wp-content\/uploads\/2016\/05\/B\u00fckkaranyos.jpg?resize=350%2C200&ssl=1","width":350,"height":200},"classes":[]},{"id":424,"url":"https:\/\/bukkleader.hu\/old\/szaguldas-a-szel-erejebol-nyert-villamos-energiaval\/","url_meta":{"origin":1307,"position":2},"title":"Sz\u00e1guld\u00e1s a sz\u00e9l erej\u00e9b\u0151l nyert villamos energi\u00e1val","date":"2015-03-31","format":false,"excerpt":"\"Sikeres volt B\u00fckkaranyoson a sz\u00e9ler\u0151m\u0171 rendszer\u00e9re kapcsolt villanyaut\u00f3 gyorst\u00f6lt\u0151 berendez\u00e9s m\u0171szaki f\u0151pr\u00f3b\u00e1ja. Az egyen\u00e1ram\u00fa CHAdeMO rendszer\u0171 csatlakoz\u00f3n kereszt\u00fcl alig t\u00f6bb mint egy \u00f3ra alatt \u201ef\u00fajta tele\u201d a n\u00e9ha viharos erej\u0171 sz\u00e9l a Tesla Model S villanyaut\u00f3 akkumul\u00e1tor\u00e1t. \u00a0\u201eA B\u00fckkaranyos k\u00f6zpont\u00fa, 42 telep\u00fcl\u00e9st csoportos\u00edt\u00f3 B\u00fckk-T\u00e9rs\u00e9gi LEADER (kor\u00e1bban B\u00dcKK \u2013 MAK LEADER)\u2026","rel":"","context":"In &quot;H\u00edreink, k\u00f6zlem\u00e9nyeink&quot;","img":{"alt_text":"Tesla","src":"https:\/\/i2.wp.com\/bukkleader.hu\/old\/wp-content\/uploads\/2015\/09\/tesla_foto.jpg?resize=350%2C200&ssl=1","width":350,"height":200},"classes":[]},{"id":8622,"url":"https:\/\/bukkleader.hu\/old\/meghivo-a-bukk-tersegi-leader-egyesulet-szakmai-forumara-bukkaranyos-2021-12-06\/","url_meta":{"origin":1307,"position":3},"title":"Megh\u00edv\u00f3 a B\u00fckk-T\u00e9rs\u00e9gi LEADER Egyes\u00fclet Szakmai F\u00f3rum\u00e1ra &#8211; B\u00fckkaranyos, 2021.12.06","date":"2021-11-26","format":false,"excerpt":"A B\u00fckk-T\u00e9rs\u00e9gi LEADER Egyes\u00fclet szeretettel megh\u00edvja \u00d6n\u00f6ket 2021. 12. 06-\u00e1n B\u00fckkaranyoson tartand\u00f3 szakmai f\u00f3rum\u00e1ra. A megh\u00edv\u00f3 pdf-ben let\u00f6lthet\u0151 itt.","rel":"","context":"In &quot;H\u00edreink, k\u00f6zlem\u00e9nyeink&quot;","img":{"alt_text":"","src":"https:\/\/i2.wp.com\/bukkleader.hu\/old\/wp-content\/uploads\/2021\/12\/MhvBks.jpg?resize=350%2C200&ssl=1","width":350,"height":200},"classes":[]},{"id":296,"url":"https:\/\/bukkleader.hu\/old\/sajtoszemle-fejlesztesek-a-miskolci-kistersegben\/","url_meta":{"origin":1307,"position":4},"title":"Sajt\u00f3szemle: Fejleszt\u00e9sek a miskolci kist\u00e9rs\u00e9gben","date":"2013-01-30","format":false,"excerpt":"\u201eA meg\u00fajul\u00f3 energiaforr\u00e1sok hasznos\u00edt\u00e1sa mellett a j\u00f6v\u0151ben kulcsszerepet kap a v\u00edz- \u00e9s az \u00e9lelmiszerprogram is a Vid\u00e9kfejleszt\u00e9si K\u00f6z\u00f6ss\u00e9g strat\u00e9giai fejleszt\u00e9s\u00e9ben. Az \u00faj beruh\u00e1z\u00e1sok nem csak a kisebb t\u00e9rs\u00e9gekre, hanem Miskolcra is hat\u00e1ssal lesznek \u2013 hangzott el a 44 telep\u00fcl\u00e9st \u00f6sszefog\u00f3 B\u00fckk-T\u00e9rs\u00e9gi Leader Egyes\u00fclet cs\u00fct\u00f6rt\u00f6ki k\u00f6zgy\u0171l\u00e9s\u00e9n.\u201dTov\u00e1bb a teljes cikkhez a MiNap\u2026","rel":"","context":"In &quot;Eredm\u00e9nyeink&quot;","img":{"alt_text":"sajtoszemle-w","src":"https:\/\/i1.wp.com\/bukkleader.hu\/old\/wp-content\/uploads\/2015\/09\/sajtoszemle-w.jpg?resize=350%2C200&ssl=1","width":350,"height":200},"classes":[]},{"id":8799,"url":"https:\/\/bukkleader.hu\/old\/bukk-tersegi-leader-egyesulet-szakmai-forum-bukkaranyos-2022-05-11\/","url_meta":{"origin":1307,"position":5},"title":"B\u00fckk-T\u00e9rs\u00e9gi LEADER Egyes\u00fclet Szakmai F\u00f3rum B\u00fckkaranyos, 2022.05.11.","date":"2022-05-10","format":false,"excerpt":"A B\u00fckk-T\u00e9rs\u00e9gi LEADER Egyes\u00fclet tisztelettel megh\u00edvja \u00d6n\u00f6ket Szakmai F\u00f3rum\u00e1ra. A megh\u00edv\u00f3 pdf-ben let\u00f6lthet\u0151 itt.","rel":"","context":"In &quot;H\u00edreink, k\u00f6zlem\u00e9nyeink&quot;","img":{"alt_text":"","src":"https:\/\/i1.wp.com\/bukkleader.hu\/old\/wp-content\/uploads\/2022\/05\/Mhvszf.jpg?resize=350%2C200&ssl=1","width":350,"height":200},"classes":[]}],"_links":{"self":[{"href":"https:\/\/bukkleader.hu\/old\/wp-json\/wp\/v2\/posts\/1307"}],"collection":[{"href":"https:\/\/bukkleader.hu\/old\/wp-json\/wp\/v2\/posts"}],"about":[{"href":"https:\/\/bukkleader.hu\/old\/wp-json\/wp\/v2\/types\/post"}],"author":[{"embeddable":true,"href":"https:\/\/bukkleader.hu\/old\/wp-json\/wp\/v2\/users\/4"}],"replies":[{"embeddable":true,"href":"https:\/\/bukkleader.hu\/old\/wp-json\/wp\/v2\/comments?post=1307"}],"version-history":[{"count":6,"href":"https:\/\/bukkleader.hu\/old\/wp-json\/wp\/v2\/posts\/1307\/revisions"}],"predecessor-version":[{"id":1316,"href":"https:\/\/bukkleader.hu\/old\/wp-json\/wp\/v2\/posts\/1307\/revisions\/1316"}],"wp:featuredmedia":[{"embeddable":true,"href":"https:\/\/bukkleader.hu\/old\/wp-json\/wp\/v2\/media\/1309"}],"wp:attachment":[{"href":"https:\/\/bukkleader.hu\/old\/wp-json\/wp\/v2\/media?parent=1307"}],"wp:term":[{"taxonomy":"category","embeddable":true,"href":"https:\/\/bukkleader.hu\/old\/wp-json\/wp\/v2\/categories?post=1307"},{"taxonomy":"post_tag","embeddable":true,"href":"https:\/\/bukkleader.hu\/old\/wp-json\/wp\/v2\/tags?post=1307"}],"curies":[{"name":"wp","href":"https:\/\/api.w.org\/{rel}","templated":true}]}}