{"id":1302,"date":"2017-03-18T16:02:48","date_gmt":"2017-03-18T15:02:48","guid":{"rendered":"https:\/\/bukkleader.hu\/old\/?p=1302"},"modified":"2017-03-18T16:02:48","modified_gmt":"2017-03-18T15:02:48","slug":"soltvadkert-nemzeti-szorpverseny","status":"publish","type":"post","link":"https:\/\/bukkleader.hu\/old\/soltvadkert-nemzeti-szorpverseny\/","title":{"rendered":"Soltvadkert &#8211; I. Nemzeti Sz\u00f6rpverseny"},"content":{"rendered":"<div class=\"jsn-article-toolbar\">\n<div class=\"article-info muted full-left\">\n<dl class=\"article-info\">\n<dd class=\"published\"><strong>Az agr\u00e1rt\u00e1rca, a NAK B\u00e1cs-Kiskun megyei szervezete, a megyei \u00f6nkorm\u00e1nyzat \u00e9s a soltvadkerti \u00f6nkorm\u00e1nyzat t\u00e1mogat\u00e1s\u00e1val rendezik meg az els\u0151 nemzeti sz\u00f6rpversenyt. <\/strong><\/dd>\n<dd class=\"published\"><strong>Nevez\u00e9si felt\u00e9telek, \u00e9s nevez\u00e9s menete megtekinthet\u0151 az NAK honlapj\u00e1n.\u00a0<\/strong><a href=\"http:\/\/www.nak.hu\/kamara\/kamarai-hirek\/megyei-hirek\/93403-soltvadkerten-rendezik-meg-a-nemzeti-szorpversenyt\">tov\u00e1bb &gt;&gt;<\/a><\/dd>\n<\/dl>\n<\/div>\n<\/div>\n<div class=\"sharedaddy sd-sharing-enabled\"><div class=\"robots-nocontent sd-block sd-social sd-social-icon sd-sharing\"><h3 class=\"sd-title\">Share this:<\/h3><div class=\"sd-content\"><ul><li class=\"share-facebook\"><a rel=\"nofollow noopener noreferrer\" data-shared=\"sharing-facebook-1302\" class=\"share-facebook sd-button share-icon no-text\" href=\"https:\/\/bukkleader.hu\/old\/soltvadkert-nemzeti-szorpverseny\/?share=facebook\" target=\"_blank\" title=\"Click to share on Facebook\"><span><\/span><span class=\"sharing-screen-reader-text\">Click to share on Facebook (Opens in new window)<\/span><\/a><\/li><li class=\"share-twitter\"><a rel=\"nofollow noopener noreferrer\" data-shared=\"sharing-twitter-1302\" class=\"share-twitter sd-button share-icon no-text\" href=\"https:\/\/bukkleader.hu\/old\/soltvadkert-nemzeti-szorpverseny\/?share=twitter\" target=\"_blank\" title=\"Click to share on Twitter\"><span><\/span><span class=\"sharing-screen-reader-text\">Click to share on Twitter (Opens in new window)<\/span><\/a><\/li><li class=\"share-print\"><a rel=\"nofollow noopener noreferrer\" data-shared=\"\" class=\"share-print sd-button share-icon no-text\" href=\"https:\/\/bukkleader.hu\/old\/soltvadkert-nemzeti-szorpverseny\/\" target=\"_blank\" title=\"Click to print\"><span><\/span><span class=\"sharing-screen-reader-text\">Click to print (Opens in new window)<\/span><\/a><\/li><li class=\"share-email\"><a rel=\"nofollow noopener noreferrer\" data-shared=\"\" class=\"share-email sd-button share-icon no-text\" href=\"https:\/\/bukkleader.hu\/old\/soltvadkert-nemzeti-szorpverseny\/?share=email\" target=\"_blank\" title=\"Click to email this to a friend\"><span><\/span><span class=\"sharing-screen-reader-text\">Click to email this to a friend (Opens in new window)<\/span><\/a><\/li><li class=\"share-end\"><\/li><\/ul><\/div><\/div><\/div>","protected":false},"excerpt":{"rendered":"<p>Az agr\u00e1rt\u00e1rca, a NAK B\u00e1cs-Kiskun megyei szervezete, a megyei \u00f6nkorm\u00e1nyzat \u00e9s a soltvadkerti \u00f6nkorm\u00e1nyzat t\u00e1mogat\u00e1s\u00e1val rendezik meg az els\u0151 nemzeti sz\u00f6rpversenyt. Nevez\u00e9si felt\u00e9telek, \u00e9s nevez\u00e9s menete megtekinthet\u0151 az NAK honlapj\u00e1n.\u00a0tov\u00e1bb &gt;&gt;<\/p>\n<div class=\"sharedaddy sd-sharing-enabled\"><div class=\"robots-nocontent sd-block sd-social sd-social-icon sd-sharing\"><h3 class=\"sd-title\">Share this:<\/h3><div class=\"sd-content\"><ul><li class=\"share-facebook\"><a rel=\"nofollow noopener noreferrer\" data-shared=\"sharing-facebook-1302\" class=\"share-facebook sd-button share-icon no-text\" href=\"https:\/\/bukkleader.hu\/old\/soltvadkert-nemzeti-szorpverseny\/?share=facebook\" target=\"_blank\" title=\"Click to share on Facebook\"><span><\/span><span class=\"sharing-screen-reader-text\">Click to share on Facebook (Opens in new window)<\/span><\/a><\/li><li class=\"share-twitter\"><a rel=\"nofollow noopener noreferrer\" data-shared=\"sharing-twitter-1302\" class=\"share-twitter sd-button share-icon no-text\" href=\"https:\/\/bukkleader.hu\/old\/soltvadkert-nemzeti-szorpverseny\/?share=twitter\" target=\"_blank\" title=\"Click to share on Twitter\"><span><\/span><span class=\"sharing-screen-reader-text\">Click to share on Twitter (Opens in new window)<\/span><\/a><\/li><li class=\"share-print\"><a rel=\"nofollow noopener noreferrer\" data-shared=\"\" class=\"share-print sd-button share-icon no-text\" href=\"https:\/\/bukkleader.hu\/old\/soltvadkert-nemzeti-szorpverseny\/\" target=\"_blank\" title=\"Click to print\"><span><\/span><span class=\"sharing-screen-reader-text\">Click to print (Opens in new window)<\/span><\/a><\/li><li class=\"share-email\"><a rel=\"nofollow noopener noreferrer\" data-shared=\"\" class=\"share-email sd-button share-icon no-text\" href=\"https:\/\/bukkleader.hu\/old\/soltvadkert-nemzeti-szorpverseny\/?share=email\" target=\"_blank\" title=\"Click to email this to a friend\"><span><\/span><span class=\"sharing-screen-reader-text\">Click to email this to a friend (Opens in new window)<\/span><\/a><\/li><li class=\"share-end\"><\/li><\/ul><\/div><\/div><\/div>","protected":false},"author":4,"featured_media":1303,"comment_status":"open","ping_status":"closed","sticky":false,"template":"","format":"standard","meta":{"_bbp_topic_count":0,"_bbp_reply_count":0,"_bbp_total_topic_count":0,"_bbp_total_reply_count":0,"_bbp_voice_count":0,"_bbp_anonymous_reply_count":0,"_bbp_topic_count_hidden":0,"_bbp_reply_count_hidden":0,"_bbp_forum_subforum_count":0,"spay_email":"","jetpack_publicize_message":"","jetpack_is_tweetstorm":false,"jetpack_publicize_feature_enabled":true},"categories":[1],"tags":[],"jetpack_featured_media_url":"https:\/\/bukkleader.hu\/old\/wp-content\/uploads\/2017\/03\/Sz\u00f6rp.jpg","jetpack_publicize_connections":[],"jetpack_sharing_enabled":true,"jetpack-related-posts":[{"id":102,"url":"https:\/\/bukkleader.hu\/old\/2012-julius-01-2012-szeptember-30-idoszak\/","url_meta":{"origin":1302,"position":0},"title":"2012. j\u00falius 01. \u2013 2012. szeptember 30. id\u0151szak","date":"2012-10-01","format":false,"excerpt":"A B\u00fckk-T\u00e9rs\u00e9gi LEADER Egyes\u00fclet legfontosabb feladatai a 2012.07.01. \u2013 09.30. id\u0151szakban az EMVA III. falumeg\u00faj\u00edt\u00e1s \u00e9s \u2013fejleszt\u00e9s jogc\u00edm el\u0151k\u00e9sz\u00edt\u00e9se, a szakmai kapcsolat\u00e9p\u00edt\u00e9s \u00e9s az 2014-2020 id\u0151szak EU-s tervez\u00e9s\u00e9be val\u00f3 bekapcsol\u00f3d\u00e1s voltak. Munk\u00e1nkr\u00f3l 1 t\u00e9rs\u00e9gi \u00fajs\u00e1gban, 2 szakmai kiadv\u00e1nyban \u00e9s 3 weboldalon jelent meg tud\u00f3s\u00edt\u00e1s.A t\u00e1mogat\u00e1si id\u0151szakban t\u00e1rgyal\u00e1sokat folytattunk a Nemzeti\u2026","rel":"","context":"In &quot;Munkabesz\u00e1mol\u00f3k&quot;","img":{"alt_text":"","src":"","width":0,"height":0},"classes":[]},{"id":890,"url":"https:\/\/bukkleader.hu\/old\/utolso-8-oras-zold-konyv-frissites-tovabbkepzes\/","url_meta":{"origin":1302,"position":1},"title":"Utols\u00f3 8 \u00f3r\u00e1s (z\u00f6ld k\u00f6nyv friss\u00edt\u00e9s) tov\u00e1bbk\u00e9pz\u00e9s","date":"2016-05-05","format":false,"excerpt":"Tisztelt Mez\u0151gazdas\u00e1gi Termel\u0151 \u00e9s Kerttulajdonos Tagjaink!\u00a0A Nemzeti Agr\u00e1rgazdas\u00e1gi Kamara BAZ Megyei Szervezete az al\u00e1bbi inform\u00e1ci\u00f3t tette k\u00f6zz\u00e9:\"A tervezett\u0151l elt\u00e9r\u0151en val\u00f3sz\u00edn\u0171leg m\u00e9g egy\u00a0 8 \u00f3r\u00e1s! (z\u00f6ld k\u00f6nyv friss\u00edt\u00e9s) tov\u00e1bbk\u00e9pz\u00e9s fog indulniazok sz\u00e1m\u00e1ra akik lemaradtak az el\u0151z\u0151ekr\u0151l, vagy \"leporolj\u00e1k\" a t\u00f6bb \u00e9ve nem \u00faj\u00edtott jogosults\u00e1gukat a rendelet szigor\u00edt\u00e1sa miatt.( ez val\u00f3sz\u00edn\u0171 m\u00e1r\u2026","rel":"","context":"In &quot;H\u00edreink, k\u00f6zlem\u00e9nyeink&quot;","img":{"alt_text":"","src":"https:\/\/i2.wp.com\/bukkleader.hu\/old\/wp-content\/uploads\/2016\/05\/n\u00f6v\u00e9nyv\u00e9delem.png?resize=350%2C200&ssl=1","width":350,"height":200},"classes":[]},{"id":99,"url":"https:\/\/bukkleader.hu\/old\/2012-majus-01-2012-junius-30-idoszak\/","url_meta":{"origin":1302,"position":2},"title":"2012. m\u00e1jus 01. \u2013 2012. j\u00fanius 30. id\u0151szak","date":"2012-07-01","format":false,"excerpt":"A B\u00fckk-T\u00e9rs\u00e9gi LEADER Egyes\u00fclet az IH \u00e1ltal 2012. m\u00e1jus 1-i hat\u00e1llyal LEADER Helyi Akci\u00f3csoportk\u00e9nt elismer\u00e9sre ker\u00fclt \u00e9s \u00e1tvette a LEADER p\u00e1ly\u00e1zatokkal kapcsolatos feladatokat a B\u00dcKK-MAK LEADER Nonprofit Kft.-t\u0151l. Az Egyes\u00fclet a k\u00f6zgy\u0171l\u00e9s d\u00f6nt\u00e9se szerint saj\u00e1t munkaszervezetet alak\u00edtott, melyben a kor\u00e1bbi HACS munkat\u00e1rsai (\u00f6sszesen 8 f\u0151) a meg\u00e1llapod\u00e1ssal haszn\u00e1latba vett eszk\u00f6z\u00e1llom\u00e1nnyal,\u2026","rel":"","context":"In &quot;Munkabesz\u00e1mol\u00f3k&quot;","img":{"alt_text":"","src":"","width":0,"height":0},"classes":[]},{"id":8776,"url":"https:\/\/bukkleader.hu\/old\/a-fold-baratai-cepa-szlovakiai-szervezet-osszefoglalo-riportja-nagy-lajossal-a-bukk-tersegi-leader-egyesulet-elnokevel\/","url_meta":{"origin":1302,"position":3},"title":"A F\u00f6ld Bar\u00e1tai-CEPA szlov\u00e1kiai szervezet \u00f6sszefoglal\u00f3 riportja Nagy Lajossal, a B\u00fckk T\u00e9rs\u00e9gi LEADER Egyes\u00fclet eln\u00f6k\u00e9vel","date":"2022-04-05","format":false,"excerpt":"A B\u00fckk-T\u00e9rs\u00e9gi LEADER Egyes\u00fclet munk\u00e1ja j\u00f3 p\u00e9lda lett a szlov\u00e1kiai \u00f6nkorm\u00e1nyzatok sz\u00e1m\u00e1ra. A F\u00f6ld Bar\u00e1tai-CEPA szlov\u00e1kiai szervezet region\u00e1lis energiatervez\u00e9si programot hozott l\u00e9tre helyi \u00f6nkorm\u00e1nyzatok \u00e9s r\u00e9gi\u00f3k sz\u00e1m\u00e1ra. Az el\u0151k\u00e9sz\u00edt\u0151 munk\u00e1latok sor\u00e1n, riportot k\u00e9sz\u00edtettek Nagy Lajossal, B\u00fckkaranyos K\u00f6zs\u00e9g polg\u00e1rmester\u00e9vel, a B\u00fckk-T\u00e9rs\u00e9gi LEADER Egyes\u00fclet eln\u00f6k\u00e9vel, az egyes\u00fclet \u00e1ltal m\u00e1r t\u00f6bb mint 10\u2026","rel":"","context":"In &quot;H\u00edreink, k\u00f6zlem\u00e9nyeink&quot;","img":{"alt_text":"bukk-leader-logo-w","src":"https:\/\/i2.wp.com\/bukkleader.hu\/old\/wp-content\/uploads\/2015\/09\/bukk-leader-logo-w.jpg?resize=350%2C200&ssl=1","width":350,"height":200},"classes":[]},{"id":618,"url":"https:\/\/bukkleader.hu\/old\/forum-bukkaranyoson\/","url_meta":{"origin":1302,"position":4},"title":"Megh\u00edv\u00f3 Helyi Fejleszt\u00e9si Strat\u00e9gia tervez\u00e9si f\u00f3rumra \u00f6nkorm\u00e1nyzatok sz\u00e1m\u00e1ra &#8211; B\u00fckkaranyos","date":"2015-11-16","format":false,"excerpt":"A B\u00fckk-T\u00e9rs\u00e9gi LEADER Egyes\u00fclet Helyi Fejleszt\u00e9si Strat\u00e9gia tervez\u00e9si f\u00f3rumot tart \u00f6nkorm\u00e1nyzatok sz\u00e1m\u00e1ra, a mell\u00e9kelt megh\u00edv\u00f3 szerint. Minden \u00e9rdekl\u0151d\u0151t v\u00e1runk!Megh\u00edv\u00f3 let\u00f6lt\u00e9se itt>>","rel":"","context":"In &quot;H\u00edreink, k\u00f6zlem\u00e9nyeink&quot;","img":{"alt_text":"","src":"","width":0,"height":0},"classes":[]},{"id":5829,"url":"https:\/\/bukkleader.hu\/old\/felhivas-a-legjobb-onkormanyzati-gyakorlatok-2021-evi-palyazatara\/","url_meta":{"origin":1302,"position":5},"title":"Felh\u00edv\u00e1s a Legjobb \u00d6nkorm\u00e1nyzati Gyakorlatok 2021. \u00e9vi p\u00e1ly\u00e1zat\u00e1ra","date":"2021-04-09","format":false,"excerpt":"Tisztelt \u00d6nkorm\u00e1nyzatok! A Telep\u00fcl\u00e9si \u00d6nkorm\u00e1nyzatok Orsz\u00e1gos Sz\u00f6vets\u00e9ge felh\u00edv\u00e1st tett k\u00f6zz\u00e9 a Legjobb \u00d6nkorm\u00e1nyzati Gyakorlatok 2021. \u00e9vi p\u00e1ly\u00e1zat\u00e1ra. R\u00e9szletek:\u00a0http:\/\/xn--tosz-5qa.hu\/news\/681\/73\/Felhivas-a-ToOSZ-Legjobb-onkormanyzati-Gyakorlatok-Programja-2021-evi-palyazatara\/?fbclid=IwAR21wFWgSfh1I70H70oNySnNmpraVRYMo6DMBi8dH9C25lbAEN-Qgvm6rE8","rel":"","context":"In &quot;H\u00edreink, k\u00f6zlem\u00e9nyeink&quot;","img":{"alt_text":"","src":"https:\/\/i0.wp.com\/bukkleader.hu\/old\/wp-content\/uploads\/2020\/09\/Tard2.jpg?resize=350%2C200&ssl=1","width":350,"height":200},"classes":[]}],"_links":{"self":[{"href":"https:\/\/bukkleader.hu\/old\/wp-json\/wp\/v2\/posts\/1302"}],"collection":[{"href":"https:\/\/bukkleader.hu\/old\/wp-json\/wp\/v2\/posts"}],"about":[{"href":"https:\/\/bukkleader.hu\/old\/wp-json\/wp\/v2\/types\/post"}],"author":[{"embeddable":true,"href":"https:\/\/bukkleader.hu\/old\/wp-json\/wp\/v2\/users\/4"}],"replies":[{"embeddable":true,"href":"https:\/\/bukkleader.hu\/old\/wp-json\/wp\/v2\/comments?post=1302"}],"version-history":[{"count":1,"href":"https:\/\/bukkleader.hu\/old\/wp-json\/wp\/v2\/posts\/1302\/revisions"}],"predecessor-version":[{"id":1304,"href":"https:\/\/bukkleader.hu\/old\/wp-json\/wp\/v2\/posts\/1302\/revisions\/1304"}],"wp:featuredmedia":[{"embeddable":true,"href":"https:\/\/bukkleader.hu\/old\/wp-json\/wp\/v2\/media\/1303"}],"wp:attachment":[{"href":"https:\/\/bukkleader.hu\/old\/wp-json\/wp\/v2\/media?parent=1302"}],"wp:term":[{"taxonomy":"category","embeddable":true,"href":"https:\/\/bukkleader.hu\/old\/wp-json\/wp\/v2\/categories?post=1302"},{"taxonomy":"post_tag","embeddable":true,"href":"https:\/\/bukkleader.hu\/old\/wp-json\/wp\/v2\/tags?post=1302"}],"curies":[{"name":"wp","href":"https:\/\/api.w.org\/{rel}","templated":true}]}}