{"id":1292,"date":"2017-03-03T20:13:57","date_gmt":"2017-03-03T19:13:57","guid":{"rendered":"https:\/\/bukkleader.hu\/old\/?p=1292"},"modified":"2017-03-03T21:07:57","modified_gmt":"2017-03-03T20:07:57","slug":"fokuszban-jo-gyakorlatok","status":"publish","type":"post","link":"https:\/\/bukkleader.hu\/old\/fokuszban-jo-gyakorlatok\/","title":{"rendered":"F\u00f3kuszban a j\u00f3 gyakorlatok"},"content":{"rendered":"<p>A REBUS Helyi Akci\u00f3tervez\u0151 Csoport 2. M\u0171helymunk\u00e1j\u00e1hoz kapcsol\u00f3d\u00f3 m\u00e9dia anyag\u00a0<a href=\"https:\/\/bukkleader.hu\/old\/wp-content\/uploads\/2017\/03\/Fokuszban_a_jo_gyakorlatok_REBUS_2_Muhelymunka_media_rovid-1.pdf\">let\u00f6lthet\u0151 itt &gt;<\/a><a href=\"https:\/\/bukkleader.hu\/old\/wp-content\/uploads\/2017\/03\/F\u00f3kuszban-a-jo-gyakorlatok.html\">&gt;\u00a0<\/a><\/p>\n<p>A hosszabb verzi\u00f3 \u00e9s az angol nyelv\u0171 r\u00f6vid \u00f6sszefoglal\u00f3 a Borsod-Aba\u00faj-Zempl\u00e9n Megyei Fejleszt\u00e9si \u00dcgyn\u00f6ks\u00e9g \u00e9s a REBUS project facebook oldalain m\u00e1r megoszt\u00e1sra ker\u00fclt. A REBUS Helyi Akci\u00f3tervez\u0151 Csoport munk\u00e1j\u00e1ban r\u00e9szt vesz a B\u00fckk \u2013 T\u00e9rs\u00e9gi LEADER vid\u00e9kfejleszt\u00e9si k\u00f6z\u00f6ss\u00e9g\u00fcnk.<\/p>\n<p>A k\u00f6z\u00e9p\u00fcletek energiahat\u00e9kony fel\u00faj\u00edt\u00e1s\u00e1nak \u00e9s a k\u00f6zigazgat\u00e1sban dolgoz\u00f3k kapacit\u00e1sb\u0151v\u00edt\u00e9s\u00e9nek t\u00e9mak\u00f6r\u00e9vel foglalkoz\u00f3 REBUS (REnovationforenergyefficientBUildings) elnevez\u00e9s\u0171, az INTERREG EUROPE Program \u00e1ltal finansz\u00edrozott projekt 2017. febru\u00e1r 22-\u00e9n megtartotta 2. M\u0171helymunk\u00e1j\u00e1t Budapesten.<\/p>\n<p>K\u00f6z\u00f6ss\u00e9g\u00fcnket \u00faj munkat\u00e1rsunk, Filep R\u00e9ka vezet\u0151 projektmenedzser k\u00e9pviselte.<\/p>\n<div class=\"sharedaddy sd-sharing-enabled\"><div class=\"robots-nocontent sd-block sd-social sd-social-icon sd-sharing\"><h3 class=\"sd-title\">Share this:<\/h3><div class=\"sd-content\"><ul><li class=\"share-facebook\"><a rel=\"nofollow noopener noreferrer\" data-shared=\"sharing-facebook-1292\" class=\"share-facebook sd-button share-icon no-text\" href=\"https:\/\/bukkleader.hu\/old\/fokuszban-jo-gyakorlatok\/?share=facebook\" target=\"_blank\" title=\"Click to share on Facebook\"><span><\/span><span class=\"sharing-screen-reader-text\">Click to share on Facebook (Opens in new window)<\/span><\/a><\/li><li class=\"share-twitter\"><a rel=\"nofollow noopener noreferrer\" data-shared=\"sharing-twitter-1292\" class=\"share-twitter sd-button share-icon no-text\" href=\"https:\/\/bukkleader.hu\/old\/fokuszban-jo-gyakorlatok\/?share=twitter\" target=\"_blank\" title=\"Click to share on Twitter\"><span><\/span><span class=\"sharing-screen-reader-text\">Click to share on Twitter (Opens in new window)<\/span><\/a><\/li><li class=\"share-print\"><a rel=\"nofollow noopener noreferrer\" data-shared=\"\" class=\"share-print sd-button share-icon no-text\" href=\"https:\/\/bukkleader.hu\/old\/fokuszban-jo-gyakorlatok\/\" target=\"_blank\" title=\"Click to print\"><span><\/span><span class=\"sharing-screen-reader-text\">Click to print (Opens in new window)<\/span><\/a><\/li><li class=\"share-email\"><a rel=\"nofollow noopener noreferrer\" data-shared=\"\" class=\"share-email sd-button share-icon no-text\" href=\"https:\/\/bukkleader.hu\/old\/fokuszban-jo-gyakorlatok\/?share=email\" target=\"_blank\" title=\"Click to email this to a friend\"><span><\/span><span class=\"sharing-screen-reader-text\">Click to email this to a friend (Opens in new window)<\/span><\/a><\/li><li class=\"share-end\"><\/li><\/ul><\/div><\/div><\/div>","protected":false},"excerpt":{"rendered":"<p>A REBUS Helyi Akci\u00f3tervez\u0151 Csoport 2. M\u0171helymunk\u00e1j\u00e1hoz kapcsol\u00f3d\u00f3 m\u00e9dia anyag\u00a0let\u00f6lthet\u0151 itt &gt;&gt;\u00a0 A hosszabb verzi\u00f3 \u00e9s az angol nyelv\u0171 r\u00f6vid \u00f6sszefoglal\u00f3 a Borsod-Aba\u00faj-Zempl\u00e9n Megyei Fejleszt\u00e9si \u00dcgyn\u00f6ks\u00e9g \u00e9s a REBUS project facebook oldalain m\u00e1r megoszt\u00e1sra ker\u00fclt. A REBUS Helyi Akci\u00f3tervez\u0151 Csoport munk\u00e1j\u00e1ban r\u00e9szt vesz a B\u00fckk \u2013 T\u00e9rs\u00e9gi LEADER vid\u00e9kfejleszt\u00e9si k\u00f6z\u00f6ss\u00e9g\u00fcnk. A k\u00f6z\u00e9p\u00fcletek energiahat\u00e9kony fel\u00faj\u00edt\u00e1s\u00e1nak \u00e9s [&hellip;]<\/p>\n<div class=\"sharedaddy sd-sharing-enabled\"><div class=\"robots-nocontent sd-block sd-social sd-social-icon sd-sharing\"><h3 class=\"sd-title\">Share this:<\/h3><div class=\"sd-content\"><ul><li class=\"share-facebook\"><a rel=\"nofollow noopener noreferrer\" data-shared=\"sharing-facebook-1292\" class=\"share-facebook sd-button share-icon no-text\" href=\"https:\/\/bukkleader.hu\/old\/fokuszban-jo-gyakorlatok\/?share=facebook\" target=\"_blank\" title=\"Click to share on Facebook\"><span><\/span><span class=\"sharing-screen-reader-text\">Click to share on Facebook (Opens in new window)<\/span><\/a><\/li><li class=\"share-twitter\"><a rel=\"nofollow noopener noreferrer\" data-shared=\"sharing-twitter-1292\" class=\"share-twitter sd-button share-icon no-text\" href=\"https:\/\/bukkleader.hu\/old\/fokuszban-jo-gyakorlatok\/?share=twitter\" target=\"_blank\" title=\"Click to share on Twitter\"><span><\/span><span class=\"sharing-screen-reader-text\">Click to share on Twitter (Opens in new window)<\/span><\/a><\/li><li class=\"share-print\"><a rel=\"nofollow noopener noreferrer\" data-shared=\"\" class=\"share-print sd-button share-icon no-text\" href=\"https:\/\/bukkleader.hu\/old\/fokuszban-jo-gyakorlatok\/\" target=\"_blank\" title=\"Click to print\"><span><\/span><span class=\"sharing-screen-reader-text\">Click to print (Opens in new window)<\/span><\/a><\/li><li class=\"share-email\"><a rel=\"nofollow noopener noreferrer\" data-shared=\"\" class=\"share-email sd-button share-icon no-text\" href=\"https:\/\/bukkleader.hu\/old\/fokuszban-jo-gyakorlatok\/?share=email\" target=\"_blank\" title=\"Click to email this to a friend\"><span><\/span><span class=\"sharing-screen-reader-text\">Click to email this to a friend (Opens in new window)<\/span><\/a><\/li><li class=\"share-end\"><\/li><\/ul><\/div><\/div><\/div>","protected":false},"author":4,"featured_media":1294,"comment_status":"open","ping_status":"closed","sticky":false,"template":"","format":"standard","meta":{"_bbp_topic_count":0,"_bbp_reply_count":0,"_bbp_total_topic_count":0,"_bbp_total_reply_count":0,"_bbp_voice_count":0,"_bbp_anonymous_reply_count":0,"_bbp_topic_count_hidden":0,"_bbp_reply_count_hidden":0,"_bbp_forum_subforum_count":0,"spay_email":"","jetpack_publicize_message":"","jetpack_is_tweetstorm":false,"jetpack_publicize_feature_enabled":true},"categories":[1],"tags":[],"jetpack_featured_media_url":"https:\/\/bukkleader.hu\/old\/wp-content\/uploads\/2017\/03\/REBUS.png","jetpack_publicize_connections":[],"jetpack_sharing_enabled":true,"jetpack-related-posts":[{"id":878,"url":"https:\/\/bukkleader.hu\/old\/878-2\/","url_meta":{"origin":1292,"position":0},"title":"Elfogadta a K\u00f6zgy\u0171l\u00e9s a B\u00fckk-T\u00e9rs\u00e9gi LEADER Vid\u00e9kfejleszt\u00e9si K\u00f6z\u00f6ss\u00e9g Helyi Fejleszt\u00e9si Strat\u00e9gi\u00e1j\u00e1nak tervezet\u00e9t","date":"2016-03-04","format":false,"excerpt":"Elfogadta a K\u00f6zgy\u0171l\u00e9s a B\u00fckk-T\u00e9rs\u00e9gi LEADER Vid\u00e9kfejleszt\u00e9si K\u00f6z\u00f6ss\u00e9g Helyi Fejleszt\u00e9si Strat\u00e9gi\u00e1j\u00e1nak tervezet\u00e9tA 2016. 03. 02.-i \u00fcl\u00e9sen elfogadta a K\u00f6zgy\u0171l\u00e9s a HFS tervezet\u00e9t. A tervezetet a munkaszervezet 2016. 03.04.-\u00e9n\u00a0 megk\u00fcldte az Ir\u00e1ny\u00edt\u00f3 Hat\u00f3s\u00e1gnak \u00e9rt\u00e9kel\u00e9sre.A HFS tervezett itt olvashat\u00f3 >>\u00a0BTLE_HFS_tervezet","rel":"","context":"In &quot;H\u00edreink, k\u00f6zlem\u00e9nyeink&quot;","img":{"alt_text":"","src":"https:\/\/i2.wp.com\/bukkleader.hu\/old\/wp-content\/uploads\/2016\/03\/HFS-elfogad\u00e1s-k\u00f6zgy\u0171l\u00e9s-2.jpg?resize=350%2C200&ssl=1","width":350,"height":200},"classes":[]},{"id":5762,"url":"https:\/\/bukkleader.hu\/old\/tajekoztatas-uj-mezogazdasagi-es-videkfejlesztesi-palyazati-lehetosegekrol-nem-leader\/","url_meta":{"origin":1292,"position":1},"title":"T\u00e1j\u00e9koztat\u00e1s \u00faj mez\u0151gazdas\u00e1gi \u00e9s vid\u00e9kfejleszt\u00e9si p\u00e1ly\u00e1zati lehet\u0151s\u00e9gekr\u0151l (nem LEADER)","date":"2021-02-11","format":false,"excerpt":"Tisztelt \u00dcgyfeleink! Engedj\u00e9k meg, hogy tov\u00e1bb\u00edtsuk \u00d6n\u00f6k fel\u00e9 a\u00a0Magyar Nemzeti Vid\u00e9ki H\u00e1l\u00f3zat t\u00e1j\u00e9koztat\u00e1s\u00e1t a k\u00f6zelj\u00f6v\u0151ben megny\u00edl\u00f3 mez\u0151gazdas\u00e1gi \u00e9s vid\u00e9kfejleszt\u00e9si p\u00e1ly\u00e1zati lehet\u0151s\u00e9gekr\u0151l: P\u00e1ly\u00e1zati azonos\u00edt\u00f3 P\u00e1ly\u00e1zat c\u00edme El\u00e9rhet\u0151s\u00e9ge \u00a0 MAHOP-2.2.1-2016 Az akvakult\u00far\u00e1ba t\u00f6rt\u00e9n\u0151 termel\u00e9si c\u00e9l\u00fa beruh\u00e1z\u00e1sok t\u00e1mogat\u00e1sa https:\/\/www.palyazat.gov.hu\/mahop-22-2016-az-akvakultrba-trtn-termelsi-cl-beruhzsok-tmogatsa-1 VP2-4.1.3.7-20 Csemetekertek g\u00e9pbeszerz\u00e9se https:\/\/www.palyazat.gov.hu\/vp2-4137-20-csemetekertek-gpbeszerzse \u00a0 VP2-6.3.1-20 Mez\u0151gazdas\u00e1gi kis\u00fczemek t\u00e1mogat\u00e1sa https:\/\/www.palyazat.gov.hu\/vp2-631-20-mezgazdasgi-kiszemek-tmogatsa-1 \u00a0 VP3-17.1.1-16 Mez\u0151gazdas\u00e1gi biztos\u00edt\u00e1s\u2026","rel":"","context":"In &quot;H\u00edreink, k\u00f6zlem\u00e9nyeink&quot;","img":{"alt_text":"384-5-mnvh_logo","src":"https:\/\/i2.wp.com\/bukkleader.hu\/old\/wp-content\/uploads\/2015\/09\/384-5-mnvh_logo.jpg?resize=350%2C200&ssl=1","width":350,"height":200},"classes":[]},{"id":340,"url":"https:\/\/bukkleader.hu\/old\/ujra-leader-palyazati-idoszak\/","url_meta":{"origin":1292,"position":2},"title":"\u00daJRA LEADER P\u00c1LY\u00c1ZATI ID\u0150SZAK!","date":"2013-09-24","format":false,"excerpt":"FIGYELEM! A VID\u00c9KFEJLESZT\u00c9SI MINISZT\u00c9RIUM T\u00daLIG\u00c9NYL\u00c9S MIATT ISM\u00c9TELTEN FELF\u00dcGGESZTETTE A LEADER P\u00c1LY\u00c1ZATOK BENY\u00daJT\u00c1S\u00c1T A SZOLG\u00c1LTAT\u00c1SFEJLESZT\u00c9S KATEG\u00d3RI\u00c1BAN.A VID\u00c9KFEJLESZT\u00c9SI MINISZT\u00c9RIUM (VM), MINT AZ EMVA IR\u00c1NY\u00cdT\u00d3 HAT\u00d3S\u00c1G\u00c1NAK 240\/2013. (IX. 23.) SZ\u00c1M\u00da K\u00d6ZLEM\u00c9NYE SZERINT 2013.09.24-\u00c9N REGGEL 08:00 \u00d3R\u00c1T\u00d3L \u00daJRA LEHET P\u00c1LY\u00c1ZATOT BENY\u00daJTANI A LEADER INT\u00c9ZKED\u00c9SEINK MEGVAL\u00d3S\u00cdT\u00c1S\u00c1RA, SZOLG\u00c1LTAT\u00c1SFEJLESZT\u00c9S PROJEKT KATEG\u00d3RI\u00c1BAN.A HACS az el\u0151p\u00e1ly\u00e1zati szakaszban szolg\u00e1ltat\u00e1sfejleszt\u00e9snek tekintette\u2026","rel":"","context":"In &quot;H\u00edreink, k\u00f6zlem\u00e9nyeink&quot;","img":{"alt_text":"bukk-leader-logo-w","src":"https:\/\/i2.wp.com\/bukkleader.hu\/old\/wp-content\/uploads\/2015\/09\/bukk-leader-logo-w.jpg?resize=350%2C200&ssl=1","width":350,"height":200},"classes":[]},{"id":180,"url":"https:\/\/bukkleader.hu\/old\/nagyobb-szerepet-kinal-az-eu-a-helyi-kozossegeknek\/","url_meta":{"origin":1292,"position":3},"title":"Nagyobb szerepet k\u00edn\u00e1l az EU a Helyi K\u00f6z\u00f6ss\u00e9geknek","date":"2012-06-09","format":false,"excerpt":"A k\u00f6z\u00f6ss\u00e9gi alap\u00fa helyi fejleszt\u00e9sek szerep\u00e9r\u0151l \u00e9s az Eur\u00f3pai Uni\u00f3 LEADER programj\u00e1nak j\u00f6v\u0151j\u00e9r\u0151l szervezett nemzetk\u00f6zi konferenci\u00e1t a Magyar Nemzeti Vid\u00e9ki H\u00e1l\u00f3zat, amelyet m\u00e1r a 2014-t\u0151l kezd\u0151d\u0151 h\u00e9t\u00e9ves id\u0151szakra val\u00f3 felk\u00e9sz\u00fcl\u00e9s jegy\u00e9ben tartottak. Tov\u00e1bb a teljes cikkhez a www.umvp.eu weboldalra >>","rel":"","context":"In &quot;Eredm\u00e9nyeink&quot;","img":{"alt_text":"eu z\u00e1szl\u00f3","src":"https:\/\/i0.wp.com\/bukkleader.hu\/old\/wp-content\/uploads\/2012\/06\/eu-zaszlo384w.jpg?resize=350%2C200&ssl=1","width":350,"height":200},"classes":[]},{"id":102,"url":"https:\/\/bukkleader.hu\/old\/2012-julius-01-2012-szeptember-30-idoszak\/","url_meta":{"origin":1292,"position":4},"title":"2012. j\u00falius 01. \u2013 2012. szeptember 30. id\u0151szak","date":"2012-10-01","format":false,"excerpt":"A B\u00fckk-T\u00e9rs\u00e9gi LEADER Egyes\u00fclet legfontosabb feladatai a 2012.07.01. \u2013 09.30. id\u0151szakban az EMVA III. falumeg\u00faj\u00edt\u00e1s \u00e9s \u2013fejleszt\u00e9s jogc\u00edm el\u0151k\u00e9sz\u00edt\u00e9se, a szakmai kapcsolat\u00e9p\u00edt\u00e9s \u00e9s az 2014-2020 id\u0151szak EU-s tervez\u00e9s\u00e9be val\u00f3 bekapcsol\u00f3d\u00e1s voltak. Munk\u00e1nkr\u00f3l 1 t\u00e9rs\u00e9gi \u00fajs\u00e1gban, 2 szakmai kiadv\u00e1nyban \u00e9s 3 weboldalon jelent meg tud\u00f3s\u00edt\u00e1s.A t\u00e1mogat\u00e1si id\u0151szakban t\u00e1rgyal\u00e1sokat folytattunk a Nemzeti\u2026","rel":"","context":"In &quot;Munkabesz\u00e1mol\u00f3k&quot;","img":{"alt_text":"","src":"","width":0,"height":0},"classes":[]},{"id":392,"url":"https:\/\/bukkleader.hu\/old\/kozossegi-animator-kepzes-indul\/","url_meta":{"origin":1292,"position":5},"title":"K\u00f6z\u00f6ss\u00e9gi anim\u00e1tor k\u00e9pz\u00e9s indul","date":"2014-07-03","format":false,"excerpt":"A Nemzeti Agr\u00e1rszaktan\u00e1csad\u00e1si, K\u00e9pz\u00e9si \u00e9s Vid\u00e9kfejleszt\u00e9si Int\u00e9zet (NAKVI) helyi k\u00f6z\u00f6ss\u00e9g- \u00e9s vid\u00e9kfejleszt\u0151 szakemberek,az \u00fajonnan l\u00e9trej\u00f6v\u0151 t\u00f6bbfunkci\u00f3s szolg\u00e1ltat\u00f3 k\u00f6zpontok, illetve az Integr\u00e1lt K\u00f6z\u00f6ss\u00e9gi \u00e9s Szolg\u00e1ltat\u00f3 Terek (IKSZT-k) munkat\u00e1rsai r\u00e9sz\u00e9re akkredit\u00e1lt 40 \u00f3r\u00e1s k\u00f6z\u00f6ss\u00e9gi anim\u00e1tor k\u00e9pz\u00e9st ind\u00edt 2014. j\u00falius-augusztus h\u00f3nap folyam\u00e1n.Tov\u00e1bbi inform\u00e1ci\u00f3k az umvp.eu weboldalon>>","rel":"","context":"In &quot;H\u00edreink, k\u00f6zlem\u00e9nyeink&quot;","img":{"alt_text":"ikszt.logo","src":"https:\/\/i2.wp.com\/bukkleader.hu\/old\/wp-content\/uploads\/2015\/09\/ikszt.logo_1.jpg?resize=350%2C200&ssl=1","width":350,"height":200},"classes":[]}],"_links":{"self":[{"href":"https:\/\/bukkleader.hu\/old\/wp-json\/wp\/v2\/posts\/1292"}],"collection":[{"href":"https:\/\/bukkleader.hu\/old\/wp-json\/wp\/v2\/posts"}],"about":[{"href":"https:\/\/bukkleader.hu\/old\/wp-json\/wp\/v2\/types\/post"}],"author":[{"embeddable":true,"href":"https:\/\/bukkleader.hu\/old\/wp-json\/wp\/v2\/users\/4"}],"replies":[{"embeddable":true,"href":"https:\/\/bukkleader.hu\/old\/wp-json\/wp\/v2\/comments?post=1292"}],"version-history":[{"count":4,"href":"https:\/\/bukkleader.hu\/old\/wp-json\/wp\/v2\/posts\/1292\/revisions"}],"predecessor-version":[{"id":1300,"href":"https:\/\/bukkleader.hu\/old\/wp-json\/wp\/v2\/posts\/1292\/revisions\/1300"}],"wp:featuredmedia":[{"embeddable":true,"href":"https:\/\/bukkleader.hu\/old\/wp-json\/wp\/v2\/media\/1294"}],"wp:attachment":[{"href":"https:\/\/bukkleader.hu\/old\/wp-json\/wp\/v2\/media?parent=1292"}],"wp:term":[{"taxonomy":"category","embeddable":true,"href":"https:\/\/bukkleader.hu\/old\/wp-json\/wp\/v2\/categories?post=1292"},{"taxonomy":"post_tag","embeddable":true,"href":"https:\/\/bukkleader.hu\/old\/wp-json\/wp\/v2\/tags?post=1292"}],"curies":[{"name":"wp","href":"https:\/\/api.w.org\/{rel}","templated":true}]}}