{"id":1285,"date":"2017-02-03T14:18:06","date_gmt":"2017-02-03T13:18:06","guid":{"rendered":"https:\/\/bukkleader.hu\/old\/?p=1285"},"modified":"2017-02-03T14:18:06","modified_gmt":"2017-02-03T13:18:06","slug":"felhivas-efop-1-7-1-17","status":"publish","type":"post","link":"https:\/\/bukkleader.hu\/old\/felhivas-efop-1-7-1-17\/","title":{"rendered":"FELH\u00cdV\u00c1S EFOP-1.7.1-17"},"content":{"rendered":"<p>FELH\u00cdV\u00c1S a t\u00e1rsadalmi felz\u00e1rk\u00f3z\u00e1s, a ter\u00fcleti k\u00fcl\u00f6nbs\u00e9gek cs\u00f6kkent\u00e9se, a szakter\u00fcleteken \u00e1t\u00edvel\u0151 komplex programok megval\u00f3s\u00edt\u00e1s\u00e1ra a helyi akci\u00f3csoportok bevon\u00e1s\u00e1val\u00a0<\/p>\n<p><a href=\"https:\/\/bukkleader.hu\/old\/wp-content\/uploads\/2017\/02\/EFOP-1.7.1-17_Felhivas_Tarsadalmi_egyeztetes.pdf\">Let\u00f6lt\u00e9s<\/a><\/p>\n<div class=\"sharedaddy sd-sharing-enabled\"><div class=\"robots-nocontent sd-block sd-social sd-social-icon sd-sharing\"><h3 class=\"sd-title\">Share this:<\/h3><div class=\"sd-content\"><ul><li class=\"share-facebook\"><a rel=\"nofollow noopener noreferrer\" data-shared=\"sharing-facebook-1285\" class=\"share-facebook sd-button share-icon no-text\" href=\"https:\/\/bukkleader.hu\/old\/felhivas-efop-1-7-1-17\/?share=facebook\" target=\"_blank\" title=\"Click to share on Facebook\"><span><\/span><span class=\"sharing-screen-reader-text\">Click to share on Facebook (Opens in new window)<\/span><\/a><\/li><li class=\"share-twitter\"><a rel=\"nofollow noopener noreferrer\" data-shared=\"sharing-twitter-1285\" class=\"share-twitter sd-button share-icon no-text\" href=\"https:\/\/bukkleader.hu\/old\/felhivas-efop-1-7-1-17\/?share=twitter\" target=\"_blank\" title=\"Click to share on Twitter\"><span><\/span><span class=\"sharing-screen-reader-text\">Click to share on Twitter (Opens in new window)<\/span><\/a><\/li><li class=\"share-print\"><a rel=\"nofollow noopener noreferrer\" data-shared=\"\" class=\"share-print sd-button share-icon no-text\" href=\"https:\/\/bukkleader.hu\/old\/felhivas-efop-1-7-1-17\/\" target=\"_blank\" title=\"Click to print\"><span><\/span><span class=\"sharing-screen-reader-text\">Click to print (Opens in new window)<\/span><\/a><\/li><li class=\"share-email\"><a rel=\"nofollow noopener noreferrer\" data-shared=\"\" class=\"share-email sd-button share-icon no-text\" href=\"https:\/\/bukkleader.hu\/old\/felhivas-efop-1-7-1-17\/?share=email\" target=\"_blank\" title=\"Click to email this to a friend\"><span><\/span><span class=\"sharing-screen-reader-text\">Click to email this to a friend (Opens in new window)<\/span><\/a><\/li><li class=\"share-end\"><\/li><\/ul><\/div><\/div><\/div>","protected":false},"excerpt":{"rendered":"<p>FELH\u00cdV\u00c1S a t\u00e1rsadalmi felz\u00e1rk\u00f3z\u00e1s, a ter\u00fcleti k\u00fcl\u00f6nbs\u00e9gek cs\u00f6kkent\u00e9se, a szakter\u00fcleteken \u00e1t\u00edvel\u0151 komplex programok megval\u00f3s\u00edt\u00e1s\u00e1ra a helyi akci\u00f3csoportok bevon\u00e1s\u00e1val\u00a0 Let\u00f6lt\u00e9s<\/p>\n<div class=\"sharedaddy sd-sharing-enabled\"><div class=\"robots-nocontent sd-block sd-social sd-social-icon sd-sharing\"><h3 class=\"sd-title\">Share this:<\/h3><div class=\"sd-content\"><ul><li class=\"share-facebook\"><a rel=\"nofollow noopener noreferrer\" data-shared=\"sharing-facebook-1285\" class=\"share-facebook sd-button share-icon no-text\" href=\"https:\/\/bukkleader.hu\/old\/felhivas-efop-1-7-1-17\/?share=facebook\" target=\"_blank\" title=\"Click to share on Facebook\"><span><\/span><span class=\"sharing-screen-reader-text\">Click to share on Facebook (Opens in new window)<\/span><\/a><\/li><li class=\"share-twitter\"><a rel=\"nofollow noopener noreferrer\" data-shared=\"sharing-twitter-1285\" class=\"share-twitter sd-button share-icon no-text\" href=\"https:\/\/bukkleader.hu\/old\/felhivas-efop-1-7-1-17\/?share=twitter\" target=\"_blank\" title=\"Click to share on Twitter\"><span><\/span><span class=\"sharing-screen-reader-text\">Click to share on Twitter (Opens in new window)<\/span><\/a><\/li><li class=\"share-print\"><a rel=\"nofollow noopener noreferrer\" data-shared=\"\" class=\"share-print sd-button share-icon no-text\" href=\"https:\/\/bukkleader.hu\/old\/felhivas-efop-1-7-1-17\/\" target=\"_blank\" title=\"Click to print\"><span><\/span><span class=\"sharing-screen-reader-text\">Click to print (Opens in new window)<\/span><\/a><\/li><li class=\"share-email\"><a rel=\"nofollow noopener noreferrer\" data-shared=\"\" class=\"share-email sd-button share-icon no-text\" href=\"https:\/\/bukkleader.hu\/old\/felhivas-efop-1-7-1-17\/?share=email\" target=\"_blank\" title=\"Click to email this to a friend\"><span><\/span><span class=\"sharing-screen-reader-text\">Click to email this to a friend (Opens in new window)<\/span><\/a><\/li><li class=\"share-end\"><\/li><\/ul><\/div><\/div><\/div>","protected":false},"author":4,"featured_media":1287,"comment_status":"open","ping_status":"closed","sticky":false,"template":"","format":"standard","meta":{"_bbp_topic_count":0,"_bbp_reply_count":0,"_bbp_total_topic_count":0,"_bbp_total_reply_count":0,"_bbp_voice_count":0,"_bbp_anonymous_reply_count":0,"_bbp_topic_count_hidden":0,"_bbp_reply_count_hidden":0,"_bbp_forum_subforum_count":0,"spay_email":"","jetpack_publicize_message":"","jetpack_is_tweetstorm":false,"jetpack_publicize_feature_enabled":true},"categories":[1],"tags":[],"jetpack_featured_media_url":"https:\/\/bukkleader.hu\/old\/wp-content\/uploads\/2017\/02\/romatelep.jpg","jetpack_publicize_connections":[],"jetpack_sharing_enabled":true,"jetpack-related-posts":[{"id":1383,"url":"https:\/\/bukkleader.hu\/old\/tisztelt-palyazoink-leader-helyi-felhivasok-kapcsan-az-ih-az-alabbi-kozlemenyt-jelentette-meg\/","url_meta":{"origin":1285,"position":0},"title":"Tisztelt P\u00e1ly\u00e1z\u00f3ink! A LEADER helyi felh\u00edv\u00e1sok kapcs\u00e1n az IH az al\u00e1bbi k\u00f6zlem\u00e9nyt jelentette meg","date":"2017-10-31","format":false,"excerpt":"Tisztelt P\u00e1ly\u00e1z\u00f3k! A LEADER helyi felh\u00edv\u00e1sok kapcs\u00e1n az IH az al\u00e1bbi k\u00f6zlem\u00e9nyt jelentette meg a www.palyazat.gov.hu honlapon: A Minisztereln\u00f6ks\u00e9g Agr\u00e1r-vid\u00e9kfejleszt\u00e9si Programok\u00e9rt Felel\u0151s Helyettes \u00c1llamtitk\u00e1rs\u00e1ga, mint EMVA Ir\u00e1ny\u00edt\u00f3 Hat\u00f3s\u00e1g K\u00f6zlem\u00e9nye a LEADER helyi p\u00e1ly\u00e1zati felh\u00edv\u00e1sok megjelen\u00e9s\u00e9r\u0151l A LEADER helyi p\u00e1ly\u00e1zati felh\u00edv\u00e1sok megjelen\u00e9se a mai napt\u00f3l megkezd\u0151dik. A felh\u00edv\u00e1sok a Magyar \u00c1llamkincst\u00e1r\u2026","rel":"","context":"In &quot;H\u00edreink, k\u00f6zlem\u00e9nyeink&quot;","img":{"alt_text":"","src":"https:\/\/i1.wp.com\/bukkleader.hu\/old\/wp-content\/uploads\/2017\/10\/LEADER-logo-Jul09-32.jpg?resize=350%2C200&ssl=1","width":350,"height":200},"classes":[]},{"id":1423,"url":"https:\/\/bukkleader.hu\/old\/tisztelt-palyazoink-bukk-tersegi-leader-egyesulet-osszes-palyazati-felhivasa-meghirdetesre-kerult\/","url_meta":{"origin":1285,"position":1},"title":"Tisztelt P\u00e1ly\u00e1z\u00f3ink! A B\u00fckk-T\u00e9rs\u00e9gi LEADER Egyes\u00fclet \u00f6sszes p\u00e1ly\u00e1zati felh\u00edv\u00e1sa meghirdet\u00e9sre ker\u00fclt.","date":"2017-12-05","format":false,"excerpt":"A B\u00fckk-T\u00e9rs\u00e9gi LEADER Egyes\u00fclet \u00f6sszes p\u00e1ly\u00e1zati felh\u00edv\u00e1sa meghirdet\u00e9sre ker\u00fclt. A felh\u00edv\u00e1sok a Magyar \u00c1llamkincst\u00e1r honlapj\u00e1n \u00e9rhet\u0151ek el, az al\u00e1bbi linken: Felh\u00edv\u00e1s >> K\u00e9t gazdas\u00e1gfejleszt\u00e9sre ir\u00e1nyul\u00f3 felh\u00edv\u00e1s jelent meg, melyek eset\u00e9ben a t\u00e1mogat\u00e1si k\u00e9relmeket 2018. 01. 02-t\u0151l lehet beny\u00fajtani. A tov\u00e1bbi hat, nem gazdas\u00e1gfejleszt\u00e9sre ir\u00e1nyul\u00f3 felh\u00edv\u00e1sokra a t\u00e1mogat\u00e1si k\u00e9relmek beny\u00fajt\u00e1s\u00e1nak kezdete\u2026","rel":"","context":"In &quot;H\u00edreink, k\u00f6zlem\u00e9nyeink&quot;","img":{"alt_text":"","src":"https:\/\/i2.wp.com\/bukkleader.hu\/old\/wp-content\/uploads\/2017\/12\/p\u00e1ly\u00e1zati-felh\u00edv\u00e1s.jpg?resize=350%2C200&ssl=1","width":350,"height":200},"classes":[]},{"id":2356,"url":"https:\/\/bukkleader.hu\/old\/tajekoztato-az-uj-turisztikai-szolgaltatasok-fejlesztesere-kiirando-felhivasrol\/","url_meta":{"origin":1285,"position":2},"title":"T\u00e1j\u00e9koztat\u00f3 az \u00faj turisztikai szolg\u00e1ltat\u00e1sok fejleszt\u00e9s\u00e9re ki\u00edrand\u00f3 felh\u00edv\u00e1sr\u00f3l","date":"2019-12-13","format":false,"excerpt":"Tisztelt P\u00e1ly\u00e1z\u00f3k! T\u00e1j\u00e9koztatjuk azon p\u00e1ly\u00e1z\u00f3kat, akik az \u00faj turisztikai szolg\u00e1ltat\u00e1sok fejleszt\u00e9se megnevez\u00e9s\u0171 helyi felh\u00edv\u00e1sra szeretn\u00e9nek t\u00e1mogat\u00e1si k\u00e9relmet beny\u00fajtani, hogy 2019. december\u00e9ben a felh\u00edv\u00e1s nem jelenik meg, mert az Ir\u00e1ny\u00edt\u00f3 Hat\u00f3s\u00e1g a szab\u00e1lyoss\u00e1gi vizsg\u00e1latot m\u00e9g nem v\u00e9gezte el. A felh\u00edv\u00e1s megjelen\u00e9s\u00e9vel kapcsolatosan tov\u00e1bbra is a honlapunkon t\u00e1j\u00e9koztatjuk \u00d6n\u00f6ket.","rel":"","context":"In &quot;H\u00edreink, k\u00f6zlem\u00e9nyeink&quot;","img":{"alt_text":"","src":"https:\/\/i2.wp.com\/bukkleader.hu\/old\/wp-content\/uploads\/2017\/12\/danger.png?resize=350%2C200&ssl=1","width":350,"height":200},"classes":[]},{"id":1395,"url":"https:\/\/bukkleader.hu\/old\/tajekoztato-forum-helyi-felhivasokrol-bukkaranyos\/","url_meta":{"origin":1285,"position":3},"title":"T\u00e1j\u00e9koztat\u00f3 F\u00f3rum a helyi felh\u00edv\u00e1sokr\u00f3l &#8211; B\u00fckkaranyos","date":"2017-11-14","format":false,"excerpt":"T\u00e1j\u00e9koztat\u00f3 F\u00f3rum B\u00fckkaranyoson a helyi felh\u00edv\u00e1sokr\u00f3l! A B\u00fckk-T\u00e9rs\u00e9gi LEADER Egyes\u00fclet t\u00e1j\u00e9koztat\u00f3 f\u00f3rumot tart 2017.11.30-\u00e1n B\u00fckkaranyoson a megjelent helyi felh\u00edv\u00e1sokr\u00f3l a mell\u00e9kelt megh\u00edv\u00f3 szerint.\u00a0 Megh\u00edv\u00f3 >>","rel":"","context":"In &quot;H\u00edreink, k\u00f6zlem\u00e9nyeink&quot;","img":{"alt_text":"","src":"https:\/\/i2.wp.com\/bukkleader.hu\/old\/wp-content\/uploads\/2017\/11\/B\u00fckkaranyos-2.jpg?resize=350%2C200&ssl=1","width":350,"height":200},"classes":[]},{"id":1483,"url":"https:\/\/bukkleader.hu\/old\/tisztelt-palyazok-modosultak-2018-01-02-tol-benyujthato-helyi-felhivasok\/","url_meta":{"origin":1285,"position":4},"title":"Tisztelt P\u00e1ly\u00e1z\u00f3k! M\u00f3dosultak a 2018.01.02-t\u00f3l beny\u00fajthat\u00f3 helyi felh\u00edv\u00e1sok.","date":"2017-12-21","format":false,"excerpt":"A M\u00daLT, JELEN, \u00c9S A J\u00d6V\u0150 MESTERS\u00c9GEINEK FEJLESZT\u00c9SE (VP6-19.2.1.-15-5-17) helyi felh\u00edv\u00e1s eset\u00e9ben:\u00a0\u00a04.1. T\u00e1mogat\u00e1st ig\u00e9nyl\u0151k k\u00f6re\u00a01.b. alpontja m\u00f3dosult, a 4.2. T\u00e1mogat\u00e1sban nem r\u00e9szes\u00edthet\u0151k k\u00f6re kieg\u00e9sz\u00fclt az e) alponttal valamint a 6.1. Csatoland\u00f3 mell\u00e9kletek k\u00f6z\u00fcl\u00a0 \"A felh\u00edv\u00e1s\u00a04.4.2.\/3. pontj\u00e1hoz tartoz\u00f3 Tartalmi \u00e9rt\u00e9kel\u00e9si szempontokat al\u00e1t\u00e1maszt\u00f3 igazol\u00e1sok, nyilatkozatok, dokumentumok\" e) alpontja m\u00f3dosult. A B\u00dcKKI \u00c9S\u2026","rel":"","context":"In &quot;H\u00edreink, k\u00f6zlem\u00e9nyeink&quot;","img":{"alt_text":"","src":"https:\/\/i2.wp.com\/bukkleader.hu\/old\/wp-content\/uploads\/2017\/12\/danger.png?resize=350%2C200&ssl=1","width":350,"height":200},"classes":[]},{"id":8337,"url":"https:\/\/bukkleader.hu\/old\/megjelent-a-helyi-fejlesztesek-tamogatasa-vp6-19-2-1-15-10-21-helyi-felhivas\/","url_meta":{"origin":1285,"position":5},"title":"Megjelent a HELYI FEJLESZT\u00c9SEK T\u00c1MOGAT\u00c1SA (VP6-19.2.1.-15-10-21) helyi felh\u00edv\u00e1s!","date":"2021-07-29","format":false,"excerpt":"Megjelent a HELYI FEJLESZT\u00c9SEK T\u00c1MOGAT\u00c1SA (VP6-19.2.1.-15-10-21) helyi felh\u00edv\u00e1s! A felh\u00edv\u00e1s \u00e9s mell\u00e9kletei let\u00f6lthet\u0151k a Magyar \u00c1llamkincst\u00e1r honlapj\u00e1r\u00f3l: https:\/\/e-kerelem.mvh.allamkincstar.gov.hu\/enter\/leaderbongeszo\/leaderBongeszo.xhtml (A linkre l\u00e9pve Helyi Akci\u00f3csoportn\u00e1l v\u00e1lassz\u00e1k ki a leg\u00f6rd\u00fcl\u0151 men\u00fcb\u0151l a B\u00fckk-T\u00e9rs\u00e9gi LEADER Egyes\u00fcletet, vagy a Telep\u00fcl\u00e9sn\u00e9l a megval\u00f3s\u00edt\u00e1s tervezett helysz\u00edn\u00e9t. A megjelen\u0151 list\u00e1b\u00f3l a \"Helyi fejleszt\u00e9sek t\u00e1mogat\u00e1sa\u201d c\u00edm\u0171 felh\u00edv\u00e1s a relev\u00e1ns.\u2026","rel":"","context":"In &quot;H\u00edreink, k\u00f6zlem\u00e9nyeink&quot;","img":{"alt_text":"","src":"https:\/\/i0.wp.com\/bukkleader.hu\/old\/wp-content\/uploads\/2018\/08\/p\u00e1ly\u00e1zati-felh\u00edv\u00e1s.jpg?resize=350%2C200&ssl=1","width":350,"height":200},"classes":[]}],"_links":{"self":[{"href":"https:\/\/bukkleader.hu\/old\/wp-json\/wp\/v2\/posts\/1285"}],"collection":[{"href":"https:\/\/bukkleader.hu\/old\/wp-json\/wp\/v2\/posts"}],"about":[{"href":"https:\/\/bukkleader.hu\/old\/wp-json\/wp\/v2\/types\/post"}],"author":[{"embeddable":true,"href":"https:\/\/bukkleader.hu\/old\/wp-json\/wp\/v2\/users\/4"}],"replies":[{"embeddable":true,"href":"https:\/\/bukkleader.hu\/old\/wp-json\/wp\/v2\/comments?post=1285"}],"version-history":[{"count":1,"href":"https:\/\/bukkleader.hu\/old\/wp-json\/wp\/v2\/posts\/1285\/revisions"}],"predecessor-version":[{"id":1288,"href":"https:\/\/bukkleader.hu\/old\/wp-json\/wp\/v2\/posts\/1285\/revisions\/1288"}],"wp:featuredmedia":[{"embeddable":true,"href":"https:\/\/bukkleader.hu\/old\/wp-json\/wp\/v2\/media\/1287"}],"wp:attachment":[{"href":"https:\/\/bukkleader.hu\/old\/wp-json\/wp\/v2\/media?parent=1285"}],"wp:term":[{"taxonomy":"category","embeddable":true,"href":"https:\/\/bukkleader.hu\/old\/wp-json\/wp\/v2\/categories?post=1285"},{"taxonomy":"post_tag","embeddable":true,"href":"https:\/\/bukkleader.hu\/old\/wp-json\/wp\/v2\/tags?post=1285"}],"curies":[{"name":"wp","href":"https:\/\/api.w.org\/{rel}","templated":true}]}}