{"id":1256,"date":"2016-12-14T10:57:27","date_gmt":"2016-12-14T09:57:27","guid":{"rendered":"https:\/\/bukkleader.hu\/old\/?p=1256"},"modified":"2016-12-14T10:57:27","modified_gmt":"2016-12-14T09:57:27","slug":"szakmai-forum-sajolad","status":"publish","type":"post","link":"https:\/\/bukkleader.hu\/old\/szakmai-forum-sajolad\/","title":{"rendered":"Szakmai F\u00f3rum &#8211; Saj\u00f3l\u00e1d"},"content":{"rendered":"<p><strong>A B\u00fckk-T\u00e9rs\u00e9gi LEADER Egyes\u00fclet a LEADER \u00e9s egy\u00e9b vid\u00e9kfejleszt\u00e9si t\u00e1mogat\u00e1si t\u00e9m\u00e1kban szakmai t\u00e1j\u00e9koztat\u00f3 f\u00f3rumot tart, 2016. december 15-\u00e9n melyre szeretettel megh\u00edvjuk Saj\u00f3l\u00e1d k\u00f6zs\u00e9g lakosait, civil szervezeteit, egyh\u00e1zk\u00f6zs\u00e9geit, v\u00e1llalkoz\u00f3it az al\u00e1bbi megh\u00edv\u00f3 szerint:<\/strong><\/p>\n<p><a href=\"https:\/\/bukkleader.hu\/old\/wp-content\/uploads\/2016\/12\/BTLE-megh\u00edv\u00f3-Saj\u00f3l\u00e1d.pdf\">MEGH\u00cdV\u00d3<\/a><\/p>\n<div class=\"sharedaddy sd-sharing-enabled\"><div class=\"robots-nocontent sd-block sd-social sd-social-icon sd-sharing\"><h3 class=\"sd-title\">Share this:<\/h3><div class=\"sd-content\"><ul><li class=\"share-facebook\"><a rel=\"nofollow noopener noreferrer\" data-shared=\"sharing-facebook-1256\" class=\"share-facebook sd-button share-icon no-text\" href=\"https:\/\/bukkleader.hu\/old\/szakmai-forum-sajolad\/?share=facebook\" target=\"_blank\" title=\"Click to share on Facebook\"><span><\/span><span class=\"sharing-screen-reader-text\">Click to share on Facebook (Opens in new window)<\/span><\/a><\/li><li class=\"share-twitter\"><a rel=\"nofollow noopener noreferrer\" data-shared=\"sharing-twitter-1256\" class=\"share-twitter sd-button share-icon no-text\" href=\"https:\/\/bukkleader.hu\/old\/szakmai-forum-sajolad\/?share=twitter\" target=\"_blank\" title=\"Click to share on Twitter\"><span><\/span><span class=\"sharing-screen-reader-text\">Click to share on Twitter (Opens in new window)<\/span><\/a><\/li><li class=\"share-print\"><a rel=\"nofollow noopener noreferrer\" data-shared=\"\" class=\"share-print sd-button share-icon no-text\" href=\"https:\/\/bukkleader.hu\/old\/szakmai-forum-sajolad\/\" target=\"_blank\" title=\"Click to print\"><span><\/span><span class=\"sharing-screen-reader-text\">Click to print (Opens in new window)<\/span><\/a><\/li><li class=\"share-email\"><a rel=\"nofollow noopener noreferrer\" data-shared=\"\" class=\"share-email sd-button share-icon no-text\" href=\"https:\/\/bukkleader.hu\/old\/szakmai-forum-sajolad\/?share=email\" target=\"_blank\" title=\"Click to email this to a friend\"><span><\/span><span class=\"sharing-screen-reader-text\">Click to email this to a friend (Opens in new window)<\/span><\/a><\/li><li class=\"share-end\"><\/li><\/ul><\/div><\/div><\/div>","protected":false},"excerpt":{"rendered":"<p>A B\u00fckk-T\u00e9rs\u00e9gi LEADER Egyes\u00fclet a LEADER \u00e9s egy\u00e9b vid\u00e9kfejleszt\u00e9si t\u00e1mogat\u00e1si t\u00e9m\u00e1kban szakmai t\u00e1j\u00e9koztat\u00f3 f\u00f3rumot tart, 2016. december 15-\u00e9n melyre szeretettel megh\u00edvjuk Saj\u00f3l\u00e1d k\u00f6zs\u00e9g lakosait, civil szervezeteit, egyh\u00e1zk\u00f6zs\u00e9geit, v\u00e1llalkoz\u00f3it az al\u00e1bbi megh\u00edv\u00f3 szerint: MEGH\u00cdV\u00d3<\/p>\n<div class=\"sharedaddy sd-sharing-enabled\"><div class=\"robots-nocontent sd-block sd-social sd-social-icon sd-sharing\"><h3 class=\"sd-title\">Share this:<\/h3><div class=\"sd-content\"><ul><li class=\"share-facebook\"><a rel=\"nofollow noopener noreferrer\" data-shared=\"sharing-facebook-1256\" class=\"share-facebook sd-button share-icon no-text\" href=\"https:\/\/bukkleader.hu\/old\/szakmai-forum-sajolad\/?share=facebook\" target=\"_blank\" title=\"Click to share on Facebook\"><span><\/span><span class=\"sharing-screen-reader-text\">Click to share on Facebook (Opens in new window)<\/span><\/a><\/li><li class=\"share-twitter\"><a rel=\"nofollow noopener noreferrer\" data-shared=\"sharing-twitter-1256\" class=\"share-twitter sd-button share-icon no-text\" href=\"https:\/\/bukkleader.hu\/old\/szakmai-forum-sajolad\/?share=twitter\" target=\"_blank\" title=\"Click to share on Twitter\"><span><\/span><span class=\"sharing-screen-reader-text\">Click to share on Twitter (Opens in new window)<\/span><\/a><\/li><li class=\"share-print\"><a rel=\"nofollow noopener noreferrer\" data-shared=\"\" class=\"share-print sd-button share-icon no-text\" href=\"https:\/\/bukkleader.hu\/old\/szakmai-forum-sajolad\/\" target=\"_blank\" title=\"Click to print\"><span><\/span><span class=\"sharing-screen-reader-text\">Click to print (Opens in new window)<\/span><\/a><\/li><li class=\"share-email\"><a rel=\"nofollow noopener noreferrer\" data-shared=\"\" class=\"share-email sd-button share-icon no-text\" href=\"https:\/\/bukkleader.hu\/old\/szakmai-forum-sajolad\/?share=email\" target=\"_blank\" title=\"Click to email this to a friend\"><span><\/span><span class=\"sharing-screen-reader-text\">Click to email this to a friend (Opens in new window)<\/span><\/a><\/li><li class=\"share-end\"><\/li><\/ul><\/div><\/div><\/div>","protected":false},"author":4,"featured_media":1258,"comment_status":"open","ping_status":"closed","sticky":false,"template":"","format":"standard","meta":{"_bbp_topic_count":0,"_bbp_reply_count":0,"_bbp_total_topic_count":0,"_bbp_total_reply_count":0,"_bbp_voice_count":0,"_bbp_anonymous_reply_count":0,"_bbp_topic_count_hidden":0,"_bbp_reply_count_hidden":0,"_bbp_forum_subforum_count":0,"spay_email":"","jetpack_publicize_message":"","jetpack_is_tweetstorm":false,"jetpack_publicize_feature_enabled":true},"categories":[1],"tags":[],"jetpack_featured_media_url":"https:\/\/bukkleader.hu\/old\/wp-content\/uploads\/2016\/12\/Saj\u00f3l\u00e1d-h\u00e1zass\u00e1gk\u00f6t\u0151.jpg","jetpack_publicize_connections":[],"jetpack_sharing_enabled":true,"jetpack-related-posts":[{"id":8569,"url":"https:\/\/bukkleader.hu\/old\/leader-tudomka-pont-kialakitasa-i-rendezveny-2021-09-29-sajolad\/","url_meta":{"origin":1256,"position":0},"title":"LEADER Tudomka Pont kialak\u00edt\u00e1sa I. rendezv\u00e9ny  2021. 09. 29. Saj\u00f3l\u00e1d","date":"2021-09-29","format":false,"excerpt":"A Hagyom\u00e1nyteremt\u0151 M\u0171v\u00e9szeti \u00e9s Oktat\u00e1si Nonprofit Kft. tisztelettel megh\u00edvja \u00d6n\u00f6ket a LEADER Tudomka Pont kialak\u00edt\u00e1sa I. megnevez\u00e9s\u0171 rendezv\u00e9ny\u00e9re. A megh\u00edv\u00f3 let\u00f6lthet\u0151 pdf-ben itt.","rel":"","context":"In &quot;H\u00edreink, k\u00f6zlem\u00e9nyeink&quot;","img":{"alt_text":"","src":"https:\/\/i1.wp.com\/bukkleader.hu\/old\/wp-content\/uploads\/2021\/08\/gy\u00f3gyn\u00f6v\u00e9nyek.jpg?resize=350%2C200&ssl=1","width":350,"height":200},"classes":[]},{"id":8573,"url":"https:\/\/bukkleader.hu\/old\/leader-tudomka-tematikus-kozpont-kepzes-2021-10-02-sajolad\/","url_meta":{"origin":1256,"position":1},"title":"LEADER Tudomka Pont kialak\u00edt\u00e1sa I. rendezv\u00e9ny 2021. 10. 02. Saj\u00f3l\u00e1d","date":"2021-09-29","format":false,"excerpt":"A Hagyom\u00e1nyteremt\u0151 M\u0171v\u00e9szeti \u00e9s Oktat\u00e1si Nonprofit Kft. tisztelettel megh\u00edvja \u00d6n\u00f6ket a LEADER Tudomka Pont kialak\u00edt\u00e1sa I. rendezv\u00e9ny\u00e9re. A megh\u00edv\u00f3 let\u00f6lthet\u0151 pdf-ben itt.","rel":"","context":"In &quot;H\u00edreink, k\u00f6zlem\u00e9nyeink&quot;","img":{"alt_text":"","src":"https:\/\/i1.wp.com\/bukkleader.hu\/old\/wp-content\/uploads\/2021\/09\/gy\u00f3gyn\u00f6v\u00e9ny-4.jpg?resize=350%2C200&ssl=1","width":350,"height":200},"classes":[]},{"id":8463,"url":"https:\/\/bukkleader.hu\/old\/leader-tudomka-pont-kialakitasa-i-rendezveny-2021-09-18-sajolad\/","url_meta":{"origin":1256,"position":2},"title":"&#8220;LEADER Tudomka Pont kialak\u00edt\u00e1sa I.&#8221; rendezv\u00e9ny 2021. 09. 18. Saj\u00f3l\u00e1d","date":"2021-09-16","format":false,"excerpt":"Sinkun\u00e9 Nagy Emese, a Hagyom\u00e1nyteremt\u0151 M\u0171v\u00e9szeti \u00e9s Oktat\u00e1si Nonprofit Kft. \u00fcgyvezet\u0151je tisztelettel megh\u00edvja \u00d6n\u00f6ket a \"LEADER Tudomka Pont kialak\u00edt\u00e1sa I.\" megnevez\u00e9s\u0171 rendezv\u00e9nyre. A megh\u00edv\u00f3 pdf-ben let\u00f6lthet\u0151 itt.","rel":"","context":"In &quot;H\u00edreink, k\u00f6zlem\u00e9nyeink&quot;","img":{"alt_text":"","src":"https:\/\/i1.wp.com\/bukkleader.hu\/old\/wp-content\/uploads\/2021\/09\/gy\u00f3gyn\u00f6vny-6.jpg?resize=350%2C200&ssl=1","width":350,"height":200},"classes":[]},{"id":8654,"url":"https:\/\/bukkleader.hu\/old\/meghivo-a-bukk-tersegi-leader-egyesulet-szakmai-forumara-2021-12-17-on-line-forum\/","url_meta":{"origin":1256,"position":3},"title":"Megh\u00edv\u00f3 a B\u00fckk-T\u00e9rs\u00e9gi LEADER Egyes\u00fclet Szakmai F\u00f3rum\u00e1ra, 2021. 12. 17., online f\u00f3rum","date":"2021-12-08","format":false,"excerpt":"Nagy Lajos a B\u00fckk-T\u00e9rs\u00e9gi LEADER Egyes\u00fclet eln\u00f6ke \u00e9s Dr. Nagyn\u00e9 Mile Erzs\u00e9bet munkaszervezet vezet\u0151 tisztelettel megh\u00edvja \u00d6n\u00f6ket a 2021. 12. 17.-\u00e9n tartand\u00f3 szakmai f\u00f3rumra. A pdf let\u00f6lthet\u0151 itt.","rel":"","context":"In &quot;H\u00edreink, k\u00f6zlem\u00e9nyeink&quot;","img":{"alt_text":"bukk-leader-logo-w","src":"https:\/\/i2.wp.com\/bukkleader.hu\/old\/wp-content\/uploads\/2015\/09\/bukk-leader-logo-w.jpg?resize=350%2C200&ssl=1","width":350,"height":200},"classes":[]},{"id":1159,"url":"https:\/\/bukkleader.hu\/old\/szakmai-forum-sajobabony\/","url_meta":{"origin":1256,"position":4},"title":"Szakmai F\u00f3rum &#8211; Saj\u00f3b\u00e1bony","date":"2016-10-20","format":false,"excerpt":"A B\u00fckk-T\u00e9rs\u00e9gi LEADER Egyes\u00fclet a LEADER \u00e9s egy\u00e9b vid\u00e9kfejleszt\u00e9si t\u00e1mogat\u00e1si t\u00e9m\u00e1kban szakmai t\u00e1j\u00e9koztat\u00f3 f\u00f3rumot tart, melyre szeretettel megh\u00edvjuk Saj\u00f3b\u00e1bony lakosait, civil szervezeteit, egyh\u00e1zk\u00f6zs\u00e9geit, v\u00e1llalkoz\u00f3it az al\u00e1bbi megh\u00edv\u00f3 szerint:\u00a0MEGH\u00cdV\u00d3 >>\u00a0","rel":"","context":"In &quot;H\u00edreink, k\u00f6zlem\u00e9nyeink&quot;","img":{"alt_text":"","src":"https:\/\/i2.wp.com\/bukkleader.hu\/old\/wp-content\/uploads\/2016\/10\/Saj\u00f3b\u00e1bony.jpg?resize=350%2C200&ssl=1","width":350,"height":200},"classes":[]},{"id":1164,"url":"https:\/\/bukkleader.hu\/old\/szakmai-forum-sajokeresztur\/","url_meta":{"origin":1256,"position":5},"title":"Szakmai F\u00f3rum &#8211; Saj\u00f3kereszt\u00far","date":"2016-10-20","format":false,"excerpt":"A B\u00fckk-T\u00e9rs\u00e9gi LEADER Egyes\u00fclet a LEADER \u00e9s egy\u00e9b vid\u00e9kfejleszt\u00e9si t\u00e1mogat\u00e1si t\u00e9m\u00e1kban szakmai t\u00e1j\u00e9koztat\u00f3 f\u00f3rumot tart, melyre szeretettel megh\u00edvjuk Saj\u00f3kereszt\u00far k\u00f6zs\u00e9g lakosait, civil szervezeteit, egyh\u00e1zk\u00f6zs\u00e9geit, v\u00e1llalkoz\u00f3it az al\u00e1bbi megh\u00edv\u00f3 szerint:MEGH\u00cdV\u00d3 <<","rel":"","context":"In &quot;H\u00edreink, k\u00f6zlem\u00e9nyeink&quot;","img":{"alt_text":"","src":"https:\/\/i0.wp.com\/bukkleader.hu\/old\/wp-content\/uploads\/2016\/10\/saj\u00f3kereszt\u00far.jpg?resize=350%2C200&ssl=1","width":350,"height":200},"classes":[]}],"_links":{"self":[{"href":"https:\/\/bukkleader.hu\/old\/wp-json\/wp\/v2\/posts\/1256"}],"collection":[{"href":"https:\/\/bukkleader.hu\/old\/wp-json\/wp\/v2\/posts"}],"about":[{"href":"https:\/\/bukkleader.hu\/old\/wp-json\/wp\/v2\/types\/post"}],"author":[{"embeddable":true,"href":"https:\/\/bukkleader.hu\/old\/wp-json\/wp\/v2\/users\/4"}],"replies":[{"embeddable":true,"href":"https:\/\/bukkleader.hu\/old\/wp-json\/wp\/v2\/comments?post=1256"}],"version-history":[{"count":1,"href":"https:\/\/bukkleader.hu\/old\/wp-json\/wp\/v2\/posts\/1256\/revisions"}],"predecessor-version":[{"id":1259,"href":"https:\/\/bukkleader.hu\/old\/wp-json\/wp\/v2\/posts\/1256\/revisions\/1259"}],"wp:featuredmedia":[{"embeddable":true,"href":"https:\/\/bukkleader.hu\/old\/wp-json\/wp\/v2\/media\/1258"}],"wp:attachment":[{"href":"https:\/\/bukkleader.hu\/old\/wp-json\/wp\/v2\/media?parent=1256"}],"wp:term":[{"taxonomy":"category","embeddable":true,"href":"https:\/\/bukkleader.hu\/old\/wp-json\/wp\/v2\/categories?post=1256"},{"taxonomy":"post_tag","embeddable":true,"href":"https:\/\/bukkleader.hu\/old\/wp-json\/wp\/v2\/tags?post=1256"}],"curies":[{"name":"wp","href":"https:\/\/api.w.org\/{rel}","templated":true}]}}