{"id":1251,"date":"2016-12-06T13:02:46","date_gmt":"2016-12-06T12:02:46","guid":{"rendered":"https:\/\/bukkleader.hu\/old\/?p=1251"},"modified":"2016-12-06T13:02:46","modified_gmt":"2016-12-06T12:02:46","slug":"szakmai-forum-alacska","status":"publish","type":"post","link":"https:\/\/bukkleader.hu\/old\/szakmai-forum-alacska\/","title":{"rendered":"Szakmai F\u00f3rum &#8211; Alacska"},"content":{"rendered":"<p><strong>A B\u00fckk-T\u00e9rs\u00e9gi LEADER Egyes\u00fclet a LEADER \u00e9s egy\u00e9b vid\u00e9kfejleszt\u00e9si t\u00e1mogat\u00e1si t\u00e9m\u00e1kban szakmai t\u00e1j\u00e9koztat\u00f3 f\u00f3rumot tart 2016. 12. 12-\u00e9n, melyre szeretettel megh\u00edvjuk Alacska k\u00f6zs\u00e9g lakosait, civil szervezeteit, egyh\u00e1zk\u00f6zs\u00e9geit, v\u00e1llalkoz\u00f3it az al\u00e1bbi megh\u00edv\u00f3 szerint:<\/strong><\/p>\n<p><a href=\"https:\/\/bukkleader.hu\/old\/wp-content\/uploads\/2016\/12\/BTLE-megh\u00edv\u00f3-Alacska.pdf\">MEGH\u00cdV\u00d3<\/a><\/p>\n<div class=\"sharedaddy sd-sharing-enabled\"><div class=\"robots-nocontent sd-block sd-social sd-social-icon sd-sharing\"><h3 class=\"sd-title\">Share this:<\/h3><div class=\"sd-content\"><ul><li class=\"share-facebook\"><a rel=\"nofollow noopener noreferrer\" data-shared=\"sharing-facebook-1251\" class=\"share-facebook sd-button share-icon no-text\" href=\"https:\/\/bukkleader.hu\/old\/szakmai-forum-alacska\/?share=facebook\" target=\"_blank\" title=\"Click to share on Facebook\"><span><\/span><span class=\"sharing-screen-reader-text\">Click to share on Facebook (Opens in new window)<\/span><\/a><\/li><li class=\"share-twitter\"><a rel=\"nofollow noopener noreferrer\" data-shared=\"sharing-twitter-1251\" class=\"share-twitter sd-button share-icon no-text\" href=\"https:\/\/bukkleader.hu\/old\/szakmai-forum-alacska\/?share=twitter\" target=\"_blank\" title=\"Click to share on Twitter\"><span><\/span><span class=\"sharing-screen-reader-text\">Click to share on Twitter (Opens in new window)<\/span><\/a><\/li><li class=\"share-print\"><a rel=\"nofollow noopener noreferrer\" data-shared=\"\" class=\"share-print sd-button share-icon no-text\" href=\"https:\/\/bukkleader.hu\/old\/szakmai-forum-alacska\/\" target=\"_blank\" title=\"Click to print\"><span><\/span><span class=\"sharing-screen-reader-text\">Click to print (Opens in new window)<\/span><\/a><\/li><li class=\"share-email\"><a rel=\"nofollow noopener noreferrer\" data-shared=\"\" class=\"share-email sd-button share-icon no-text\" href=\"https:\/\/bukkleader.hu\/old\/szakmai-forum-alacska\/?share=email\" target=\"_blank\" title=\"Click to email this to a friend\"><span><\/span><span class=\"sharing-screen-reader-text\">Click to email this to a friend (Opens in new window)<\/span><\/a><\/li><li class=\"share-end\"><\/li><\/ul><\/div><\/div><\/div>","protected":false},"excerpt":{"rendered":"<p>A B\u00fckk-T\u00e9rs\u00e9gi LEADER Egyes\u00fclet a LEADER \u00e9s egy\u00e9b vid\u00e9kfejleszt\u00e9si t\u00e1mogat\u00e1si t\u00e9m\u00e1kban szakmai t\u00e1j\u00e9koztat\u00f3 f\u00f3rumot tart 2016. 12. 12-\u00e9n, melyre szeretettel megh\u00edvjuk Alacska k\u00f6zs\u00e9g lakosait, civil szervezeteit, egyh\u00e1zk\u00f6zs\u00e9geit, v\u00e1llalkoz\u00f3it az al\u00e1bbi megh\u00edv\u00f3 szerint: MEGH\u00cdV\u00d3<\/p>\n<div class=\"sharedaddy sd-sharing-enabled\"><div class=\"robots-nocontent sd-block sd-social sd-social-icon sd-sharing\"><h3 class=\"sd-title\">Share this:<\/h3><div class=\"sd-content\"><ul><li class=\"share-facebook\"><a rel=\"nofollow noopener noreferrer\" data-shared=\"sharing-facebook-1251\" class=\"share-facebook sd-button share-icon no-text\" href=\"https:\/\/bukkleader.hu\/old\/szakmai-forum-alacska\/?share=facebook\" target=\"_blank\" title=\"Click to share on Facebook\"><span><\/span><span class=\"sharing-screen-reader-text\">Click to share on Facebook (Opens in new window)<\/span><\/a><\/li><li class=\"share-twitter\"><a rel=\"nofollow noopener noreferrer\" data-shared=\"sharing-twitter-1251\" class=\"share-twitter sd-button share-icon no-text\" href=\"https:\/\/bukkleader.hu\/old\/szakmai-forum-alacska\/?share=twitter\" target=\"_blank\" title=\"Click to share on Twitter\"><span><\/span><span class=\"sharing-screen-reader-text\">Click to share on Twitter (Opens in new window)<\/span><\/a><\/li><li class=\"share-print\"><a rel=\"nofollow noopener noreferrer\" data-shared=\"\" class=\"share-print sd-button share-icon no-text\" href=\"https:\/\/bukkleader.hu\/old\/szakmai-forum-alacska\/\" target=\"_blank\" title=\"Click to print\"><span><\/span><span class=\"sharing-screen-reader-text\">Click to print (Opens in new window)<\/span><\/a><\/li><li class=\"share-email\"><a rel=\"nofollow noopener noreferrer\" data-shared=\"\" class=\"share-email sd-button share-icon no-text\" href=\"https:\/\/bukkleader.hu\/old\/szakmai-forum-alacska\/?share=email\" target=\"_blank\" title=\"Click to email this to a friend\"><span><\/span><span class=\"sharing-screen-reader-text\">Click to email this to a friend (Opens in new window)<\/span><\/a><\/li><li class=\"share-end\"><\/li><\/ul><\/div><\/div><\/div>","protected":false},"author":4,"featured_media":1253,"comment_status":"open","ping_status":"closed","sticky":false,"template":"","format":"standard","meta":{"_bbp_topic_count":0,"_bbp_reply_count":0,"_bbp_total_topic_count":0,"_bbp_total_reply_count":0,"_bbp_voice_count":0,"_bbp_anonymous_reply_count":0,"_bbp_topic_count_hidden":0,"_bbp_reply_count_hidden":0,"_bbp_forum_subforum_count":0,"spay_email":"","jetpack_publicize_message":"","jetpack_is_tweetstorm":false,"jetpack_publicize_feature_enabled":true},"categories":[1],"tags":[],"jetpack_featured_media_url":"https:\/\/bukkleader.hu\/old\/wp-content\/uploads\/2016\/12\/Alacska-kastelykep.jpg","jetpack_publicize_connections":[],"jetpack_sharing_enabled":true,"jetpack-related-posts":[{"id":676,"url":"https:\/\/bukkleader.hu\/old\/meghivo-helyi-fejlesztesi-strategia-tervezesi-forumra-alacska\/","url_meta":{"origin":1251,"position":0},"title":"Megh\u00edv\u00f3 Helyi Fejleszt\u00e9si Strat\u00e9gia tervez\u00e9si f\u00f3rumra &#8211; Alacska","date":"2015-11-19","format":false,"excerpt":"A B\u00fckk-T\u00e9rs\u00e9gi LEADER Egyes\u00fclet Helyi Fejleszt\u00e9si Strat\u00e9gia tervez\u00e9si f\u00f3rumot tart \u00f6nkorm\u00e1nyzatok sz\u00e1m\u00e1ra, a mell\u00e9kelt megh\u00edv\u00f3 szerint. Minden \u00e9rdekl\u0151d\u0151t v\u00e1runk!\u00a0Megh\u00edv\u00f3 let\u00f6lt\u00e9se itt","rel":"","context":"In &quot;H\u00edreink, k\u00f6zlem\u00e9nyeink&quot;","img":{"alt_text":"","src":"https:\/\/i2.wp.com\/bukkleader.hu\/old\/wp-content\/uploads\/2015\/11\/alacska.jpg?resize=350%2C200&ssl=1","width":350,"height":200},"classes":[]},{"id":8654,"url":"https:\/\/bukkleader.hu\/old\/meghivo-a-bukk-tersegi-leader-egyesulet-szakmai-forumara-2021-12-17-on-line-forum\/","url_meta":{"origin":1251,"position":1},"title":"Megh\u00edv\u00f3 a B\u00fckk-T\u00e9rs\u00e9gi LEADER Egyes\u00fclet Szakmai F\u00f3rum\u00e1ra, 2021. 12. 17., online f\u00f3rum","date":"2021-12-08","format":false,"excerpt":"Nagy Lajos a B\u00fckk-T\u00e9rs\u00e9gi LEADER Egyes\u00fclet eln\u00f6ke \u00e9s Dr. Nagyn\u00e9 Mile Erzs\u00e9bet munkaszervezet vezet\u0151 tisztelettel megh\u00edvja \u00d6n\u00f6ket a 2021. 12. 17.-\u00e9n tartand\u00f3 szakmai f\u00f3rumra. A pdf let\u00f6lthet\u0151 itt.","rel":"","context":"In &quot;H\u00edreink, k\u00f6zlem\u00e9nyeink&quot;","img":{"alt_text":"bukk-leader-logo-w","src":"https:\/\/i2.wp.com\/bukkleader.hu\/old\/wp-content\/uploads\/2015\/09\/bukk-leader-logo-w.jpg?resize=350%2C200&ssl=1","width":350,"height":200},"classes":[]},{"id":8649,"url":"https:\/\/bukkleader.hu\/old\/meghivo-a-bukk-tersegi-leader-egyesulet-szakmai-forumara-sajokeresztur-2021-12-12\/","url_meta":{"origin":1251,"position":2},"title":"Megh\u00edv\u00f3 a B\u00fckk-T\u00e9rs\u00e9gi LEADER Egyes\u00fclet Szakmai F\u00f3rum\u00e1ra \u2013 Saj\u00f3kereszt\u00far, 2021.12.12.","date":"2021-12-03","format":false,"excerpt":"A B\u00fckk-T\u00e9rs\u00e9gi LEADER Egyes\u00fclet szeretettel megh\u00edvja \u00d6n\u00f6ket 2021. 12. 12-\u00e9n Saj\u00f3kereszt\u00faron tartand\u00f3 szakmai f\u00f3rum\u00e1ra. A megh\u00edv\u00f3 pdf-ben let\u00f6lthet\u0151 itt.","rel":"","context":"In &quot;H\u00edreink, k\u00f6zlem\u00e9nyeink&quot;","img":{"alt_text":"bukk-leader-logo-w","src":"https:\/\/i2.wp.com\/bukkleader.hu\/old\/wp-content\/uploads\/2015\/09\/bukk-leader-logo-w.jpg?resize=350%2C200&ssl=1","width":350,"height":200},"classes":[]},{"id":8622,"url":"https:\/\/bukkleader.hu\/old\/meghivo-a-bukk-tersegi-leader-egyesulet-szakmai-forumara-bukkaranyos-2021-12-06\/","url_meta":{"origin":1251,"position":3},"title":"Megh\u00edv\u00f3 a B\u00fckk-T\u00e9rs\u00e9gi LEADER Egyes\u00fclet Szakmai F\u00f3rum\u00e1ra &#8211; B\u00fckkaranyos, 2021.12.06","date":"2021-11-26","format":false,"excerpt":"A B\u00fckk-T\u00e9rs\u00e9gi LEADER Egyes\u00fclet szeretettel megh\u00edvja \u00d6n\u00f6ket 2021. 12. 06-\u00e1n B\u00fckkaranyoson tartand\u00f3 szakmai f\u00f3rum\u00e1ra. A megh\u00edv\u00f3 pdf-ben let\u00f6lthet\u0151 itt.","rel":"","context":"In &quot;H\u00edreink, k\u00f6zlem\u00e9nyeink&quot;","img":{"alt_text":"","src":"https:\/\/i2.wp.com\/bukkleader.hu\/old\/wp-content\/uploads\/2021\/12\/MhvBks.jpg?resize=350%2C200&ssl=1","width":350,"height":200},"classes":[]},{"id":1159,"url":"https:\/\/bukkleader.hu\/old\/szakmai-forum-sajobabony\/","url_meta":{"origin":1251,"position":4},"title":"Szakmai F\u00f3rum &#8211; Saj\u00f3b\u00e1bony","date":"2016-10-20","format":false,"excerpt":"A B\u00fckk-T\u00e9rs\u00e9gi LEADER Egyes\u00fclet a LEADER \u00e9s egy\u00e9b vid\u00e9kfejleszt\u00e9si t\u00e1mogat\u00e1si t\u00e9m\u00e1kban szakmai t\u00e1j\u00e9koztat\u00f3 f\u00f3rumot tart, melyre szeretettel megh\u00edvjuk Saj\u00f3b\u00e1bony lakosait, civil szervezeteit, egyh\u00e1zk\u00f6zs\u00e9geit, v\u00e1llalkoz\u00f3it az al\u00e1bbi megh\u00edv\u00f3 szerint:\u00a0MEGH\u00cdV\u00d3 >>\u00a0","rel":"","context":"In &quot;H\u00edreink, k\u00f6zlem\u00e9nyeink&quot;","img":{"alt_text":"","src":"https:\/\/i2.wp.com\/bukkleader.hu\/old\/wp-content\/uploads\/2016\/10\/Saj\u00f3b\u00e1bony.jpg?resize=350%2C200&ssl=1","width":350,"height":200},"classes":[]},{"id":1164,"url":"https:\/\/bukkleader.hu\/old\/szakmai-forum-sajokeresztur\/","url_meta":{"origin":1251,"position":5},"title":"Szakmai F\u00f3rum &#8211; Saj\u00f3kereszt\u00far","date":"2016-10-20","format":false,"excerpt":"A B\u00fckk-T\u00e9rs\u00e9gi LEADER Egyes\u00fclet a LEADER \u00e9s egy\u00e9b vid\u00e9kfejleszt\u00e9si t\u00e1mogat\u00e1si t\u00e9m\u00e1kban szakmai t\u00e1j\u00e9koztat\u00f3 f\u00f3rumot tart, melyre szeretettel megh\u00edvjuk Saj\u00f3kereszt\u00far k\u00f6zs\u00e9g lakosait, civil szervezeteit, egyh\u00e1zk\u00f6zs\u00e9geit, v\u00e1llalkoz\u00f3it az al\u00e1bbi megh\u00edv\u00f3 szerint:MEGH\u00cdV\u00d3 <<","rel":"","context":"In &quot;H\u00edreink, k\u00f6zlem\u00e9nyeink&quot;","img":{"alt_text":"","src":"https:\/\/i0.wp.com\/bukkleader.hu\/old\/wp-content\/uploads\/2016\/10\/saj\u00f3kereszt\u00far.jpg?resize=350%2C200&ssl=1","width":350,"height":200},"classes":[]}],"_links":{"self":[{"href":"https:\/\/bukkleader.hu\/old\/wp-json\/wp\/v2\/posts\/1251"}],"collection":[{"href":"https:\/\/bukkleader.hu\/old\/wp-json\/wp\/v2\/posts"}],"about":[{"href":"https:\/\/bukkleader.hu\/old\/wp-json\/wp\/v2\/types\/post"}],"author":[{"embeddable":true,"href":"https:\/\/bukkleader.hu\/old\/wp-json\/wp\/v2\/users\/4"}],"replies":[{"embeddable":true,"href":"https:\/\/bukkleader.hu\/old\/wp-json\/wp\/v2\/comments?post=1251"}],"version-history":[{"count":1,"href":"https:\/\/bukkleader.hu\/old\/wp-json\/wp\/v2\/posts\/1251\/revisions"}],"predecessor-version":[{"id":1254,"href":"https:\/\/bukkleader.hu\/old\/wp-json\/wp\/v2\/posts\/1251\/revisions\/1254"}],"wp:featuredmedia":[{"embeddable":true,"href":"https:\/\/bukkleader.hu\/old\/wp-json\/wp\/v2\/media\/1253"}],"wp:attachment":[{"href":"https:\/\/bukkleader.hu\/old\/wp-json\/wp\/v2\/media?parent=1251"}],"wp:term":[{"taxonomy":"category","embeddable":true,"href":"https:\/\/bukkleader.hu\/old\/wp-json\/wp\/v2\/categories?post=1251"},{"taxonomy":"post_tag","embeddable":true,"href":"https:\/\/bukkleader.hu\/old\/wp-json\/wp\/v2\/tags?post=1251"}],"curies":[{"name":"wp","href":"https:\/\/api.w.org\/{rel}","templated":true}]}}