{"id":1169,"date":"2016-11-01T10:52:31","date_gmt":"2016-11-01T09:52:31","guid":{"rendered":"https:\/\/bukkleader.hu\/old\/?p=1169"},"modified":"2016-11-02T10:08:41","modified_gmt":"2016-11-02T09:08:41","slug":"szakmai-forum-cserepvaralja","status":"publish","type":"post","link":"https:\/\/bukkleader.hu\/old\/szakmai-forum-cserepvaralja\/","title":{"rendered":"Szakmai F\u00f3rum &#8211; Cser\u00e9pv\u00e1ralja"},"content":{"rendered":"<p><strong>A B\u00fckk-T\u00e9rs\u00e9gi LEADER Egyes\u00fclet a LEADER \u00e9s egy\u00e9b vid\u00e9kfejleszt\u00e9si t\u00e1mogat\u00e1si t\u00e9m\u00e1kban szakmai t\u00e1j\u00e9koztat\u00f3 f\u00f3rumot tart, melyre szeretettel megh\u00edvjuk Cser\u00e9pv\u00e1ralja k\u00f6zs\u00e9g lakosait, civil szervezeteit, egyh\u00e1zk\u00f6zs\u00e9geit, v\u00e1llalkoz\u00f3it az al\u00e1bbiak szerint &gt;&gt; <a href=\"https:\/\/bukkleader.hu\/old\/wp-content\/uploads\/2016\/11\/BTLE-megh\u00edv\u00f3-Cser\u00e9pv\u00e1ralja-leg\u00fajabb-fejl\u00e9c.pdf\">MEGH\u00cdV\u00d3<\/a><\/strong><\/p>\n<p><em>A f\u00f3rum id\u0151pontja<\/em>: \u00a0\u00a0\u00a0\u00a0\u00a0\u00a0\u00a0 <strong>2016. november 02. (szerda) 17:00 \u00f3ra<\/strong><\/p>\n<p><em>Helysz\u00edn<\/em>: \u00a0 \u00a0 \u00a0 \u00a0 \u00a0 \u00a0 \u00a0 \u00a0 \u00a0 \u00a0 \u00a0 \u00a0 \u00a0 Cser\u00e9pv\u00e1ralja, Turisztikai Fogad\u00f3k\u00f6zpont<strong>\u00a0<\/strong><\/p>\n<div class=\"sharedaddy sd-sharing-enabled\"><div class=\"robots-nocontent sd-block sd-social sd-social-icon sd-sharing\"><h3 class=\"sd-title\">Share this:<\/h3><div class=\"sd-content\"><ul><li class=\"share-facebook\"><a rel=\"nofollow noopener noreferrer\" data-shared=\"sharing-facebook-1169\" class=\"share-facebook sd-button share-icon no-text\" href=\"https:\/\/bukkleader.hu\/old\/szakmai-forum-cserepvaralja\/?share=facebook\" target=\"_blank\" title=\"Click to share on Facebook\"><span><\/span><span class=\"sharing-screen-reader-text\">Click to share on Facebook (Opens in new window)<\/span><\/a><\/li><li class=\"share-twitter\"><a rel=\"nofollow noopener noreferrer\" data-shared=\"sharing-twitter-1169\" class=\"share-twitter sd-button share-icon no-text\" href=\"https:\/\/bukkleader.hu\/old\/szakmai-forum-cserepvaralja\/?share=twitter\" target=\"_blank\" title=\"Click to share on Twitter\"><span><\/span><span class=\"sharing-screen-reader-text\">Click to share on Twitter (Opens in new window)<\/span><\/a><\/li><li class=\"share-print\"><a rel=\"nofollow noopener noreferrer\" data-shared=\"\" class=\"share-print sd-button share-icon no-text\" href=\"https:\/\/bukkleader.hu\/old\/szakmai-forum-cserepvaralja\/\" target=\"_blank\" title=\"Click to print\"><span><\/span><span class=\"sharing-screen-reader-text\">Click to print (Opens in new window)<\/span><\/a><\/li><li class=\"share-email\"><a rel=\"nofollow noopener noreferrer\" data-shared=\"\" class=\"share-email sd-button share-icon no-text\" href=\"https:\/\/bukkleader.hu\/old\/szakmai-forum-cserepvaralja\/?share=email\" target=\"_blank\" title=\"Click to email this to a friend\"><span><\/span><span class=\"sharing-screen-reader-text\">Click to email this to a friend (Opens in new window)<\/span><\/a><\/li><li class=\"share-end\"><\/li><\/ul><\/div><\/div><\/div>","protected":false},"excerpt":{"rendered":"<p>A B\u00fckk-T\u00e9rs\u00e9gi LEADER Egyes\u00fclet a LEADER \u00e9s egy\u00e9b vid\u00e9kfejleszt\u00e9si t\u00e1mogat\u00e1si t\u00e9m\u00e1kban szakmai t\u00e1j\u00e9koztat\u00f3 f\u00f3rumot tart, melyre szeretettel megh\u00edvjuk Cser\u00e9pv\u00e1ralja k\u00f6zs\u00e9g lakosait, civil szervezeteit, egyh\u00e1zk\u00f6zs\u00e9geit, v\u00e1llalkoz\u00f3it az al\u00e1bbiak szerint &gt;&gt; MEGH\u00cdV\u00d3 A f\u00f3rum id\u0151pontja: \u00a0\u00a0\u00a0\u00a0\u00a0\u00a0\u00a0 2016. november 02. (szerda) 17:00 \u00f3ra Helysz\u00edn: \u00a0 \u00a0 \u00a0 \u00a0 \u00a0 \u00a0 \u00a0 \u00a0 \u00a0 \u00a0 \u00a0 \u00a0 \u00a0 Cser\u00e9pv\u00e1ralja, [&hellip;]<\/p>\n<div class=\"sharedaddy sd-sharing-enabled\"><div class=\"robots-nocontent sd-block sd-social sd-social-icon sd-sharing\"><h3 class=\"sd-title\">Share this:<\/h3><div class=\"sd-content\"><ul><li class=\"share-facebook\"><a rel=\"nofollow noopener noreferrer\" data-shared=\"sharing-facebook-1169\" class=\"share-facebook sd-button share-icon no-text\" href=\"https:\/\/bukkleader.hu\/old\/szakmai-forum-cserepvaralja\/?share=facebook\" target=\"_blank\" title=\"Click to share on Facebook\"><span><\/span><span class=\"sharing-screen-reader-text\">Click to share on Facebook (Opens in new window)<\/span><\/a><\/li><li class=\"share-twitter\"><a rel=\"nofollow noopener noreferrer\" data-shared=\"sharing-twitter-1169\" class=\"share-twitter sd-button share-icon no-text\" href=\"https:\/\/bukkleader.hu\/old\/szakmai-forum-cserepvaralja\/?share=twitter\" target=\"_blank\" title=\"Click to share on Twitter\"><span><\/span><span class=\"sharing-screen-reader-text\">Click to share on Twitter (Opens in new window)<\/span><\/a><\/li><li class=\"share-print\"><a rel=\"nofollow noopener noreferrer\" data-shared=\"\" class=\"share-print sd-button share-icon no-text\" href=\"https:\/\/bukkleader.hu\/old\/szakmai-forum-cserepvaralja\/\" target=\"_blank\" title=\"Click to print\"><span><\/span><span class=\"sharing-screen-reader-text\">Click to print (Opens in new window)<\/span><\/a><\/li><li class=\"share-email\"><a rel=\"nofollow noopener noreferrer\" data-shared=\"\" class=\"share-email sd-button share-icon no-text\" href=\"https:\/\/bukkleader.hu\/old\/szakmai-forum-cserepvaralja\/?share=email\" target=\"_blank\" title=\"Click to email this to a friend\"><span><\/span><span class=\"sharing-screen-reader-text\">Click to email this to a friend (Opens in new window)<\/span><\/a><\/li><li class=\"share-end\"><\/li><\/ul><\/div><\/div><\/div>","protected":false},"author":4,"featured_media":1170,"comment_status":"open","ping_status":"closed","sticky":false,"template":"","format":"standard","meta":{"_bbp_topic_count":0,"_bbp_reply_count":0,"_bbp_total_topic_count":0,"_bbp_total_reply_count":0,"_bbp_voice_count":0,"_bbp_anonymous_reply_count":0,"_bbp_topic_count_hidden":0,"_bbp_reply_count_hidden":0,"_bbp_forum_subforum_count":0,"spay_email":"","jetpack_publicize_message":"","jetpack_is_tweetstorm":false,"jetpack_publicize_feature_enabled":true},"categories":[1],"tags":[],"jetpack_featured_media_url":"https:\/\/bukkleader.hu\/old\/wp-content\/uploads\/2016\/11\/cser\u00e9pv\u00e1ralja.jpg","jetpack_publicize_connections":[],"jetpack_sharing_enabled":true,"jetpack-related-posts":[{"id":1399,"url":"https:\/\/bukkleader.hu\/old\/tajekoztato-forum-cserepvaralja\/","url_meta":{"origin":1169,"position":0},"title":"ID\u0150PONTV\u00c1LTOZ\u00c1S! T\u00e1j\u00e9koztat\u00f3 F\u00f3rum a helyi felh\u00edv\u00e1sokr\u00f3l &#8211; Cser\u00e9pv\u00e1ralja","date":"2017-11-14","format":false,"excerpt":"ID\u0150PONTV\u00c1LTOZ\u00c1S! T\u00e1j\u00e9koztat\u00f3 F\u00f3rum Cser\u00e9pv\u00e1ralj\u00e1n a helyi felh\u00edv\u00e1sokr\u00f3l! A Cser\u00e9pv\u00e1ralj\u00e1n 2017.12.04.-\u00e9n megrendezend\u0151 szakmai f\u00f3rum technikai okok miatt 2017. 12.12.-\u00e9n ker\u00fcl megrendez\u00e9sre\u00a0a helyi felh\u00edv\u00e1sokr\u00f3l, a mell\u00e9kelt megh\u00edv\u00f3 szerint. Megh\u00edv\u00f3 >>","rel":"","context":"In &quot;H\u00edreink, k\u00f6zlem\u00e9nyeink&quot;","img":{"alt_text":"","src":"https:\/\/i2.wp.com\/bukkleader.hu\/old\/wp-content\/uploads\/2017\/11\/Cser\u00e9pv\u00e1ralja-1-1.jpg?resize=350%2C200&ssl=1","width":350,"height":200},"classes":[]},{"id":543,"url":"https:\/\/bukkleader.hu\/old\/meghivo-helyi-fejlesztesi-strategia-tervezesi-forumra-cserepvaralja\/","url_meta":{"origin":1169,"position":1},"title":"Megh\u00edv\u00f3 Helyi Fejleszt\u00e9si Strat\u00e9gia tervez\u00e9si f\u00f3rumra &#8211; Cser\u00e9pv\u00e1ralja","date":"2015-11-03","format":false,"excerpt":"A B\u00fckk-T\u00e9rs\u00e9gi LEADER Egyes\u00fclet Helyi Fejleszt\u00e9si Strat\u00e9gia tervez\u00e9si f\u00f3rumot tart Cser\u00e9pv\u00e1ralj\u00e1n, a mell\u00e9kelt megh\u00edv\u00f3 szerint.Minden \u00e9rdekl\u0151d\u0151t v\u00e1runk!Megh\u00edv\u00f3 let\u00f6lt\u00e9se itt>>","rel":"","context":"In &quot;H\u00edreink, k\u00f6zlem\u00e9nyeink&quot;","img":{"alt_text":"cserepvaralja-w","src":"https:\/\/i1.wp.com\/bukkleader.hu\/old\/wp-content\/uploads\/2015\/11\/cserepvaralja-w.jpg?resize=350%2C200&ssl=1","width":350,"height":200},"classes":[]},{"id":2442,"url":"https:\/\/bukkleader.hu\/old\/tajekoztato-forum-a-helyi-szereplok-felkeszitesenek-erdekeben-cserepvaraljan\/","url_meta":{"origin":1169,"position":2},"title":"T\u00e1j\u00e9koztat\u00f3 f\u00f3rum a helyi szerepl\u0151k felk\u00e9sz\u00edt\u00e9s\u00e9nek \u00e9rdek\u00e9ben Cser\u00e9pv\u00e1ralj\u00e1n","date":"2020-02-17","format":false,"excerpt":"A\u00a0B\u00fckk-T\u00e9rs\u00e9gi LEADER Egyes\u00fclet\u00a0t\u00e1j\u00e9koztat\u00f3 f\u00f3rumot tart\u00a02020. 02.25-\u00e9n (kedd) 17:00 \u00f3r\u00e1t\u00f3l\u00a0Cser\u00e9pv\u00e1ralj\u00e1n\u00a0a helyi szerepl\u0151k felk\u00e9sz\u00edt\u00e9s\u00e9nek \u00e9rdek\u00e9ben a megjelen\u0151 helyi felh\u00edv\u00e1sr\u00f3l, melyre szeretettel megh\u00edvjuk a HACS ter\u00fclet\u00e9r\u0151l a lakosokat, civil szervezeteket, egyh\u00e1zk\u00f6zs\u00e9geket, v\u00e1llalkoz\u00e1sokat, \u00f6nkorm\u00e1nyzatokat. \u00a0","rel":"","context":"In &quot;H\u00edreink, k\u00f6zlem\u00e9nyeink&quot;","img":{"alt_text":"","src":"https:\/\/i1.wp.com\/bukkleader.hu\/old\/wp-content\/uploads\/2020\/02\/Cserepvaraljafogadokozpont.jpg?resize=350%2C200&ssl=1","width":350,"height":200},"classes":[]},{"id":2353,"url":"https:\/\/bukkleader.hu\/old\/tajekoztato-forum-cserepvaraljan-2019-12-12\/","url_meta":{"origin":1169,"position":3},"title":"T\u00e1j\u00e9koztat\u00f3 f\u00f3rum Cser\u00e9pv\u00e1ralj\u00e1n 2019.12.12.","date":"2019-12-04","format":false,"excerpt":"A B\u00fckk-T\u00e9rs\u00e9gi LEADER Egyes\u00fclet 2019. december 12-\u00e9n 16:00 \u00f3rakor t\u00e1j\u00e9koztat\u00f3 f\u00f3rumot tart Cser\u00e9pv\u00e1ralj\u00e1n a Vid\u00e9kfejleszt\u00e9si Program aktualit\u00e1sair\u00f3l, a Helyi Fejleszt\u00e9si Strat\u00e9gia el\u0151rehalad\u00e1s\u00e1r\u00f3l, melyre szeretettel megh\u00edvjuk a HACS ter\u00fclet\u00e9r\u0151l a lakosokat, civil szervezeteket, egyh\u00e1zk\u00f6zs\u00e9geket, v\u00e1llalkoz\u00e1sokat, \u00f6nkorm\u00e1nyzatokat az al\u00e1bbiak szerint: \u00a0","rel":"","context":"In &quot;H\u00edreink, k\u00f6zlem\u00e9nyeink&quot;","img":{"alt_text":"","src":"https:\/\/i2.wp.com\/bukkleader.hu\/old\/wp-content\/uploads\/2017\/11\/Cser\u00e9pv\u00e1ralja-1-1.jpg?resize=350%2C200&ssl=1","width":350,"height":200},"classes":[]},{"id":4874,"url":"https:\/\/bukkleader.hu\/old\/tajekoztato-forum-a-videkfejlesztesi-program-aktualitasairol-cserepvaraljan-2020-10-17\/","url_meta":{"origin":1169,"position":4},"title":"T\u00e1j\u00e9koztat\u00f3 f\u00f3rum a Vid\u00e9kfejleszt\u00e9si Program aktualit\u00e1sair\u00f3l Cser\u00e9pv\u00e1ralj\u00e1n &#8211; 2020.10.17.","date":"2020-10-09","format":false,"excerpt":"","rel":"","context":"In &quot;H\u00edreink, k\u00f6zlem\u00e9nyeink&quot;","img":{"alt_text":"eu-logo2","src":"https:\/\/i1.wp.com\/bukkleader.hu\/old\/wp-content\/uploads\/2015\/09\/eu-logo21.jpg?resize=350%2C200&ssl=1","width":350,"height":200},"classes":[]},{"id":2927,"url":"https:\/\/bukkleader.hu\/old\/gazdalkodj-okosan-rendezveny-cserepvaraljan-leader-tamogatassal-2020-10-17\/","url_meta":{"origin":1169,"position":5},"title":"\u201cGazd\u00e1lkodj okosan\u201d rendezv\u00e9ny Cser\u00e9pv\u00e1ralj\u00e1n LEADER t\u00e1mogat\u00e1ssal \u2013 2020.10.17.","date":"2020-09-16","format":false,"excerpt":"A Cser\u00e9pv\u00e1ralj\u00e1\u00e9rt Alap\u00edtv\u00e1ny tisztelettel megh\u00edvja \u00d6n\u00f6ket 2020. okt\u00f3ber 17-\u00e9n (szombat) Cser\u00e9pv\u00e1ralj\u00e1n tartand\u00f3, LEADER t\u00e1mogat\u00e1ssal megval\u00f3sul\u00f3 \u201cGazd\u00e1lkodj okosan\u201d c\u00edm\u0171 rendezv\u00e9ny\u00e9re. A r\u00e9szletes program: \u00a0","rel":"","context":"In &quot;H\u00edreink, k\u00f6zlem\u00e9nyeink&quot;","img":{"alt_text":"","src":"https:\/\/i2.wp.com\/bukkleader.hu\/old\/wp-content\/uploads\/2017\/11\/Cser\u00e9pv\u00e1ralja-1-1.jpg?resize=350%2C200&ssl=1","width":350,"height":200},"classes":[]}],"_links":{"self":[{"href":"https:\/\/bukkleader.hu\/old\/wp-json\/wp\/v2\/posts\/1169"}],"collection":[{"href":"https:\/\/bukkleader.hu\/old\/wp-json\/wp\/v2\/posts"}],"about":[{"href":"https:\/\/bukkleader.hu\/old\/wp-json\/wp\/v2\/types\/post"}],"author":[{"embeddable":true,"href":"https:\/\/bukkleader.hu\/old\/wp-json\/wp\/v2\/users\/4"}],"replies":[{"embeddable":true,"href":"https:\/\/bukkleader.hu\/old\/wp-json\/wp\/v2\/comments?post=1169"}],"version-history":[{"count":3,"href":"https:\/\/bukkleader.hu\/old\/wp-json\/wp\/v2\/posts\/1169\/revisions"}],"predecessor-version":[{"id":1174,"href":"https:\/\/bukkleader.hu\/old\/wp-json\/wp\/v2\/posts\/1169\/revisions\/1174"}],"wp:featuredmedia":[{"embeddable":true,"href":"https:\/\/bukkleader.hu\/old\/wp-json\/wp\/v2\/media\/1170"}],"wp:attachment":[{"href":"https:\/\/bukkleader.hu\/old\/wp-json\/wp\/v2\/media?parent=1169"}],"wp:term":[{"taxonomy":"category","embeddable":true,"href":"https:\/\/bukkleader.hu\/old\/wp-json\/wp\/v2\/categories?post=1169"},{"taxonomy":"post_tag","embeddable":true,"href":"https:\/\/bukkleader.hu\/old\/wp-json\/wp\/v2\/tags?post=1169"}],"curies":[{"name":"wp","href":"https:\/\/api.w.org\/{rel}","templated":true}]}}