{"id":1139,"date":"2016-10-13T15:47:30","date_gmt":"2016-10-13T13:47:30","guid":{"rendered":"https:\/\/bukkleader.hu\/old\/?p=1139"},"modified":"2016-11-03T07:02:28","modified_gmt":"2016-11-03T06:02:28","slug":"szakmai-forum-bukkaranyos","status":"publish","type":"post","link":"https:\/\/bukkleader.hu\/old\/szakmai-forum-bukkaranyos\/","title":{"rendered":"Szakmai F\u00f3rum &#8211; B\u00fckkaranyos"},"content":{"rendered":"<p>A B\u00fckk-T\u00e9rs\u00e9gi LEADER egyes\u00fclet szakmai f\u00f3rumot tart B\u00fckkaranyoson 2016. okt\u00f3ber 17-\u00e9n a mell\u00e9kelt megh\u00edv\u00f3 szerint \u00a0&gt;&gt;<a href=\"https:\/\/bukkleader.hu\/old\/wp-content\/uploads\/2016\/10\/BTLE-megh\u00edv\u00f3-B\u00fckkaranyos.pdf\">\u00a0https:\/\/bukkleader.hu\/old\/wp-content\/uploads\/2016\/10\/BTLE-megh\u00edv\u00f3-B\u00fckkaranyos.pdf<\/a><\/p>\n<p>&nbsp;<\/p>\n<div class=\"sharedaddy sd-sharing-enabled\"><div class=\"robots-nocontent sd-block sd-social sd-social-icon sd-sharing\"><h3 class=\"sd-title\">Share this:<\/h3><div class=\"sd-content\"><ul><li class=\"share-facebook\"><a rel=\"nofollow noopener noreferrer\" data-shared=\"sharing-facebook-1139\" class=\"share-facebook sd-button share-icon no-text\" href=\"https:\/\/bukkleader.hu\/old\/szakmai-forum-bukkaranyos\/?share=facebook\" target=\"_blank\" title=\"Click to share on Facebook\"><span><\/span><span class=\"sharing-screen-reader-text\">Click to share on Facebook (Opens in new window)<\/span><\/a><\/li><li class=\"share-twitter\"><a rel=\"nofollow noopener noreferrer\" data-shared=\"sharing-twitter-1139\" class=\"share-twitter sd-button share-icon no-text\" href=\"https:\/\/bukkleader.hu\/old\/szakmai-forum-bukkaranyos\/?share=twitter\" target=\"_blank\" title=\"Click to share on Twitter\"><span><\/span><span class=\"sharing-screen-reader-text\">Click to share on Twitter (Opens in new window)<\/span><\/a><\/li><li class=\"share-print\"><a rel=\"nofollow noopener noreferrer\" data-shared=\"\" class=\"share-print sd-button share-icon no-text\" href=\"https:\/\/bukkleader.hu\/old\/szakmai-forum-bukkaranyos\/\" target=\"_blank\" title=\"Click to print\"><span><\/span><span class=\"sharing-screen-reader-text\">Click to print (Opens in new window)<\/span><\/a><\/li><li class=\"share-email\"><a rel=\"nofollow noopener noreferrer\" data-shared=\"\" class=\"share-email sd-button share-icon no-text\" href=\"https:\/\/bukkleader.hu\/old\/szakmai-forum-bukkaranyos\/?share=email\" target=\"_blank\" title=\"Click to email this to a friend\"><span><\/span><span class=\"sharing-screen-reader-text\">Click to email this to a friend (Opens in new window)<\/span><\/a><\/li><li class=\"share-end\"><\/li><\/ul><\/div><\/div><\/div>","protected":false},"excerpt":{"rendered":"<p>A B\u00fckk-T\u00e9rs\u00e9gi LEADER egyes\u00fclet szakmai f\u00f3rumot tart B\u00fckkaranyoson 2016. okt\u00f3ber 17-\u00e9n a mell\u00e9kelt megh\u00edv\u00f3 szerint \u00a0&gt;&gt;\u00a0https:\/\/bukkleader.hu\/old\/wp-content\/uploads\/2016\/10\/BTLE-megh\u00edv\u00f3-B\u00fckkaranyos.pdf &nbsp;<\/p>\n<div class=\"sharedaddy sd-sharing-enabled\"><div class=\"robots-nocontent sd-block sd-social sd-social-icon sd-sharing\"><h3 class=\"sd-title\">Share this:<\/h3><div class=\"sd-content\"><ul><li class=\"share-facebook\"><a rel=\"nofollow noopener noreferrer\" data-shared=\"sharing-facebook-1139\" class=\"share-facebook sd-button share-icon no-text\" href=\"https:\/\/bukkleader.hu\/old\/szakmai-forum-bukkaranyos\/?share=facebook\" target=\"_blank\" title=\"Click to share on Facebook\"><span><\/span><span class=\"sharing-screen-reader-text\">Click to share on Facebook (Opens in new window)<\/span><\/a><\/li><li class=\"share-twitter\"><a rel=\"nofollow noopener noreferrer\" data-shared=\"sharing-twitter-1139\" class=\"share-twitter sd-button share-icon no-text\" href=\"https:\/\/bukkleader.hu\/old\/szakmai-forum-bukkaranyos\/?share=twitter\" target=\"_blank\" title=\"Click to share on Twitter\"><span><\/span><span class=\"sharing-screen-reader-text\">Click to share on Twitter (Opens in new window)<\/span><\/a><\/li><li class=\"share-print\"><a rel=\"nofollow noopener noreferrer\" data-shared=\"\" class=\"share-print sd-button share-icon no-text\" href=\"https:\/\/bukkleader.hu\/old\/szakmai-forum-bukkaranyos\/\" target=\"_blank\" title=\"Click to print\"><span><\/span><span class=\"sharing-screen-reader-text\">Click to print (Opens in new window)<\/span><\/a><\/li><li class=\"share-email\"><a rel=\"nofollow noopener noreferrer\" data-shared=\"\" class=\"share-email sd-button share-icon no-text\" href=\"https:\/\/bukkleader.hu\/old\/szakmai-forum-bukkaranyos\/?share=email\" target=\"_blank\" title=\"Click to email this to a friend\"><span><\/span><span class=\"sharing-screen-reader-text\">Click to email this to a friend (Opens in new window)<\/span><\/a><\/li><li class=\"share-end\"><\/li><\/ul><\/div><\/div><\/div>","protected":false},"author":4,"featured_media":1180,"comment_status":"open","ping_status":"closed","sticky":false,"template":"","format":"standard","meta":{"_bbp_topic_count":0,"_bbp_reply_count":0,"_bbp_total_topic_count":0,"_bbp_total_reply_count":0,"_bbp_voice_count":0,"_bbp_anonymous_reply_count":0,"_bbp_topic_count_hidden":0,"_bbp_reply_count_hidden":0,"_bbp_forum_subforum_count":0,"spay_email":"","jetpack_publicize_message":"","jetpack_is_tweetstorm":false,"jetpack_publicize_feature_enabled":true},"categories":[1],"tags":[],"jetpack_featured_media_url":"https:\/\/bukkleader.hu\/old\/wp-content\/uploads\/2016\/10\/b\u00fckkaranyos-t\u00e1j.jpg","jetpack_publicize_connections":[],"jetpack_sharing_enabled":true,"jetpack-related-posts":[{"id":8799,"url":"https:\/\/bukkleader.hu\/old\/bukk-tersegi-leader-egyesulet-szakmai-forum-bukkaranyos-2022-05-11\/","url_meta":{"origin":1139,"position":0},"title":"B\u00fckk-T\u00e9rs\u00e9gi LEADER Egyes\u00fclet Szakmai F\u00f3rum B\u00fckkaranyos, 2022.05.11.","date":"2022-05-10","format":false,"excerpt":"A B\u00fckk-T\u00e9rs\u00e9gi LEADER Egyes\u00fclet tisztelettel megh\u00edvja \u00d6n\u00f6ket Szakmai F\u00f3rum\u00e1ra. A megh\u00edv\u00f3 pdf-ben let\u00f6lthet\u0151 itt.","rel":"","context":"In &quot;H\u00edreink, k\u00f6zlem\u00e9nyeink&quot;","img":{"alt_text":"","src":"https:\/\/i1.wp.com\/bukkleader.hu\/old\/wp-content\/uploads\/2022\/05\/Mhvszf.jpg?resize=350%2C200&ssl=1","width":350,"height":200},"classes":[]},{"id":1134,"url":"https:\/\/bukkleader.hu\/old\/szakmai-forum-varbo\/","url_meta":{"origin":1139,"position":1},"title":"Szakmai F\u00f3rum &#8211; Varb\u00f3","date":"2016-10-11","format":false,"excerpt":"A B\u00fckk-T\u00e9rs\u00e9gi LEADER Egyes\u00fclet szakmai f\u00f3rumot tart Varb\u00f3n 2016. 10. 17-\u00e9n a mell\u00e9kelt megh\u00edv\u00f3 szerint.\u00a0Minden \u00e9rdekl\u0151d\u0151t szeretettel v\u00e1runk!\u00a0Megh\u00edv\u00f3 >>\u00a0https:\/\/bukkleader.hu\/old\/wp-content\/uploads\/2016\/10\/Varb\u00f3-megh\u00edv\u00f3-pdf.pdf","rel":"","context":"In &quot;H\u00edreink, k\u00f6zlem\u00e9nyeink&quot;","img":{"alt_text":"","src":"https:\/\/i1.wp.com\/bukkleader.hu\/old\/wp-content\/uploads\/2016\/10\/varb\u00f3i-t\u00f3.jpg?resize=350%2C200&ssl=1","width":350,"height":200},"classes":[]},{"id":1123,"url":"https:\/\/bukkleader.hu\/old\/szakmai-forum-malyi\/","url_meta":{"origin":1139,"position":2},"title":"Szakmai F\u00f3rum &#8211; M\u00e1lyi","date":"2016-10-05","format":false,"excerpt":"A B\u00fckk-T\u00e9rs\u00e9gi LEADER Egyes\u00fclet szakmai f\u00f3rumot tart 2016. 10. 07-\u00e9n M\u00e1lyi k\u00f6zs\u00e9g lak\u00f3inak, civil szervezeteinek, v\u00e1llalkoz\u00e1sainak. Mindenkit szeretettel v\u00e1runk!\u00a0MEGH\u00cdV\u00d3 >>https:\/\/bukkleader.hu\/old\/wp-content\/uploads\/2016\/10\/BTLE-megh\u00edv\u00f3-M\u00e1lyi-2.-1-2.pdf","rel":"","context":"In &quot;H\u00edreink, k\u00f6zlem\u00e9nyeink&quot;","img":{"alt_text":"","src":"https:\/\/i0.wp.com\/bukkleader.hu\/old\/wp-content\/uploads\/2016\/10\/m\u00e1lyi-templom-2..jpg?resize=350%2C200&ssl=1","width":350,"height":200},"classes":[]},{"id":1127,"url":"https:\/\/bukkleader.hu\/old\/szakmai-forum-borsodgeszt\/","url_meta":{"origin":1139,"position":3},"title":"Szakmai F\u00f3rum &#8211; Borsodgeszt","date":"2016-10-10","format":false,"excerpt":"A B\u00fckk-T\u00e9rs\u00e9gi LEADER Egyes\u00fclet 2016. 10. 13-\u00e1n LEADER \u00e9s egy\u00e9b vid\u00e9kfejleszt\u00e9si t\u00e1mogat\u00e1si t\u00e9m\u00e1kban Szakmai F\u00f3rumot tart Borsodgeszten a mell\u00e9kelt megh\u00edv\u00f3 szerint.\u00a0Szeretettel v\u00e1runk minden lakost, civil szervezetet, \u00e9s v\u00e1llalkoz\u00e1st! >>\u00a0https:\/\/bukkleader.hu\/old\/wp-content\/uploads\/2016\/10\/BTLE-megh\u00edv\u00f3-Borsodgeszt-Pdf.pdf","rel":"","context":"In &quot;H\u00edreink, k\u00f6zlem\u00e9nyeink&quot;","img":{"alt_text":"","src":"https:\/\/i2.wp.com\/bukkleader.hu\/old\/wp-content\/uploads\/2016\/10\/Borsodgeszt-k\u00e9p.jpg?resize=350%2C200&ssl=1","width":350,"height":200},"classes":[]},{"id":8622,"url":"https:\/\/bukkleader.hu\/old\/meghivo-a-bukk-tersegi-leader-egyesulet-szakmai-forumara-bukkaranyos-2021-12-06\/","url_meta":{"origin":1139,"position":4},"title":"Megh\u00edv\u00f3 a B\u00fckk-T\u00e9rs\u00e9gi LEADER Egyes\u00fclet Szakmai F\u00f3rum\u00e1ra &#8211; B\u00fckkaranyos, 2021.12.06","date":"2021-11-26","format":false,"excerpt":"A B\u00fckk-T\u00e9rs\u00e9gi LEADER Egyes\u00fclet szeretettel megh\u00edvja \u00d6n\u00f6ket 2021. 12. 06-\u00e1n B\u00fckkaranyoson tartand\u00f3 szakmai f\u00f3rum\u00e1ra. A megh\u00edv\u00f3 pdf-ben let\u00f6lthet\u0151 itt.","rel":"","context":"In &quot;H\u00edreink, k\u00f6zlem\u00e9nyeink&quot;","img":{"alt_text":"","src":"https:\/\/i2.wp.com\/bukkleader.hu\/old\/wp-content\/uploads\/2021\/12\/MhvBks.jpg?resize=350%2C200&ssl=1","width":350,"height":200},"classes":[]},{"id":1150,"url":"https:\/\/bukkleader.hu\/old\/szakmai-forum-tard\/","url_meta":{"origin":1139,"position":5},"title":"Szakmai F\u00f3rum &#8211; Tard","date":"2016-10-15","format":false,"excerpt":"A B\u00fckk-T\u00e9rs\u00e9gi LEADER Egyes\u00fclet Vid\u00e9kfejleszt\u00e9si Szakmai F\u00f3rumot tart 2016. okt\u00f3ber 19-\u00e9n (szerd\u00e1n) Tard k\u00f6zs\u00e9gben a mell\u00e9kelt megh\u00edv\u00f3 szerint.\u00a0Megh\u00edv\u00f3 >>\u00a0\u00a0","rel":"","context":"In &quot;H\u00edreink, k\u00f6zlem\u00e9nyeink&quot;","img":{"alt_text":"","src":"https:\/\/i1.wp.com\/bukkleader.hu\/old\/wp-content\/uploads\/2016\/10\/tard_tajhaz.jpg?resize=350%2C200&ssl=1","width":350,"height":200},"classes":[]}],"_links":{"self":[{"href":"https:\/\/bukkleader.hu\/old\/wp-json\/wp\/v2\/posts\/1139"}],"collection":[{"href":"https:\/\/bukkleader.hu\/old\/wp-json\/wp\/v2\/posts"}],"about":[{"href":"https:\/\/bukkleader.hu\/old\/wp-json\/wp\/v2\/types\/post"}],"author":[{"embeddable":true,"href":"https:\/\/bukkleader.hu\/old\/wp-json\/wp\/v2\/users\/4"}],"replies":[{"embeddable":true,"href":"https:\/\/bukkleader.hu\/old\/wp-json\/wp\/v2\/comments?post=1139"}],"version-history":[{"count":6,"href":"https:\/\/bukkleader.hu\/old\/wp-json\/wp\/v2\/posts\/1139\/revisions"}],"predecessor-version":[{"id":1149,"href":"https:\/\/bukkleader.hu\/old\/wp-json\/wp\/v2\/posts\/1139\/revisions\/1149"}],"wp:featuredmedia":[{"embeddable":true,"href":"https:\/\/bukkleader.hu\/old\/wp-json\/wp\/v2\/media\/1180"}],"wp:attachment":[{"href":"https:\/\/bukkleader.hu\/old\/wp-json\/wp\/v2\/media?parent=1139"}],"wp:term":[{"taxonomy":"category","embeddable":true,"href":"https:\/\/bukkleader.hu\/old\/wp-json\/wp\/v2\/categories?post=1139"},{"taxonomy":"post_tag","embeddable":true,"href":"https:\/\/bukkleader.hu\/old\/wp-json\/wp\/v2\/tags?post=1139"}],"curies":[{"name":"wp","href":"https:\/\/api.w.org\/{rel}","templated":true}]}}