{"id":1134,"date":"2016-10-11T12:56:52","date_gmt":"2016-10-11T10:56:52","guid":{"rendered":"https:\/\/bukkleader.hu\/old\/?p=1134"},"modified":"2016-11-03T07:05:06","modified_gmt":"2016-11-03T06:05:06","slug":"szakmai-forum-varbo","status":"publish","type":"post","link":"https:\/\/bukkleader.hu\/old\/szakmai-forum-varbo\/","title":{"rendered":"Szakmai F\u00f3rum &#8211; Varb\u00f3"},"content":{"rendered":"<p>A B\u00fckk-T\u00e9rs\u00e9gi LEADER Egyes\u00fclet szakmai f\u00f3rumot tart Varb\u00f3n 2016. 10. 17-\u00e9n a mell\u00e9kelt megh\u00edv\u00f3 szerint.\u00a0<\/p>\n<p>Minden \u00e9rdekl\u0151d\u0151t szeretettel v\u00e1runk!\u00a0<\/p>\n<p>Megh\u00edv\u00f3 &gt;&gt;\u00a0<a href=\"https:\/\/bukkleader.hu\/old\/wp-content\/uploads\/2016\/10\/Varb\u00f3-megh\u00edv\u00f3-pdf.pdf\">https:\/\/bukkleader.hu\/old\/wp-content\/uploads\/2016\/10\/Varb\u00f3-megh\u00edv\u00f3-pdf.pdf<\/a><\/p>\n<div class=\"sharedaddy sd-sharing-enabled\"><div class=\"robots-nocontent sd-block sd-social sd-social-icon sd-sharing\"><h3 class=\"sd-title\">Share this:<\/h3><div class=\"sd-content\"><ul><li class=\"share-facebook\"><a rel=\"nofollow noopener noreferrer\" data-shared=\"sharing-facebook-1134\" class=\"share-facebook sd-button share-icon no-text\" href=\"https:\/\/bukkleader.hu\/old\/szakmai-forum-varbo\/?share=facebook\" target=\"_blank\" title=\"Click to share on Facebook\"><span><\/span><span class=\"sharing-screen-reader-text\">Click to share on Facebook (Opens in new window)<\/span><\/a><\/li><li class=\"share-twitter\"><a rel=\"nofollow noopener noreferrer\" data-shared=\"sharing-twitter-1134\" class=\"share-twitter sd-button share-icon no-text\" href=\"https:\/\/bukkleader.hu\/old\/szakmai-forum-varbo\/?share=twitter\" target=\"_blank\" title=\"Click to share on Twitter\"><span><\/span><span class=\"sharing-screen-reader-text\">Click to share on Twitter (Opens in new window)<\/span><\/a><\/li><li class=\"share-print\"><a rel=\"nofollow noopener noreferrer\" data-shared=\"\" class=\"share-print sd-button share-icon no-text\" href=\"https:\/\/bukkleader.hu\/old\/szakmai-forum-varbo\/\" target=\"_blank\" title=\"Click to print\"><span><\/span><span class=\"sharing-screen-reader-text\">Click to print (Opens in new window)<\/span><\/a><\/li><li class=\"share-email\"><a rel=\"nofollow noopener noreferrer\" data-shared=\"\" class=\"share-email sd-button share-icon no-text\" href=\"https:\/\/bukkleader.hu\/old\/szakmai-forum-varbo\/?share=email\" target=\"_blank\" title=\"Click to email this to a friend\"><span><\/span><span class=\"sharing-screen-reader-text\">Click to email this to a friend (Opens in new window)<\/span><\/a><\/li><li class=\"share-end\"><\/li><\/ul><\/div><\/div><\/div>","protected":false},"excerpt":{"rendered":"<p>A B\u00fckk-T\u00e9rs\u00e9gi LEADER Egyes\u00fclet szakmai f\u00f3rumot tart Varb\u00f3n 2016. 10. 17-\u00e9n a mell\u00e9kelt megh\u00edv\u00f3 szerint.\u00a0 Minden \u00e9rdekl\u0151d\u0151t szeretettel v\u00e1runk!\u00a0 Megh\u00edv\u00f3 &gt;&gt;\u00a0https:\/\/bukkleader.hu\/old\/wp-content\/uploads\/2016\/10\/Varb\u00f3-megh\u00edv\u00f3-pdf.pdf<\/p>\n<div class=\"sharedaddy sd-sharing-enabled\"><div class=\"robots-nocontent sd-block sd-social sd-social-icon sd-sharing\"><h3 class=\"sd-title\">Share this:<\/h3><div class=\"sd-content\"><ul><li class=\"share-facebook\"><a rel=\"nofollow noopener noreferrer\" data-shared=\"sharing-facebook-1134\" class=\"share-facebook sd-button share-icon no-text\" href=\"https:\/\/bukkleader.hu\/old\/szakmai-forum-varbo\/?share=facebook\" target=\"_blank\" title=\"Click to share on Facebook\"><span><\/span><span class=\"sharing-screen-reader-text\">Click to share on Facebook (Opens in new window)<\/span><\/a><\/li><li class=\"share-twitter\"><a rel=\"nofollow noopener noreferrer\" data-shared=\"sharing-twitter-1134\" class=\"share-twitter sd-button share-icon no-text\" href=\"https:\/\/bukkleader.hu\/old\/szakmai-forum-varbo\/?share=twitter\" target=\"_blank\" title=\"Click to share on Twitter\"><span><\/span><span class=\"sharing-screen-reader-text\">Click to share on Twitter (Opens in new window)<\/span><\/a><\/li><li class=\"share-print\"><a rel=\"nofollow noopener noreferrer\" data-shared=\"\" class=\"share-print sd-button share-icon no-text\" href=\"https:\/\/bukkleader.hu\/old\/szakmai-forum-varbo\/\" target=\"_blank\" title=\"Click to print\"><span><\/span><span class=\"sharing-screen-reader-text\">Click to print (Opens in new window)<\/span><\/a><\/li><li class=\"share-email\"><a rel=\"nofollow noopener noreferrer\" data-shared=\"\" class=\"share-email sd-button share-icon no-text\" href=\"https:\/\/bukkleader.hu\/old\/szakmai-forum-varbo\/?share=email\" target=\"_blank\" title=\"Click to email this to a friend\"><span><\/span><span class=\"sharing-screen-reader-text\">Click to email this to a friend (Opens in new window)<\/span><\/a><\/li><li class=\"share-end\"><\/li><\/ul><\/div><\/div><\/div>","protected":false},"author":4,"featured_media":1182,"comment_status":"open","ping_status":"closed","sticky":false,"template":"","format":"standard","meta":{"_bbp_topic_count":0,"_bbp_reply_count":0,"_bbp_total_topic_count":0,"_bbp_total_reply_count":0,"_bbp_voice_count":0,"_bbp_anonymous_reply_count":0,"_bbp_topic_count_hidden":0,"_bbp_reply_count_hidden":0,"_bbp_forum_subforum_count":0,"spay_email":"","jetpack_publicize_message":"","jetpack_is_tweetstorm":false,"jetpack_publicize_feature_enabled":true},"categories":[1],"tags":[],"jetpack_featured_media_url":"https:\/\/bukkleader.hu\/old\/wp-content\/uploads\/2016\/10\/varb\u00f3i-t\u00f3.jpg","jetpack_publicize_connections":[],"jetpack_sharing_enabled":true,"jetpack-related-posts":[{"id":670,"url":"https:\/\/bukkleader.hu\/old\/meghivo-helyi-fejlesztesi-strategia-tervezesi-forumra-varbo-2\/","url_meta":{"origin":1134,"position":0},"title":"Megh\u00edv\u00f3 Helyi Fejleszt\u00e9si Strat\u00e9gia tervez\u00e9si f\u00f3rumra &#8211; Varb\u00f3","date":"2015-11-19","format":false,"excerpt":"A B\u00fckk-T\u00e9rs\u00e9gi LEADER Egyes\u00fclet Helyi Fejleszt\u00e9si Strat\u00e9gia tervez\u00e9si f\u00f3rumot tart \u00f6nkorm\u00e1nyzatok sz\u00e1m\u00e1ra, a mell\u00e9kelt megh\u00edv\u00f3 szerint. Minden \u00e9rdekl\u0151d\u0151t v\u00e1runk!\u00a0Megh\u00edv\u00f3 let\u00f6lt\u00e9se itt","rel":"","context":"In &quot;H\u00edreink, k\u00f6zlem\u00e9nyeink&quot;","img":{"alt_text":"","src":"https:\/\/i2.wp.com\/bukkleader.hu\/old\/wp-content\/uploads\/2015\/11\/varb\u00f3i-t\u00f3.jpg?resize=350%2C200&ssl=1","width":350,"height":200},"classes":[]},{"id":1409,"url":"https:\/\/bukkleader.hu\/old\/tajekoztato-forum-videkfejlesztesi-program-aktualitasairol-helyi-fejlesztesi-strategia-elorehaladasarol-es-helyi-felhivasokrol-varbo\/","url_meta":{"origin":1134,"position":1},"title":"T\u00e1j\u00e9koztat\u00f3 F\u00f3rum a Vid\u00e9kfejleszt\u00e9si Program aktualit\u00e1sair\u00f3l, a Helyi Fejleszt\u00e9si Strat\u00e9gia el\u0151rehalad\u00e1s\u00e1r\u00f3l \u00e9s a helyi felh\u00edv\u00e1sokr\u00f3l &#8211; Varb\u00f3","date":"2017-11-22","format":false,"excerpt":"A B\u00fckk-T\u00e9rs\u00e9gi LEADER Egyes\u00fclet t\u00e1j\u00e9koztat\u00f3 f\u00f3rumot tart 2017.12.06-\u00e1n Varb\u00f3n\u00a0a Vid\u00e9kfejleszt\u00e9si Program aktualit\u00e1sair\u00f3l, a Helyi Fejleszt\u00e9si Strat\u00e9gia el\u0151rehalad\u00e1s\u00e1r\u00f3l \u00e9s\u00a0a megjelent helyi felh\u00edv\u00e1sokr\u00f3l, a mell\u00e9kelt megh\u00edv\u00f3 szerint. Megh\u00edv\u00f3 >>","rel":"","context":"In &quot;H\u00edreink, k\u00f6zlem\u00e9nyeink&quot;","img":{"alt_text":"","src":"https:\/\/i0.wp.com\/bukkleader.hu\/old\/wp-content\/uploads\/2017\/11\/varb\u00f3.jpg?resize=350%2C200&ssl=1","width":350,"height":200},"classes":[]},{"id":386,"url":"https:\/\/bukkleader.hu\/old\/varbo-turizmusanak-kozeptavu-fejlesztesi-lehetosegei\/","url_meta":{"origin":1134,"position":2},"title":"Varb\u00f3 turizmus\u00e1nak k\u00f6z\u00e9pt\u00e1v\u00fa fejleszt\u00e9si lehet\u0151s\u00e9gei","date":"2014-05-29","format":false,"excerpt":"LEADER t\u00e1mogat\u00e1ssal elk\u00e9sz\u00fclt a \u201eVarb\u00f3 turizmus\u00e1nak k\u00f6z\u00e9pt\u00e1v\u00fa fejleszt\u00e9si lehet\u0151s\u00e9gei\u201d c. tanulm\u00e1ny - megh\u00edv\u00e1s nyilv\u00e1nos f\u00f3rumraVarb\u00f3 K\u00f6zs\u00e9g \u00d6nkorm\u00e1nyzat\u00e1nak k\u00e9r\u00e9s\u00e9re ez\u00faton megh\u00edvjuk \u00d6n\u00f6ket a 35\/2013. (V.22.) VMrendelet alapj\u00e1n a Helyi Vid\u00e9kfejleszt\u00e9si Strat\u00e9gi\u00e1k LEADER fejezet\u00e9nek v\u00e9grehajt\u00e1s\u00e1hoz 2013-ban ny\u00fajthat\u00f3 t\u00e1mogat\u00e1sokjogc\u00edm alapj\u00e1n, turisztikai c\u00e9l\u00fa tanulm\u00e1ny k\u00e9sz\u00edt\u00e9se t\u00e1rgyban elnyert p\u00e1ly\u00e1zat keret\u00e9ben elk\u00e9sz\u00fclt, Varb\u00f3 turizmus\u00e1nak k\u00f6z\u00e9pt\u00e1v\u00fa fejleszt\u00e9si\u2026","rel":"","context":"In &quot;H\u00edreink, k\u00f6zlem\u00e9nyeink&quot;","img":{"alt_text":"varbo_meghivo_tanulmany-w","src":"https:\/\/i0.wp.com\/bukkleader.hu\/old\/wp-content\/uploads\/2015\/09\/varbo_meghivo_tanulmany-w.jpg?resize=350%2C200&ssl=1","width":350,"height":200},"classes":[]},{"id":2419,"url":"https:\/\/bukkleader.hu\/old\/tajekoztato-forum-a-helyi-szereplok-felkeszitesenek-erdekeben-varbon\/","url_meta":{"origin":1134,"position":3},"title":"T\u00e1j\u00e9koztat\u00f3 f\u00f3rum a helyi szerepl\u0151k felk\u00e9sz\u00edt\u00e9s\u00e9nek \u00e9rdek\u00e9ben Varb\u00f3n","date":"2020-02-06","format":false,"excerpt":"A B\u00fckk-T\u00e9rs\u00e9gi LEADER Egyes\u00fclet t\u00e1j\u00e9koztat\u00f3 f\u00f3rumot tart 2020. 02.19-\u00e9n 17:00 \u00f3r\u00e1t\u00f3l Varb\u00f3n a helyi szerepl\u0151k felk\u00e9sz\u00edt\u00e9s\u00e9nek \u00e9rdek\u00e9ben a megjelen\u0151 helyi felh\u00edv\u00e1sr\u00f3l, melyre szeretettel megh\u00edvjuk a HACS ter\u00fclet\u00e9r\u0151l a lakosokat, civil szervezeteket, egyh\u00e1zk\u00f6zs\u00e9geket, v\u00e1llalkoz\u00e1sokat, \u00f6nkorm\u00e1nyzatokat.","rel":"","context":"In &quot;H\u00edreink, k\u00f6zlem\u00e9nyeink&quot;","img":{"alt_text":"","src":"https:\/\/i2.wp.com\/bukkleader.hu\/old\/wp-content\/uploads\/2015\/11\/varb\u00f3i-t\u00f3.jpg?resize=350%2C200&ssl=1","width":350,"height":200},"classes":[]},{"id":1123,"url":"https:\/\/bukkleader.hu\/old\/szakmai-forum-malyi\/","url_meta":{"origin":1134,"position":4},"title":"Szakmai F\u00f3rum &#8211; M\u00e1lyi","date":"2016-10-05","format":false,"excerpt":"A B\u00fckk-T\u00e9rs\u00e9gi LEADER Egyes\u00fclet szakmai f\u00f3rumot tart 2016. 10. 07-\u00e9n M\u00e1lyi k\u00f6zs\u00e9g lak\u00f3inak, civil szervezeteinek, v\u00e1llalkoz\u00e1sainak. Mindenkit szeretettel v\u00e1runk!\u00a0MEGH\u00cdV\u00d3 >>https:\/\/bukkleader.hu\/old\/wp-content\/uploads\/2016\/10\/BTLE-megh\u00edv\u00f3-M\u00e1lyi-2.-1-2.pdf","rel":"","context":"In &quot;H\u00edreink, k\u00f6zlem\u00e9nyeink&quot;","img":{"alt_text":"","src":"https:\/\/i0.wp.com\/bukkleader.hu\/old\/wp-content\/uploads\/2016\/10\/m\u00e1lyi-templom-2..jpg?resize=350%2C200&ssl=1","width":350,"height":200},"classes":[]},{"id":1127,"url":"https:\/\/bukkleader.hu\/old\/szakmai-forum-borsodgeszt\/","url_meta":{"origin":1134,"position":5},"title":"Szakmai F\u00f3rum &#8211; Borsodgeszt","date":"2016-10-10","format":false,"excerpt":"A B\u00fckk-T\u00e9rs\u00e9gi LEADER Egyes\u00fclet 2016. 10. 13-\u00e1n LEADER \u00e9s egy\u00e9b vid\u00e9kfejleszt\u00e9si t\u00e1mogat\u00e1si t\u00e9m\u00e1kban Szakmai F\u00f3rumot tart Borsodgeszten a mell\u00e9kelt megh\u00edv\u00f3 szerint.\u00a0Szeretettel v\u00e1runk minden lakost, civil szervezetet, \u00e9s v\u00e1llalkoz\u00e1st! >>\u00a0https:\/\/bukkleader.hu\/old\/wp-content\/uploads\/2016\/10\/BTLE-megh\u00edv\u00f3-Borsodgeszt-Pdf.pdf","rel":"","context":"In &quot;H\u00edreink, k\u00f6zlem\u00e9nyeink&quot;","img":{"alt_text":"","src":"https:\/\/i2.wp.com\/bukkleader.hu\/old\/wp-content\/uploads\/2016\/10\/Borsodgeszt-k\u00e9p.jpg?resize=350%2C200&ssl=1","width":350,"height":200},"classes":[]}],"_links":{"self":[{"href":"https:\/\/bukkleader.hu\/old\/wp-json\/wp\/v2\/posts\/1134"}],"collection":[{"href":"https:\/\/bukkleader.hu\/old\/wp-json\/wp\/v2\/posts"}],"about":[{"href":"https:\/\/bukkleader.hu\/old\/wp-json\/wp\/v2\/types\/post"}],"author":[{"embeddable":true,"href":"https:\/\/bukkleader.hu\/old\/wp-json\/wp\/v2\/users\/4"}],"replies":[{"embeddable":true,"href":"https:\/\/bukkleader.hu\/old\/wp-json\/wp\/v2\/comments?post=1134"}],"version-history":[{"count":1,"href":"https:\/\/bukkleader.hu\/old\/wp-json\/wp\/v2\/posts\/1134\/revisions"}],"predecessor-version":[{"id":1137,"href":"https:\/\/bukkleader.hu\/old\/wp-json\/wp\/v2\/posts\/1134\/revisions\/1137"}],"wp:featuredmedia":[{"embeddable":true,"href":"https:\/\/bukkleader.hu\/old\/wp-json\/wp\/v2\/media\/1182"}],"wp:attachment":[{"href":"https:\/\/bukkleader.hu\/old\/wp-json\/wp\/v2\/media?parent=1134"}],"wp:term":[{"taxonomy":"category","embeddable":true,"href":"https:\/\/bukkleader.hu\/old\/wp-json\/wp\/v2\/categories?post=1134"},{"taxonomy":"post_tag","embeddable":true,"href":"https:\/\/bukkleader.hu\/old\/wp-json\/wp\/v2\/tags?post=1134"}],"curies":[{"name":"wp","href":"https:\/\/api.w.org\/{rel}","templated":true}]}}