{"id":1123,"date":"2016-10-05T10:22:48","date_gmt":"2016-10-05T08:22:48","guid":{"rendered":"https:\/\/bukkleader.hu\/old\/?p=1123"},"modified":"2016-11-03T07:06:25","modified_gmt":"2016-11-03T06:06:25","slug":"szakmai-forum-malyi","status":"publish","type":"post","link":"https:\/\/bukkleader.hu\/old\/szakmai-forum-malyi\/","title":{"rendered":"Szakmai F\u00f3rum &#8211; M\u00e1lyi"},"content":{"rendered":"<p>A B\u00fckk-T\u00e9rs\u00e9gi LEADER Egyes\u00fclet szakmai f\u00f3rumot tart 2016. 10. 07-\u00e9n M\u00e1lyi k\u00f6zs\u00e9g lak\u00f3inak, civil szervezeteinek, v\u00e1llalkoz\u00e1sainak. Mindenkit szeretettel v\u00e1runk!\u00a0<\/p>\n<p>MEGH\u00cdV\u00d3 &gt;&gt;<a href=\"https:\/\/bukkleader.hu\/old\/wp-content\/uploads\/2016\/10\/BTLE-megh\u00edv\u00f3-M\u00e1lyi-2.-1-2.pdf\">https:\/\/bukkleader.hu\/old\/wp-content\/uploads\/2016\/10\/BTLE-megh\u00edv\u00f3-M\u00e1lyi-2.-1-2.pdf<\/a><\/p>\n<div class=\"sharedaddy sd-sharing-enabled\"><div class=\"robots-nocontent sd-block sd-social sd-social-icon sd-sharing\"><h3 class=\"sd-title\">Share this:<\/h3><div class=\"sd-content\"><ul><li class=\"share-facebook\"><a rel=\"nofollow noopener noreferrer\" data-shared=\"sharing-facebook-1123\" class=\"share-facebook sd-button share-icon no-text\" href=\"https:\/\/bukkleader.hu\/old\/szakmai-forum-malyi\/?share=facebook\" target=\"_blank\" title=\"Click to share on Facebook\"><span><\/span><span class=\"sharing-screen-reader-text\">Click to share on Facebook (Opens in new window)<\/span><\/a><\/li><li class=\"share-twitter\"><a rel=\"nofollow noopener noreferrer\" data-shared=\"sharing-twitter-1123\" class=\"share-twitter sd-button share-icon no-text\" href=\"https:\/\/bukkleader.hu\/old\/szakmai-forum-malyi\/?share=twitter\" target=\"_blank\" title=\"Click to share on Twitter\"><span><\/span><span class=\"sharing-screen-reader-text\">Click to share on Twitter (Opens in new window)<\/span><\/a><\/li><li class=\"share-print\"><a rel=\"nofollow noopener noreferrer\" data-shared=\"\" class=\"share-print sd-button share-icon no-text\" href=\"https:\/\/bukkleader.hu\/old\/szakmai-forum-malyi\/\" target=\"_blank\" title=\"Click to print\"><span><\/span><span class=\"sharing-screen-reader-text\">Click to print (Opens in new window)<\/span><\/a><\/li><li class=\"share-email\"><a rel=\"nofollow noopener noreferrer\" data-shared=\"\" class=\"share-email sd-button share-icon no-text\" href=\"https:\/\/bukkleader.hu\/old\/szakmai-forum-malyi\/?share=email\" target=\"_blank\" title=\"Click to email this to a friend\"><span><\/span><span class=\"sharing-screen-reader-text\">Click to email this to a friend (Opens in new window)<\/span><\/a><\/li><li class=\"share-end\"><\/li><\/ul><\/div><\/div><\/div>","protected":false},"excerpt":{"rendered":"<p>A B\u00fckk-T\u00e9rs\u00e9gi LEADER Egyes\u00fclet szakmai f\u00f3rumot tart 2016. 10. 07-\u00e9n M\u00e1lyi k\u00f6zs\u00e9g lak\u00f3inak, civil szervezeteinek, v\u00e1llalkoz\u00e1sainak. Mindenkit szeretettel v\u00e1runk!\u00a0 MEGH\u00cdV\u00d3 &gt;&gt;https:\/\/bukkleader.hu\/old\/wp-content\/uploads\/2016\/10\/BTLE-megh\u00edv\u00f3-M\u00e1lyi-2.-1-2.pdf<\/p>\n<div class=\"sharedaddy sd-sharing-enabled\"><div class=\"robots-nocontent sd-block sd-social sd-social-icon sd-sharing\"><h3 class=\"sd-title\">Share this:<\/h3><div class=\"sd-content\"><ul><li class=\"share-facebook\"><a rel=\"nofollow noopener noreferrer\" data-shared=\"sharing-facebook-1123\" class=\"share-facebook sd-button share-icon no-text\" href=\"https:\/\/bukkleader.hu\/old\/szakmai-forum-malyi\/?share=facebook\" target=\"_blank\" title=\"Click to share on Facebook\"><span><\/span><span class=\"sharing-screen-reader-text\">Click to share on Facebook (Opens in new window)<\/span><\/a><\/li><li class=\"share-twitter\"><a rel=\"nofollow noopener noreferrer\" data-shared=\"sharing-twitter-1123\" class=\"share-twitter sd-button share-icon no-text\" href=\"https:\/\/bukkleader.hu\/old\/szakmai-forum-malyi\/?share=twitter\" target=\"_blank\" title=\"Click to share on Twitter\"><span><\/span><span class=\"sharing-screen-reader-text\">Click to share on Twitter (Opens in new window)<\/span><\/a><\/li><li class=\"share-print\"><a rel=\"nofollow noopener noreferrer\" data-shared=\"\" class=\"share-print sd-button share-icon no-text\" href=\"https:\/\/bukkleader.hu\/old\/szakmai-forum-malyi\/\" target=\"_blank\" title=\"Click to print\"><span><\/span><span class=\"sharing-screen-reader-text\">Click to print (Opens in new window)<\/span><\/a><\/li><li class=\"share-email\"><a rel=\"nofollow noopener noreferrer\" data-shared=\"\" class=\"share-email sd-button share-icon no-text\" href=\"https:\/\/bukkleader.hu\/old\/szakmai-forum-malyi\/?share=email\" target=\"_blank\" title=\"Click to email this to a friend\"><span><\/span><span class=\"sharing-screen-reader-text\">Click to email this to a friend (Opens in new window)<\/span><\/a><\/li><li class=\"share-end\"><\/li><\/ul><\/div><\/div><\/div>","protected":false},"author":4,"featured_media":1183,"comment_status":"open","ping_status":"closed","sticky":false,"template":"","format":"standard","meta":{"_bbp_topic_count":0,"_bbp_reply_count":0,"_bbp_total_topic_count":0,"_bbp_total_reply_count":0,"_bbp_voice_count":0,"_bbp_anonymous_reply_count":0,"_bbp_topic_count_hidden":0,"_bbp_reply_count_hidden":0,"_bbp_forum_subforum_count":0,"spay_email":"","jetpack_publicize_message":"","jetpack_is_tweetstorm":false,"jetpack_publicize_feature_enabled":true},"categories":[1],"tags":[],"jetpack_featured_media_url":"https:\/\/bukkleader.hu\/old\/wp-content\/uploads\/2016\/10\/m\u00e1lyi-templom-2..jpg","jetpack_publicize_connections":[],"jetpack_sharing_enabled":true,"jetpack-related-posts":[{"id":608,"url":"https:\/\/bukkleader.hu\/old\/meghivo-helyi-fejlesztesi-strategia-tervezesi-forumra-malyi\/","url_meta":{"origin":1123,"position":0},"title":"Megh\u00edv\u00f3 Helyi Fejleszt\u00e9si Strat\u00e9gia tervez\u00e9si f\u00f3rumra &#8211; M\u00e1lyi","date":"2015-11-14","format":false,"excerpt":"A B\u00fckk-T\u00e9rs\u00e9gi LEADER Egyes\u00fclet Helyi Fejleszt\u00e9si Strat\u00e9gia tervez\u00e9si f\u00f3rumot tart M\u00e1lyiban, a mell\u00e9kelt megh\u00edv\u00f3 szerint. Minden \u00e9rdekl\u0151d\u0151t v\u00e1runk!\u00a0Megh\u00edv\u00f3 let\u00f6lt\u00e9se itt\u203a\u203a","rel":"","context":"In &quot;H\u00edreink, k\u00f6zlem\u00e9nyeink&quot;","img":{"alt_text":"","src":"","width":0,"height":0},"classes":[]},{"id":1134,"url":"https:\/\/bukkleader.hu\/old\/szakmai-forum-varbo\/","url_meta":{"origin":1123,"position":1},"title":"Szakmai F\u00f3rum &#8211; Varb\u00f3","date":"2016-10-11","format":false,"excerpt":"A B\u00fckk-T\u00e9rs\u00e9gi LEADER Egyes\u00fclet szakmai f\u00f3rumot tart Varb\u00f3n 2016. 10. 17-\u00e9n a mell\u00e9kelt megh\u00edv\u00f3 szerint.\u00a0Minden \u00e9rdekl\u0151d\u0151t szeretettel v\u00e1runk!\u00a0Megh\u00edv\u00f3 >>\u00a0https:\/\/bukkleader.hu\/old\/wp-content\/uploads\/2016\/10\/Varb\u00f3-megh\u00edv\u00f3-pdf.pdf","rel":"","context":"In &quot;H\u00edreink, k\u00f6zlem\u00e9nyeink&quot;","img":{"alt_text":"","src":"https:\/\/i1.wp.com\/bukkleader.hu\/old\/wp-content\/uploads\/2016\/10\/varb\u00f3i-t\u00f3.jpg?resize=350%2C200&ssl=1","width":350,"height":200},"classes":[]},{"id":1127,"url":"https:\/\/bukkleader.hu\/old\/szakmai-forum-borsodgeszt\/","url_meta":{"origin":1123,"position":2},"title":"Szakmai F\u00f3rum &#8211; Borsodgeszt","date":"2016-10-10","format":false,"excerpt":"A B\u00fckk-T\u00e9rs\u00e9gi LEADER Egyes\u00fclet 2016. 10. 13-\u00e1n LEADER \u00e9s egy\u00e9b vid\u00e9kfejleszt\u00e9si t\u00e1mogat\u00e1si t\u00e9m\u00e1kban Szakmai F\u00f3rumot tart Borsodgeszten a mell\u00e9kelt megh\u00edv\u00f3 szerint.\u00a0Szeretettel v\u00e1runk minden lakost, civil szervezetet, \u00e9s v\u00e1llalkoz\u00e1st! >>\u00a0https:\/\/bukkleader.hu\/old\/wp-content\/uploads\/2016\/10\/BTLE-megh\u00edv\u00f3-Borsodgeszt-Pdf.pdf","rel":"","context":"In &quot;H\u00edreink, k\u00f6zlem\u00e9nyeink&quot;","img":{"alt_text":"","src":"https:\/\/i2.wp.com\/bukkleader.hu\/old\/wp-content\/uploads\/2016\/10\/Borsodgeszt-k\u00e9p.jpg?resize=350%2C200&ssl=1","width":350,"height":200},"classes":[]},{"id":1139,"url":"https:\/\/bukkleader.hu\/old\/szakmai-forum-bukkaranyos\/","url_meta":{"origin":1123,"position":3},"title":"Szakmai F\u00f3rum &#8211; B\u00fckkaranyos","date":"2016-10-13","format":false,"excerpt":"A B\u00fckk-T\u00e9rs\u00e9gi LEADER egyes\u00fclet szakmai f\u00f3rumot tart B\u00fckkaranyoson 2016. okt\u00f3ber 17-\u00e9n a mell\u00e9kelt megh\u00edv\u00f3 szerint \u00a0>>\u00a0https:\/\/bukkleader.hu\/old\/wp-content\/uploads\/2016\/10\/BTLE-megh\u00edv\u00f3-B\u00fckkaranyos.pdf\u00a0","rel":"","context":"In &quot;H\u00edreink, k\u00f6zlem\u00e9nyeink&quot;","img":{"alt_text":"","src":"https:\/\/i2.wp.com\/bukkleader.hu\/old\/wp-content\/uploads\/2016\/10\/b\u00fckkaranyos-t\u00e1j.jpg?resize=350%2C200&ssl=1","width":350,"height":200},"classes":[]},{"id":1211,"url":"https:\/\/bukkleader.hu\/old\/szakmai-forum-szomolya\/","url_meta":{"origin":1123,"position":4},"title":"Szakmai F\u00f3rum &#8211; Szomolya","date":"2016-11-07","format":false,"excerpt":"A B\u00fckk-T\u00e9rs\u00e9gi LEADER Egyes\u00fclet a LEADER \u00e9s egy\u00e9b vid\u00e9kfejleszt\u00e9si t\u00e1mogat\u00e1si t\u00e9m\u00e1kban szakmai t\u00e1j\u00e9koztat\u00f3 f\u00f3rumot tart Szomoly\u00e1n, 2016. november 10-\u00e9n, melyre szeretettel megh\u00edvjuk Szomolya k\u00f6zs\u00e9g lakosait, civil szervezeteit, egyh\u00e1zk\u00f6zs\u00e9geit, v\u00e1llalkoz\u00f3it az al\u00e1bbi megh\u00edv\u00f3 szerint >> MEGH\u00cdV\u00d3","rel":"","context":"In &quot;H\u00edreink, k\u00f6zlem\u00e9nyeink&quot;","img":{"alt_text":"","src":"https:\/\/i1.wp.com\/bukkleader.hu\/old\/wp-content\/uploads\/2016\/11\/szomolya-2.jpg?resize=350%2C200&ssl=1","width":350,"height":200},"classes":[]},{"id":1100,"url":"https:\/\/bukkleader.hu\/old\/szakmai-forum-felsozsolcan\/","url_meta":{"origin":1123,"position":5},"title":"Szakmai F\u00f3rum &#8211; Fels\u0151zsolc\u00e1n","date":"2016-09-01","format":false,"excerpt":"A B\u00fckk-T\u00e9rs\u00e9gi LEADER Egyes\u00fclet a LEADER \u00e9s egy\u00e9b vid\u00e9kfejleszt\u00e9si t\u00e1mogat\u00e1si t\u00e9m\u00e1kban szakmai t\u00e1j\u00e9koztat\u00f3 f\u00f3rumot tart, melyre szeretettel megh\u00edvjuk Fels\u0151zsolca V\u00e1ros lakosait, civil szervezeteit, egyh\u00e1zk\u00f6zs\u00e9geit, v\u00e1llalkoz\u00f3it az al\u00e1bbiak szerint:\u00a0https:\/\/bukkleader.hu\/old\/wp-content\/uploads\/2016\/09\/BTLE-Meghivo-Fels\u0151zsolca-\u00faj-pdf-2.pdf","rel":"","context":"In &quot;H\u00edreink, k\u00f6zlem\u00e9nyeink&quot;","img":{"alt_text":"","src":"https:\/\/i1.wp.com\/bukkleader.hu\/old\/wp-content\/uploads\/2016\/09\/fels\u0151zsolca-\u00f6nk..jpg?resize=350%2C200&ssl=1","width":350,"height":200},"classes":[]}],"_links":{"self":[{"href":"https:\/\/bukkleader.hu\/old\/wp-json\/wp\/v2\/posts\/1123"}],"collection":[{"href":"https:\/\/bukkleader.hu\/old\/wp-json\/wp\/v2\/posts"}],"about":[{"href":"https:\/\/bukkleader.hu\/old\/wp-json\/wp\/v2\/types\/post"}],"author":[{"embeddable":true,"href":"https:\/\/bukkleader.hu\/old\/wp-json\/wp\/v2\/users\/4"}],"replies":[{"embeddable":true,"href":"https:\/\/bukkleader.hu\/old\/wp-json\/wp\/v2\/comments?post=1123"}],"version-history":[{"count":1,"href":"https:\/\/bukkleader.hu\/old\/wp-json\/wp\/v2\/posts\/1123\/revisions"}],"predecessor-version":[{"id":1126,"href":"https:\/\/bukkleader.hu\/old\/wp-json\/wp\/v2\/posts\/1123\/revisions\/1126"}],"wp:featuredmedia":[{"embeddable":true,"href":"https:\/\/bukkleader.hu\/old\/wp-json\/wp\/v2\/media\/1183"}],"wp:attachment":[{"href":"https:\/\/bukkleader.hu\/old\/wp-json\/wp\/v2\/media?parent=1123"}],"wp:term":[{"taxonomy":"category","embeddable":true,"href":"https:\/\/bukkleader.hu\/old\/wp-json\/wp\/v2\/categories?post=1123"},{"taxonomy":"post_tag","embeddable":true,"href":"https:\/\/bukkleader.hu\/old\/wp-json\/wp\/v2\/tags?post=1123"}],"curies":[{"name":"wp","href":"https:\/\/api.w.org\/{rel}","templated":true}]}}