{"id":1111,"date":"2016-09-26T15:43:22","date_gmt":"2016-09-26T13:43:22","guid":{"rendered":"https:\/\/bukkleader.hu\/old\/?p=1111"},"modified":"2016-11-03T07:07:51","modified_gmt":"2016-11-03T06:07:51","slug":"repashuta-es-bukkszentkereszt-szakmai-foruma","status":"publish","type":"post","link":"https:\/\/bukkleader.hu\/old\/repashuta-es-bukkszentkereszt-szakmai-foruma\/","title":{"rendered":"R\u00e9p\u00e1shuta \u00e9s B\u00fckkszentkereszt Szakmai F\u00f3ruma"},"content":{"rendered":"<p>A B\u00fckk-T\u00e9rs\u00e9gi LEADER Egyes\u00fclet Szakmai T\u00e1j\u00e9koztat\u00f3 F\u00f3rumot tart B\u00fckkszentkereszt \u00e9s R\u00e9p\u00e1shuta lakosainak, civil szervezeteinek, egyh\u00e1zk\u00f6zs\u00e9geinek \u00e9s v\u00e1llalkoz\u00f3inak 2016. szeptember 29-\u00e9n R\u00e9p\u00e1shut\u00e1n. Minden b\u00fckkszentkereszti \u00e9s r\u00e9p\u00e1shutai \u00e9rdekl\u0151d\u0151t szeretettel v\u00e1runk!<\/p>\n<p>Megh\u00edv\u00f3 let\u00f6lt\u00e9se itt &gt;&gt;\u00a0<\/p>\n<p><a href=\"https:\/\/bukkleader.hu\/old\/wp-content\/uploads\/2016\/09\/BTLE-Meghivo-B\u00fckkszentkereszt-\u00e9s-R\u00e9p\u00e1shuta-\u00faj-2.pdf\">https:\/\/bukkleader.hu\/old\/wp-content\/uploads\/2016\/09\/BTLE-Meghivo-B\u00fckkszentkereszt-\u00e9s-R\u00e9p\u00e1shuta-\u00faj-2.pdf<\/a><\/p>\n<p>&nbsp;<\/p>\n<div class=\"sharedaddy sd-sharing-enabled\"><div class=\"robots-nocontent sd-block sd-social sd-social-icon sd-sharing\"><h3 class=\"sd-title\">Share this:<\/h3><div class=\"sd-content\"><ul><li class=\"share-facebook\"><a rel=\"nofollow noopener noreferrer\" data-shared=\"sharing-facebook-1111\" class=\"share-facebook sd-button share-icon no-text\" href=\"https:\/\/bukkleader.hu\/old\/repashuta-es-bukkszentkereszt-szakmai-foruma\/?share=facebook\" target=\"_blank\" title=\"Click to share on Facebook\"><span><\/span><span class=\"sharing-screen-reader-text\">Click to share on Facebook (Opens in new window)<\/span><\/a><\/li><li class=\"share-twitter\"><a rel=\"nofollow noopener noreferrer\" data-shared=\"sharing-twitter-1111\" class=\"share-twitter sd-button share-icon no-text\" href=\"https:\/\/bukkleader.hu\/old\/repashuta-es-bukkszentkereszt-szakmai-foruma\/?share=twitter\" target=\"_blank\" title=\"Click to share on Twitter\"><span><\/span><span class=\"sharing-screen-reader-text\">Click to share on Twitter (Opens in new window)<\/span><\/a><\/li><li class=\"share-print\"><a rel=\"nofollow noopener noreferrer\" data-shared=\"\" class=\"share-print sd-button share-icon no-text\" href=\"https:\/\/bukkleader.hu\/old\/repashuta-es-bukkszentkereszt-szakmai-foruma\/\" target=\"_blank\" title=\"Click to print\"><span><\/span><span class=\"sharing-screen-reader-text\">Click to print (Opens in new window)<\/span><\/a><\/li><li class=\"share-email\"><a rel=\"nofollow noopener noreferrer\" data-shared=\"\" class=\"share-email sd-button share-icon no-text\" href=\"https:\/\/bukkleader.hu\/old\/repashuta-es-bukkszentkereszt-szakmai-foruma\/?share=email\" target=\"_blank\" title=\"Click to email this to a friend\"><span><\/span><span class=\"sharing-screen-reader-text\">Click to email this to a friend (Opens in new window)<\/span><\/a><\/li><li class=\"share-end\"><\/li><\/ul><\/div><\/div><\/div>","protected":false},"excerpt":{"rendered":"<p>A B\u00fckk-T\u00e9rs\u00e9gi LEADER Egyes\u00fclet Szakmai T\u00e1j\u00e9koztat\u00f3 F\u00f3rumot tart B\u00fckkszentkereszt \u00e9s R\u00e9p\u00e1shuta lakosainak, civil szervezeteinek, egyh\u00e1zk\u00f6zs\u00e9geinek \u00e9s v\u00e1llalkoz\u00f3inak 2016. szeptember 29-\u00e9n R\u00e9p\u00e1shut\u00e1n. Minden b\u00fckkszentkereszti \u00e9s r\u00e9p\u00e1shutai \u00e9rdekl\u0151d\u0151t szeretettel v\u00e1runk! Megh\u00edv\u00f3 let\u00f6lt\u00e9se itt &gt;&gt;\u00a0 https:\/\/bukkleader.hu\/old\/wp-content\/uploads\/2016\/09\/BTLE-Meghivo-B\u00fckkszentkereszt-\u00e9s-R\u00e9p\u00e1shuta-\u00faj-2.pdf &nbsp;<\/p>\n<div class=\"sharedaddy sd-sharing-enabled\"><div class=\"robots-nocontent sd-block sd-social sd-social-icon sd-sharing\"><h3 class=\"sd-title\">Share this:<\/h3><div class=\"sd-content\"><ul><li class=\"share-facebook\"><a rel=\"nofollow noopener noreferrer\" data-shared=\"sharing-facebook-1111\" class=\"share-facebook sd-button share-icon no-text\" href=\"https:\/\/bukkleader.hu\/old\/repashuta-es-bukkszentkereszt-szakmai-foruma\/?share=facebook\" target=\"_blank\" title=\"Click to share on Facebook\"><span><\/span><span class=\"sharing-screen-reader-text\">Click to share on Facebook (Opens in new window)<\/span><\/a><\/li><li class=\"share-twitter\"><a rel=\"nofollow noopener noreferrer\" data-shared=\"sharing-twitter-1111\" class=\"share-twitter sd-button share-icon no-text\" href=\"https:\/\/bukkleader.hu\/old\/repashuta-es-bukkszentkereszt-szakmai-foruma\/?share=twitter\" target=\"_blank\" title=\"Click to share on Twitter\"><span><\/span><span class=\"sharing-screen-reader-text\">Click to share on Twitter (Opens in new window)<\/span><\/a><\/li><li class=\"share-print\"><a rel=\"nofollow noopener noreferrer\" data-shared=\"\" class=\"share-print sd-button share-icon no-text\" href=\"https:\/\/bukkleader.hu\/old\/repashuta-es-bukkszentkereszt-szakmai-foruma\/\" target=\"_blank\" title=\"Click to print\"><span><\/span><span class=\"sharing-screen-reader-text\">Click to print (Opens in new window)<\/span><\/a><\/li><li class=\"share-email\"><a rel=\"nofollow noopener noreferrer\" data-shared=\"\" class=\"share-email sd-button share-icon no-text\" href=\"https:\/\/bukkleader.hu\/old\/repashuta-es-bukkszentkereszt-szakmai-foruma\/?share=email\" target=\"_blank\" title=\"Click to email this to a friend\"><span><\/span><span class=\"sharing-screen-reader-text\">Click to email this to a friend (Opens in new window)<\/span><\/a><\/li><li class=\"share-end\"><\/li><\/ul><\/div><\/div><\/div>","protected":false},"author":4,"featured_media":1184,"comment_status":"open","ping_status":"closed","sticky":false,"template":"","format":"standard","meta":{"_bbp_topic_count":0,"_bbp_reply_count":0,"_bbp_total_topic_count":0,"_bbp_total_reply_count":0,"_bbp_voice_count":0,"_bbp_anonymous_reply_count":0,"_bbp_topic_count_hidden":0,"_bbp_reply_count_hidden":0,"_bbp_forum_subforum_count":0,"spay_email":"","jetpack_publicize_message":"","jetpack_is_tweetstorm":false,"jetpack_publicize_feature_enabled":true},"categories":[1],"tags":[],"jetpack_featured_media_url":"https:\/\/bukkleader.hu\/old\/wp-content\/uploads\/2016\/09\/B\u00fckkszent-\u00e9s-r\u00e9p\u00e1shuta-k\u00f6z\u00f6tt.jpg","jetpack_publicize_connections":[],"jetpack_sharing_enabled":true,"jetpack-related-posts":[{"id":1496,"url":"https:\/\/bukkleader.hu\/old\/tajekoztato-forum-helyi-felhivasokrol-repashuta\/","url_meta":{"origin":1111,"position":0},"title":"T\u00e1j\u00e9koztat\u00f3 F\u00f3rum a helyi felh\u00edv\u00e1sokr\u00f3l &#8211; R\u00e9p\u00e1shuta","date":"2018-01-04","format":false,"excerpt":"A B\u00fckk-T\u00e9rs\u00e9gi LEADER Egyes\u00fclet t\u00e1j\u00e9koztat\u00f3 f\u00f3rumot tart 2018. 01. 11-\u00e9n 17 \u00f3r\u00e1t\u00f3l R\u00e9p\u00e1shut\u00e1n a M\u0171vel\u0151d\u00e9si H\u00e1zban a megjelent helyi felh\u00edv\u00e1sokr\u00f3l, a mell\u00e9kelt megh\u00edv\u00f3 szerint.\u00a0 Megh\u00edv\u00f3 >>","rel":"","context":"In &quot;H\u00edreink, k\u00f6zlem\u00e9nyeink&quot;","img":{"alt_text":"","src":"https:\/\/i1.wp.com\/bukkleader.hu\/old\/wp-content\/uploads\/2016\/09\/B\u00fckkszent-\u00e9s-r\u00e9p\u00e1shuta-k\u00f6z\u00f6tt.jpg?resize=350%2C200&ssl=1","width":350,"height":200},"classes":[]},{"id":8695,"url":"https:\/\/bukkleader.hu\/old\/leader-tematikus-kozpont-rendezvenye-repashuta-2022-02-10\/","url_meta":{"origin":1111,"position":1},"title":"LEADER TEMATIKUS K\u00d6ZPONT rendezv\u00e9nye &#8211; R\u00e9p\u00e1shuta, 2022.02.10.","date":"2022-02-07","format":false,"excerpt":"A \"BEITI-B\u00fckkaljai\" Kft. tisztelettel megh\u00edvja \u00d6n\u00f6ket a B\u00dcKK LEADER TUDOMKA- RES hasznos\u00edt\u00e1s a vid\u00e9ki lak\u00f3k\u00f6rnyezetben \u2013 TEMATIKUS K\u00d6ZPONT rendezv\u00e9ny\u00e9re. A megh\u00edv\u00f3 pdf-ben let\u00f6lthet\u0151 itt.","rel":"","context":"In &quot;H\u00edreink, k\u00f6zlem\u00e9nyeink&quot;","img":{"alt_text":"","src":"https:\/\/i1.wp.com\/bukkleader.hu\/old\/wp-content\/uploads\/2015\/11\/operat\u00edv-programok-2..jpg?resize=350%2C200&ssl=1","width":350,"height":200},"classes":[]},{"id":8674,"url":"https:\/\/bukkleader.hu\/old\/leader-tematikus-kozpont-rendezvenye-repashuta-2022-02-03\/","url_meta":{"origin":1111,"position":2},"title":"LEADER TEMATIKUS K\u00d6ZPONT rendezv\u00e9nye \u2013 R\u00e9p\u00e1shuta, 2022.02.03.","date":"2022-02-01","format":false,"excerpt":"A B\u00fckki Lovas Postakocsi Egyes\u00fclet tisztelettel megh\u00edvja \u00d6n\u00f6ket a \u201eNem motoriz\u00e1lt turizmus fejleszt\u00e9se a B\u00fckk-Miskolc T\u00e9rs\u00e9gi LEADER Egyes\u00fclet ter\u00fclet\u00e9n\u201d megnevez\u00e9s\u0171 rendezv\u00e9ny\u00e9re. A megh\u00edv\u00f3 pdf-ben let\u00f6lthet\u0151 itt.","rel":"","context":"In &quot;H\u00edreink, k\u00f6zlem\u00e9nyeink&quot;","img":{"alt_text":"","src":"https:\/\/i2.wp.com\/bukkleader.hu\/old\/wp-content\/uploads\/2020\/10\/l\u00f3.jpg?resize=350%2C200&ssl=1","width":350,"height":200},"classes":[]},{"id":8724,"url":"https:\/\/bukkleader.hu\/old\/leader-tematikus-kozpont-rendezvenye-repashuta-2022-02-23\/","url_meta":{"origin":1111,"position":3},"title":"LEADER TEMATIKUS K\u00d6ZPONT rendezv\u00e9nye \u2013 R\u00e9p\u00e1shuta, 2022.02.23.","date":"2022-02-22","format":false,"excerpt":"A B\u00fckki Lovas Postakocsi Egyes\u00fclet tisztelettel megh\u00edvja \u00d6n\u00f6ket a \u201eNem motoriz\u00e1lt turizmus fejleszt\u00e9se a B\u00fckk-Miskolc T\u00e9rs\u00e9gi LEADER Egyes\u00fclet ter\u00fclet\u00e9n\u201d megnevez\u00e9s\u0171 rendezv\u00e9ny\u00e9re. A megh\u00edv\u00f3 pdf-ben let\u00f6lthet\u0151 itt.","rel":"","context":"In &quot;H\u00edreink, k\u00f6zlem\u00e9nyeink&quot;","img":{"alt_text":"","src":"https:\/\/i2.wp.com\/bukkleader.hu\/old\/wp-content\/uploads\/2020\/10\/l\u00f3.jpg?resize=350%2C200&ssl=1","width":350,"height":200},"classes":[]},{"id":5744,"url":"https:\/\/bukkleader.hu\/old\/leader-tematikus-kozpont-altal-szervezett-kepzes-repashutan-2020-marcius-5-en\/","url_meta":{"origin":1111,"position":4},"title":"LEADER Tematikus K\u00f6zpont \u00e1ltal szervezett k\u00e9pz\u00e9s R\u00e9p\u00e1shut\u00e1n 2020. m\u00e1rcius 5-\u00e9n","date":"2021-02-03","format":false,"excerpt":"A B\u00fckki Lovas Postakocsi Egyes\u00fclet\u00a0tisztelettel megh\u00edvja \u00d6n\u00f6ket LEADER Tematikus K\u00f6zpont min\u0151s\u00e9g\u00e9ben szervezett k\u00e9pz\u00e9s\u00e9re,\u00a0amelyre\u00a02021. m\u00e1rcius 5-\u00e9n (p\u00e9ntek)\u00a0ker\u00fcl sor R\u00e9p\u00e1shut\u00e1n az al\u00e1bbiak szerint:","rel":"","context":"In &quot;H\u00edreink, k\u00f6zlem\u00e9nyeink&quot;","img":{"alt_text":"","src":"https:\/\/i0.wp.com\/bukkleader.hu\/old\/wp-content\/uploads\/2018\/12\/hat\u00e1rid\u0151-modos\u00edt\u00e1s-2.jpg?resize=350%2C200&ssl=1","width":350,"height":200},"classes":[]},{"id":486,"url":"https:\/\/bukkleader.hu\/old\/meghivo-videkfejlesztesi-program-ismertetesere\/","url_meta":{"origin":1111,"position":5},"title":"Megh\u00edv\u00f3 vid\u00e9kfejleszt\u00e9si program ismertet\u00e9s\u00e9re","date":"2015-10-21","format":false,"excerpt":"A B\u00fckk-T\u00e9rs\u00e9gi LEADER Egyes\u00fclet Helyi Fejleszt\u00e9si Strat\u00e9gia tervez\u00e9si f\u00f3rumot tart R\u00e9p\u00e1shut\u00e1n, a mell\u00e9kelt megh\u00edv\u00f3 szerint. Minden \u00e9rdekl\u0151d\u0151t v\u00e1runk!Megh\u00edv\u00f3 let\u00f6lthet\u0151 itt >>","rel":"","context":"In &quot;H\u00edreink, k\u00f6zlem\u00e9nyeink&quot;","img":{"alt_text":"Megh\u00edv\u00f3 vid\u00e9kfejleszt\u00e9si strat\u00e9gia ismertet\u00e9s\u00e9re","src":"https:\/\/i0.wp.com\/bukkleader.hu\/old\/wp-content\/uploads\/2015\/10\/repashuta-w.jpg?resize=350%2C200&ssl=1","width":350,"height":200},"classes":[]}],"_links":{"self":[{"href":"https:\/\/bukkleader.hu\/old\/wp-json\/wp\/v2\/posts\/1111"}],"collection":[{"href":"https:\/\/bukkleader.hu\/old\/wp-json\/wp\/v2\/posts"}],"about":[{"href":"https:\/\/bukkleader.hu\/old\/wp-json\/wp\/v2\/types\/post"}],"author":[{"embeddable":true,"href":"https:\/\/bukkleader.hu\/old\/wp-json\/wp\/v2\/users\/4"}],"replies":[{"embeddable":true,"href":"https:\/\/bukkleader.hu\/old\/wp-json\/wp\/v2\/comments?post=1111"}],"version-history":[{"count":7,"href":"https:\/\/bukkleader.hu\/old\/wp-json\/wp\/v2\/posts\/1111\/revisions"}],"predecessor-version":[{"id":1121,"href":"https:\/\/bukkleader.hu\/old\/wp-json\/wp\/v2\/posts\/1111\/revisions\/1121"}],"wp:featuredmedia":[{"embeddable":true,"href":"https:\/\/bukkleader.hu\/old\/wp-json\/wp\/v2\/media\/1184"}],"wp:attachment":[{"href":"https:\/\/bukkleader.hu\/old\/wp-json\/wp\/v2\/media?parent=1111"}],"wp:term":[{"taxonomy":"category","embeddable":true,"href":"https:\/\/bukkleader.hu\/old\/wp-json\/wp\/v2\/categories?post=1111"},{"taxonomy":"post_tag","embeddable":true,"href":"https:\/\/bukkleader.hu\/old\/wp-json\/wp\/v2\/tags?post=1111"}],"curies":[{"name":"wp","href":"https:\/\/api.w.org\/{rel}","templated":true}]}}