{"id":1104,"date":"2016-09-01T15:40:32","date_gmt":"2016-09-01T13:40:32","guid":{"rendered":"https:\/\/bukkleader.hu\/old\/?p=1104"},"modified":"2016-11-03T07:09:05","modified_gmt":"2016-11-03T06:09:05","slug":"szakmai-forum-tibolddarocon","status":"publish","type":"post","link":"https:\/\/bukkleader.hu\/old\/szakmai-forum-tibolddarocon\/","title":{"rendered":"Szakmai F\u00f3rum &#8211; Tibolddar\u00f3con"},"content":{"rendered":"<p><strong>A B\u00fckk-T\u00e9rs\u00e9gi LEADER Egyes\u00fclet a LEADER \u00e9s egy\u00e9b vid\u00e9kfejleszt\u00e9si t\u00e1mogat\u00e1si t\u00e9m\u00e1kban szakmai t\u00e1j\u00e9koztat\u00f3 f\u00f3rumot tart, melyre szeretettel megh\u00edvjuk Tibolddar\u00f3c k\u00f6zs\u00e9g lakosait, civil szervezeteit, egyh\u00e1zk\u00f6zs\u00e9geit, v\u00e1llalkoz\u00f3it az al\u00e1bbiak szerint:<\/strong><\/p>\n<p><strong><a href=\"https:\/\/bukkleader.hu\/old\/wp-content\/uploads\/2016\/09\/BTLE-Meghivo-Tibolddar\u00f3c-pdf.pdf\">https:\/\/bukkleader.hu\/old\/wp-content\/uploads\/2016\/09\/BTLE-Meghivo-Tibolddar\u00f3c-pdf.pdf<\/a> <\/strong><\/p>\n<div class=\"sharedaddy sd-sharing-enabled\"><div class=\"robots-nocontent sd-block sd-social sd-social-icon sd-sharing\"><h3 class=\"sd-title\">Share this:<\/h3><div class=\"sd-content\"><ul><li class=\"share-facebook\"><a rel=\"nofollow noopener noreferrer\" data-shared=\"sharing-facebook-1104\" class=\"share-facebook sd-button share-icon no-text\" href=\"https:\/\/bukkleader.hu\/old\/szakmai-forum-tibolddarocon\/?share=facebook\" target=\"_blank\" title=\"Click to share on Facebook\"><span><\/span><span class=\"sharing-screen-reader-text\">Click to share on Facebook (Opens in new window)<\/span><\/a><\/li><li class=\"share-twitter\"><a rel=\"nofollow noopener noreferrer\" data-shared=\"sharing-twitter-1104\" class=\"share-twitter sd-button share-icon no-text\" href=\"https:\/\/bukkleader.hu\/old\/szakmai-forum-tibolddarocon\/?share=twitter\" target=\"_blank\" title=\"Click to share on Twitter\"><span><\/span><span class=\"sharing-screen-reader-text\">Click to share on Twitter (Opens in new window)<\/span><\/a><\/li><li class=\"share-print\"><a rel=\"nofollow noopener noreferrer\" data-shared=\"\" class=\"share-print sd-button share-icon no-text\" href=\"https:\/\/bukkleader.hu\/old\/szakmai-forum-tibolddarocon\/\" target=\"_blank\" title=\"Click to print\"><span><\/span><span class=\"sharing-screen-reader-text\">Click to print (Opens in new window)<\/span><\/a><\/li><li class=\"share-email\"><a rel=\"nofollow noopener noreferrer\" data-shared=\"\" class=\"share-email sd-button share-icon no-text\" href=\"https:\/\/bukkleader.hu\/old\/szakmai-forum-tibolddarocon\/?share=email\" target=\"_blank\" title=\"Click to email this to a friend\"><span><\/span><span class=\"sharing-screen-reader-text\">Click to email this to a friend (Opens in new window)<\/span><\/a><\/li><li class=\"share-end\"><\/li><\/ul><\/div><\/div><\/div>","protected":false},"excerpt":{"rendered":"<p>A B\u00fckk-T\u00e9rs\u00e9gi LEADER Egyes\u00fclet a LEADER \u00e9s egy\u00e9b vid\u00e9kfejleszt\u00e9si t\u00e1mogat\u00e1si t\u00e9m\u00e1kban szakmai t\u00e1j\u00e9koztat\u00f3 f\u00f3rumot tart, melyre szeretettel megh\u00edvjuk Tibolddar\u00f3c k\u00f6zs\u00e9g lakosait, civil szervezeteit, egyh\u00e1zk\u00f6zs\u00e9geit, v\u00e1llalkoz\u00f3it az al\u00e1bbiak szerint: https:\/\/bukkleader.hu\/old\/wp-content\/uploads\/2016\/09\/BTLE-Meghivo-Tibolddar\u00f3c-pdf.pdf<\/p>\n<div class=\"sharedaddy sd-sharing-enabled\"><div class=\"robots-nocontent sd-block sd-social sd-social-icon sd-sharing\"><h3 class=\"sd-title\">Share this:<\/h3><div class=\"sd-content\"><ul><li class=\"share-facebook\"><a rel=\"nofollow noopener noreferrer\" data-shared=\"sharing-facebook-1104\" class=\"share-facebook sd-button share-icon no-text\" href=\"https:\/\/bukkleader.hu\/old\/szakmai-forum-tibolddarocon\/?share=facebook\" target=\"_blank\" title=\"Click to share on Facebook\"><span><\/span><span class=\"sharing-screen-reader-text\">Click to share on Facebook (Opens in new window)<\/span><\/a><\/li><li class=\"share-twitter\"><a rel=\"nofollow noopener noreferrer\" data-shared=\"sharing-twitter-1104\" class=\"share-twitter sd-button share-icon no-text\" href=\"https:\/\/bukkleader.hu\/old\/szakmai-forum-tibolddarocon\/?share=twitter\" target=\"_blank\" title=\"Click to share on Twitter\"><span><\/span><span class=\"sharing-screen-reader-text\">Click to share on Twitter (Opens in new window)<\/span><\/a><\/li><li class=\"share-print\"><a rel=\"nofollow noopener noreferrer\" data-shared=\"\" class=\"share-print sd-button share-icon no-text\" href=\"https:\/\/bukkleader.hu\/old\/szakmai-forum-tibolddarocon\/\" target=\"_blank\" title=\"Click to print\"><span><\/span><span class=\"sharing-screen-reader-text\">Click to print (Opens in new window)<\/span><\/a><\/li><li class=\"share-email\"><a rel=\"nofollow noopener noreferrer\" data-shared=\"\" class=\"share-email sd-button share-icon no-text\" href=\"https:\/\/bukkleader.hu\/old\/szakmai-forum-tibolddarocon\/?share=email\" target=\"_blank\" title=\"Click to email this to a friend\"><span><\/span><span class=\"sharing-screen-reader-text\">Click to email this to a friend (Opens in new window)<\/span><\/a><\/li><li class=\"share-end\"><\/li><\/ul><\/div><\/div><\/div>","protected":false},"author":4,"featured_media":1185,"comment_status":"open","ping_status":"closed","sticky":false,"template":"","format":"standard","meta":{"_bbp_topic_count":0,"_bbp_reply_count":0,"_bbp_total_topic_count":0,"_bbp_total_reply_count":0,"_bbp_voice_count":0,"_bbp_anonymous_reply_count":0,"_bbp_topic_count_hidden":0,"_bbp_reply_count_hidden":0,"_bbp_forum_subforum_count":0,"spay_email":"","jetpack_publicize_message":"","jetpack_is_tweetstorm":false,"jetpack_publicize_feature_enabled":true},"categories":[1],"tags":[],"jetpack_featured_media_url":"https:\/\/bukkleader.hu\/old\/wp-content\/uploads\/2016\/09\/tibolddar\u00f3c-2.jpg","jetpack_publicize_connections":[],"jetpack_sharing_enabled":true,"jetpack-related-posts":[{"id":1431,"url":"https:\/\/bukkleader.hu\/old\/tajekoztato-forum-helyi-felhivasokrol-tibolddaroc\/","url_meta":{"origin":1104,"position":0},"title":"T\u00e1j\u00e9koztat\u00f3 F\u00f3rum a helyi felh\u00edv\u00e1sokr\u00f3l \u2013 Tibolddar\u00f3c","date":"2017-12-12","format":false,"excerpt":"A B\u00fckk-T\u00e9rs\u00e9gi LEADER Egyes\u00fclet t\u00e1j\u00e9koztat\u00f3 f\u00f3rumot tart 2018.01. 03-\u00e1n Tibolddar\u00f3con a megjelent helyi felh\u00edv\u00e1sokr\u00f3l, a mell\u00e9kelt megh\u00edv\u00f3 szerint.\u00a0 Megh\u00edv\u00f3 >>","rel":"","context":"In &quot;H\u00edreink, k\u00f6zlem\u00e9nyeink&quot;","img":{"alt_text":"","src":"https:\/\/i0.wp.com\/bukkleader.hu\/old\/wp-content\/uploads\/2017\/12\/patakmenti001.jpg?resize=350%2C200&ssl=1","width":350,"height":200},"classes":[]},{"id":6003,"url":"https:\/\/bukkleader.hu\/old\/tibolddaroc-kozseg-onkormanyzata-tisztelettel-meghivja-ont-a-szent-donat-borunnepe-tibolddarocon-leader-tudomka-falvak-fejlesztese-cimmel-megrendezesre-kerulo-ketnapos-programjara\/","url_meta":{"origin":1104,"position":1},"title":"\u201eSzent Don\u00e1t Bor\u00fcnnepe Tibolddar\u00f3con\u201d LEADER Tudomka Falvak Fejleszt\u00e9se LEADER t\u00e1mogat\u00e1ssal 2021. 07. 30-31.","date":"2021-06-25","format":false,"excerpt":"Tibolddar\u00f3c K\u00f6zs\u00e9g \u00d6nkorm\u00e1nyzata\u00a0tisztelettel megh\u00edvja \u00d6n\u00f6ket\u00a02021. j\u00falius 30-31.-\u00e9n\u00a0tartand\u00f3, LEADER t\u00e1mogat\u00e1ssal megval\u00f3sul\u00f3\u00a0\u201cSzent Don\u00e1t Bor\u00fcnnepe Tibolddar\u00f3con\u201d\u00a0c\u00edm\u0171 rendezv\u00e9ny\u00e9re. A r\u00e9szletes program (a megh\u00edv\u00f3 \u00e9s a program PDF-ben let\u00f6lthet\u0151 itt):","rel":"","context":"In &quot;H\u00edreink, k\u00f6zlem\u00e9nyeink&quot;","img":{"alt_text":"","src":"https:\/\/i1.wp.com\/bukkleader.hu\/old\/wp-content\/uploads\/2019\/08\/szuret.jpg?resize=350%2C200&ssl=1","width":350,"height":200},"classes":[]},{"id":3156,"url":"https:\/\/bukkleader.hu\/old\/leader-tudomka-kozpont-kepzes-tibolddarocon-2020-11-12\/","url_meta":{"origin":1104,"position":2},"title":"LEADER Tudomka K\u00f6zpont k\u00e9pz\u00e9s Tibolddar\u00f3con (ELMARAD) &#8211; 2020.11.12.","date":"2020-10-02","format":false,"excerpt":"Figyelem! A 2020. november 11-\u00e9n \u00e9letbe l\u00e9p\u0151, a Covid-19 j\u00e1rv\u00e1nnyal kapcsolatos int\u00e9zked\u00e9sek miatt az al\u00e1bbi program elmarad. K\u00e9rem, hogy tov\u00e1bbi inform\u00e1ci\u00f3\u00e9rt\u00a0 a programmal kapcsolatban k\u00eds\u00e9rj\u00e9k figyelemmel honlapunkat! *** A B\u00fckk-hegys\u00e9gi Meg\u00fajul\u00f3 Energi\u00e1k Iskol\u00e1k Alap\u00edtv\u00e1ny, mint LEADER Tudomka K\u00f6zpont, tisztelettel megh\u00edvja \u00d6n\u00f6ket 2020. november 12-\u00e9n (cs\u00fct\u00f6rt\u00f6k) Tibolddar\u00f3con tartand\u00f3, LEADER t\u00e1mogat\u00e1ssal megval\u00f3sul\u00f3\u2026","rel":"","context":"In &quot;H\u00edreink, k\u00f6zlem\u00e9nyeink&quot;","img":{"alt_text":"","src":"https:\/\/i1.wp.com\/bukkleader.hu\/old\/wp-content\/uploads\/2020\/10\/elmarad.jpg?resize=350%2C200&ssl=1","width":350,"height":200},"classes":[]},{"id":8347,"url":"https:\/\/bukkleader.hu\/old\/kisamerika-cserepfaluban-cimu-rendezveny-leader-tudomka-falvak-fejlesztese-leader-tamogatassal-2021-09-04-tibolddaroc\/","url_meta":{"origin":1104,"position":3},"title":"\u201eKisamerika Cser\u00e9pfaluban\u201d c\u00edm\u0171 rendezv\u00e9ny LEADER Tudomka Falvak Fejleszt\u00e9se LEADER t\u00e1mogat\u00e1ssal 2021. 09. 04. Tibolddar\u00f3c","date":"2021-08-04","format":false,"excerpt":"A Szalak\u00f3ta Egyes\u00fclet tisztelettel megh\u00edvja \u00d6nt a LEADER Tudomka Falvak fejleszt\u00e9se projekt \u201eKisamerika Cser\u00e9pfaluban\u201d c\u00edm\u0171 rendezv\u00e9ny\u00e9re. A megh\u00edv\u00f3 \u00e9s a program let\u00f6lthet\u0151 itt \u00e9s itt.","rel":"","context":"In &quot;H\u00edreink, k\u00f6zlem\u00e9nyeink&quot;","img":{"alt_text":"","src":"https:\/\/i0.wp.com\/bukkleader.hu\/old\/wp-content\/uploads\/2016\/09\/tibolddar\u00f3c-2.jpg?resize=350%2C200&ssl=1","width":350,"height":200},"classes":[]},{"id":8874,"url":"https:\/\/bukkleader.hu\/old\/tematikus-tudomka-kozpont-kepzese-tibolddaroc-2022-07-19\/","url_meta":{"origin":1104,"position":4},"title":"TEMATIKUS TUDOMKA K\u00d6ZPONT k\u00e9pz\u00e9se &#8211; Tibolddar\u00f3c, 2022.07.19.","date":"2022-06-30","format":false,"excerpt":"A B\u00fckki Kapt\u00e1rk\u0151 Tan\u00e1csad\u00f3 \u00e9s Szolg\u00e1ltat\u00f3 Szoci\u00e1lis Sz\u00f6vetkezet tisztelettel megh\u00edvja \u00d6n\u00f6ket turisztikai egy\u00fcttm\u0171k\u00f6d\u00e9sek \u00e9s fejleszt\u00e9sek megval\u00f3s\u00edt\u00e1sa t\u00e1rgy\u00e1ban tartand\u00f3 k\u00e9pz\u00e9s\u00e9re. A megh\u00edv\u00f3 pdf-ben let\u00f6lthet\u0151 itt.","rel":"","context":"In &quot;H\u00edreink, k\u00f6zlem\u00e9nyeink&quot;","img":{"alt_text":"","src":"https:\/\/i2.wp.com\/bukkleader.hu\/old\/wp-content\/uploads\/2022\/06\/kepzes-kep.jpg?resize=350%2C200&ssl=1","width":350,"height":200},"classes":[]},{"id":8880,"url":"https:\/\/bukkleader.hu\/old\/tematikus-tudomka-kozpont-foruma-tibolddaroc-2022-07-19\/","url_meta":{"origin":1104,"position":5},"title":"TEMATIKUS TUDOMKA K\u00d6ZPONT f\u00f3ruma &#8211; Tibolddar\u00f3c, 2022.07.19.","date":"2022-06-30","format":false,"excerpt":"A B\u00fckki Kapt\u00e1rk\u0151 Tan\u00e1csad\u00f3 \u00e9s Szolg\u00e1ltat\u00f3 Szoci\u00e1lis Sz\u00f6vetkezet tisztelettel megh\u00edvja \u00d6n\u00f6ket a turisztikai egy\u00fcttm\u0171k\u00f6d\u00e9sek \u00e9s fejleszt\u00e9sek megval\u00f3s\u00edt\u00e1sa t\u00e1rgy\u00e1ban tartand\u00f3 f\u00f3rum\u00e1ra. A megh\u00edv\u00f3 pdf-ben let\u00f6lthet\u0151 itt.","rel":"","context":"In &quot;H\u00edreink, k\u00f6zlem\u00e9nyeink&quot;","img":{"alt_text":"","src":"https:\/\/i0.wp.com\/bukkleader.hu\/old\/wp-content\/uploads\/2022\/06\/Lovas-kep-4.jpg?resize=350%2C200&ssl=1","width":350,"height":200},"classes":[]}],"_links":{"self":[{"href":"https:\/\/bukkleader.hu\/old\/wp-json\/wp\/v2\/posts\/1104"}],"collection":[{"href":"https:\/\/bukkleader.hu\/old\/wp-json\/wp\/v2\/posts"}],"about":[{"href":"https:\/\/bukkleader.hu\/old\/wp-json\/wp\/v2\/types\/post"}],"author":[{"embeddable":true,"href":"https:\/\/bukkleader.hu\/old\/wp-json\/wp\/v2\/users\/4"}],"replies":[{"embeddable":true,"href":"https:\/\/bukkleader.hu\/old\/wp-json\/wp\/v2\/comments?post=1104"}],"version-history":[{"count":1,"href":"https:\/\/bukkleader.hu\/old\/wp-json\/wp\/v2\/posts\/1104\/revisions"}],"predecessor-version":[{"id":1108,"href":"https:\/\/bukkleader.hu\/old\/wp-json\/wp\/v2\/posts\/1104\/revisions\/1108"}],"wp:featuredmedia":[{"embeddable":true,"href":"https:\/\/bukkleader.hu\/old\/wp-json\/wp\/v2\/media\/1185"}],"wp:attachment":[{"href":"https:\/\/bukkleader.hu\/old\/wp-json\/wp\/v2\/media?parent=1104"}],"wp:term":[{"taxonomy":"category","embeddable":true,"href":"https:\/\/bukkleader.hu\/old\/wp-json\/wp\/v2\/categories?post=1104"},{"taxonomy":"post_tag","embeddable":true,"href":"https:\/\/bukkleader.hu\/old\/wp-json\/wp\/v2\/tags?post=1104"}],"curies":[{"name":"wp","href":"https:\/\/api.w.org\/{rel}","templated":true}]}}