{"id":1095,"date":"2016-09-01T11:42:11","date_gmt":"2016-09-01T09:42:11","guid":{"rendered":"https:\/\/bukkleader.hu\/old\/?p=1095"},"modified":"2016-09-01T11:42:11","modified_gmt":"2016-09-01T09:42:11","slug":"szakmai-forum-emod","status":"publish","type":"post","link":"https:\/\/bukkleader.hu\/old\/szakmai-forum-emod\/","title":{"rendered":"Szakmai F\u00f3rum &#8211; Em\u0151d"},"content":{"rendered":"<p>&nbsp;<\/p>\n<p><strong>A B\u00fckk-T\u00e9rs\u00e9gi LEADER Egyes\u00fclet a LEADER \u00e9s egy\u00e9b vid\u00e9kfejleszt\u00e9si t\u00e1mogat\u00e1si t\u00e9m\u00e1kban szakmai t\u00e1j\u00e9koztat\u00f3 f\u00f3rumot tart, melyre szeretettel megh\u00edvjuk Em\u0151d V\u00e1ros lakosait, civil szervezeteit, egyh\u00e1zk\u00f6zs\u00e9geit, v\u00e1llalkoz\u00f3it az al\u00e1bbiak szerint\u00a0<\/strong><\/p>\n<p><strong><a href=\"https:\/\/bukkleader.hu\/old\/wp-content\/uploads\/2016\/09\/BTLE-Meghivo-Em\u0151d.pdf\">https:\/\/bukkleader.hu\/old\/wp-content\/uploads\/2016\/09\/BTLE-Meghivo-Em\u0151d.pdf<\/a><\/strong><\/p>\n<div class=\"sharedaddy sd-sharing-enabled\"><div class=\"robots-nocontent sd-block sd-social sd-social-icon sd-sharing\"><h3 class=\"sd-title\">Share this:<\/h3><div class=\"sd-content\"><ul><li class=\"share-facebook\"><a rel=\"nofollow noopener noreferrer\" data-shared=\"sharing-facebook-1095\" class=\"share-facebook sd-button share-icon no-text\" href=\"https:\/\/bukkleader.hu\/old\/szakmai-forum-emod\/?share=facebook\" target=\"_blank\" title=\"Click to share on Facebook\"><span><\/span><span class=\"sharing-screen-reader-text\">Click to share on Facebook (Opens in new window)<\/span><\/a><\/li><li class=\"share-twitter\"><a rel=\"nofollow noopener noreferrer\" data-shared=\"sharing-twitter-1095\" class=\"share-twitter sd-button share-icon no-text\" href=\"https:\/\/bukkleader.hu\/old\/szakmai-forum-emod\/?share=twitter\" target=\"_blank\" title=\"Click to share on Twitter\"><span><\/span><span class=\"sharing-screen-reader-text\">Click to share on Twitter (Opens in new window)<\/span><\/a><\/li><li class=\"share-print\"><a rel=\"nofollow noopener noreferrer\" data-shared=\"\" class=\"share-print sd-button share-icon no-text\" href=\"https:\/\/bukkleader.hu\/old\/szakmai-forum-emod\/\" target=\"_blank\" title=\"Click to print\"><span><\/span><span class=\"sharing-screen-reader-text\">Click to print (Opens in new window)<\/span><\/a><\/li><li class=\"share-email\"><a rel=\"nofollow noopener noreferrer\" data-shared=\"\" class=\"share-email sd-button share-icon no-text\" href=\"https:\/\/bukkleader.hu\/old\/szakmai-forum-emod\/?share=email\" target=\"_blank\" title=\"Click to email this to a friend\"><span><\/span><span class=\"sharing-screen-reader-text\">Click to email this to a friend (Opens in new window)<\/span><\/a><\/li><li class=\"share-end\"><\/li><\/ul><\/div><\/div><\/div>","protected":false},"excerpt":{"rendered":"<p>&nbsp; A B\u00fckk-T\u00e9rs\u00e9gi LEADER Egyes\u00fclet a LEADER \u00e9s egy\u00e9b vid\u00e9kfejleszt\u00e9si t\u00e1mogat\u00e1si t\u00e9m\u00e1kban szakmai t\u00e1j\u00e9koztat\u00f3 f\u00f3rumot tart, melyre szeretettel megh\u00edvjuk Em\u0151d V\u00e1ros lakosait, civil szervezeteit, egyh\u00e1zk\u00f6zs\u00e9geit, v\u00e1llalkoz\u00f3it az al\u00e1bbiak szerint\u00a0 https:\/\/bukkleader.hu\/old\/wp-content\/uploads\/2016\/09\/BTLE-Meghivo-Em\u0151d.pdf<\/p>\n<div class=\"sharedaddy sd-sharing-enabled\"><div class=\"robots-nocontent sd-block sd-social sd-social-icon sd-sharing\"><h3 class=\"sd-title\">Share this:<\/h3><div class=\"sd-content\"><ul><li class=\"share-facebook\"><a rel=\"nofollow noopener noreferrer\" data-shared=\"sharing-facebook-1095\" class=\"share-facebook sd-button share-icon no-text\" href=\"https:\/\/bukkleader.hu\/old\/szakmai-forum-emod\/?share=facebook\" target=\"_blank\" title=\"Click to share on Facebook\"><span><\/span><span class=\"sharing-screen-reader-text\">Click to share on Facebook (Opens in new window)<\/span><\/a><\/li><li class=\"share-twitter\"><a rel=\"nofollow noopener noreferrer\" data-shared=\"sharing-twitter-1095\" class=\"share-twitter sd-button share-icon no-text\" href=\"https:\/\/bukkleader.hu\/old\/szakmai-forum-emod\/?share=twitter\" target=\"_blank\" title=\"Click to share on Twitter\"><span><\/span><span class=\"sharing-screen-reader-text\">Click to share on Twitter (Opens in new window)<\/span><\/a><\/li><li class=\"share-print\"><a rel=\"nofollow noopener noreferrer\" data-shared=\"\" class=\"share-print sd-button share-icon no-text\" href=\"https:\/\/bukkleader.hu\/old\/szakmai-forum-emod\/\" target=\"_blank\" title=\"Click to print\"><span><\/span><span class=\"sharing-screen-reader-text\">Click to print (Opens in new window)<\/span><\/a><\/li><li class=\"share-email\"><a rel=\"nofollow noopener noreferrer\" data-shared=\"\" class=\"share-email sd-button share-icon no-text\" href=\"https:\/\/bukkleader.hu\/old\/szakmai-forum-emod\/?share=email\" target=\"_blank\" title=\"Click to email this to a friend\"><span><\/span><span class=\"sharing-screen-reader-text\">Click to email this to a friend (Opens in new window)<\/span><\/a><\/li><li class=\"share-end\"><\/li><\/ul><\/div><\/div><\/div>","protected":false},"author":4,"featured_media":1097,"comment_status":"open","ping_status":"closed","sticky":false,"template":"","format":"standard","meta":{"_bbp_topic_count":0,"_bbp_reply_count":0,"_bbp_total_topic_count":0,"_bbp_total_reply_count":0,"_bbp_voice_count":0,"_bbp_anonymous_reply_count":0,"_bbp_topic_count_hidden":0,"_bbp_reply_count_hidden":0,"_bbp_forum_subforum_count":0,"spay_email":"","jetpack_publicize_message":"","jetpack_is_tweetstorm":false,"jetpack_publicize_feature_enabled":true},"categories":[1],"tags":[],"jetpack_featured_media_url":"https:\/\/bukkleader.hu\/old\/wp-content\/uploads\/2016\/09\/em\u0151d.jpg","jetpack_publicize_connections":[],"jetpack_sharing_enabled":true,"jetpack-related-posts":[{"id":589,"url":"https:\/\/bukkleader.hu\/old\/forum-bukk-tersegi-leader-egyesulet-emod\/","url_meta":{"origin":1095,"position":0},"title":"Megh\u00edv\u00f3 Helyi Fejleszt\u00e9si Strat\u00e9gia tervez\u00e9si f\u00f3rumra &#8211; Em\u0151d","date":"2015-11-12","format":false,"excerpt":"B\u00fckk T\u00e9rs\u00e9gi LEADER Egyes\u00fclet Helyi Fejleszt\u00e9si Strat\u00e9gia tervez\u00e9si f\u00f3rumot tart Em\u0151d\u00f6n a mell\u00e9kelt megh\u00edv\u00f3 szerint. Minden \u00e9rdekl\u0151d\u0151t v\u00e1runk!\u00a0Megh\u00edv\u00f3 let\u00f6lt\u00e9se itt\u203a\u203a","rel":"","context":"In &quot;H\u00edreink, k\u00f6zlem\u00e9nyeink&quot;","img":{"alt_text":"","src":"","width":0,"height":0},"classes":[]},{"id":2310,"url":"https:\/\/bukkleader.hu\/old\/tajekoztato-forum-a-videkfejlesztesi-program-aktualitasairol-emodon\/","url_meta":{"origin":1095,"position":1},"title":"T\u00e1j\u00e9koztat\u00f3 f\u00f3rum a helyi szerepl\u0151k felk\u00e9sz\u00edt\u00e9s\u00e9nek \u00e9rdek\u00e9ben Em\u0151d\u00f6n","date":"2019-11-19","format":false,"excerpt":"A B\u00fckk-T\u00e9rs\u00e9gi LEADER Egyes\u00fclet t\u00e1j\u00e9koztat\u00f3 f\u00f3rumot tart 2019. 11. 28-\u00e1n 14:00 \u00f3r\u00e1t\u00f3l Em\u0151d\u00f6n a helyi szerepl\u0151k felk\u00e9sz\u00edt\u00e9s\u00e9nek \u00e9rdek\u00e9ben a 2020-ban megjelen\u0151 helyi felh\u00edv\u00e1sokr\u00f3l, melyre szeretettel megh\u00edvjuk a HACS ter\u00fclet\u00e9r\u0151l a lakosokat, civil szervezeteket, egyh\u00e1zk\u00f6zs\u00e9geket, v\u00e1llalkoz\u00e1sokat, \u00f6nkorm\u00e1nyzatokat. A megh\u00edv\u00f3 PDF-ben let\u00f6lthet\u0151 itt.","rel":"","context":"In &quot;H\u00edreink, k\u00f6zlem\u00e9nyeink&quot;","img":{"alt_text":"","src":"https:\/\/i0.wp.com\/bukkleader.hu\/old\/wp-content\/uploads\/2019\/11\/emodmuvhaz2.jpg?resize=350%2C200&ssl=1","width":350,"height":200},"classes":[]},{"id":1414,"url":"https:\/\/bukkleader.hu\/old\/tajekoztato-forum-videkfejlesztesi-program-aktualitasairol-helyi-fejlesztesi-strategia-elorehaladasarol-es-helyi-felhivasokrol-emod\/","url_meta":{"origin":1095,"position":2},"title":"T\u00e1j\u00e9koztat\u00f3 F\u00f3rum a Vid\u00e9kfejleszt\u00e9si Program aktualit\u00e1sair\u00f3l, a Helyi Fejleszt\u00e9si Strat\u00e9gia el\u0151rehalad\u00e1s\u00e1r\u00f3l \u00e9s a helyi felh\u00edv\u00e1sokr\u00f3l &#8211; Em\u0151d","date":"2017-11-22","format":false,"excerpt":"A B\u00fckk-T\u00e9rs\u00e9gi LEADER Egyes\u00fclet t\u00e1j\u00e9koztat\u00f3 f\u00f3rumot tart 2017.12.11-\u00e9n Em\u0151d\u00f6n\u00a0a Vid\u00e9kfejleszt\u00e9si Program aktualit\u00e1sair\u00f3l, a Helyi Fejleszt\u00e9si Strat\u00e9gia el\u0151rehalad\u00e1s\u00e1r\u00f3l \u00e9s\u00a0a megjelent helyi felh\u00edv\u00e1sokr\u00f3l, a mell\u00e9kelt megh\u00edv\u00f3 szerint. Megh\u00edv\u00f3 >>","rel":"","context":"In &quot;H\u00edreink, k\u00f6zlem\u00e9nyeink&quot;","img":{"alt_text":"","src":"https:\/\/i2.wp.com\/bukkleader.hu\/old\/wp-content\/uploads\/2016\/09\/em\u0151d.jpg?resize=350%2C200&ssl=1","width":350,"height":200},"classes":[]},{"id":2318,"url":"https:\/\/bukkleader.hu\/old\/meghivo-kozgyulesre-emod-2019-11-28\/","url_meta":{"origin":1095,"position":3},"title":"Megh\u00edv\u00f3 K\u00f6zgy\u0171l\u00e9sre &#8211; Em\u0151d, 2019. 11. 28.","date":"2019-11-19","format":false,"excerpt":"A B\u00fckk-T\u00e9rs\u00e9gi LEADER Egyes\u00fclet tisztelettel megh\u00edvja tagjait 2019. 11. 28-\u00e1n Em\u0151d\u00f6n 15 \u00f3rakor kezd\u0151d\u0151 k\u00f6zgy\u0171l\u00e9sre, a mell\u00e9kelt megh\u00edv\u00f3 szerint: A megh\u00edv\u00f3 PDF-ben let\u00f6lthet\u0151 itt.","rel":"","context":"In &quot;H\u00edreink, k\u00f6zlem\u00e9nyeink&quot;","img":{"alt_text":"","src":"https:\/\/i1.wp.com\/bukkleader.hu\/old\/wp-content\/uploads\/2019\/11\/kozgyules_meghivo_2019_11_28_pages-to-jpg-0001.jpg?resize=350%2C200&ssl=1","width":350,"height":200},"classes":[]},{"id":1159,"url":"https:\/\/bukkleader.hu\/old\/szakmai-forum-sajobabony\/","url_meta":{"origin":1095,"position":4},"title":"Szakmai F\u00f3rum &#8211; Saj\u00f3b\u00e1bony","date":"2016-10-20","format":false,"excerpt":"A B\u00fckk-T\u00e9rs\u00e9gi LEADER Egyes\u00fclet a LEADER \u00e9s egy\u00e9b vid\u00e9kfejleszt\u00e9si t\u00e1mogat\u00e1si t\u00e9m\u00e1kban szakmai t\u00e1j\u00e9koztat\u00f3 f\u00f3rumot tart, melyre szeretettel megh\u00edvjuk Saj\u00f3b\u00e1bony lakosait, civil szervezeteit, egyh\u00e1zk\u00f6zs\u00e9geit, v\u00e1llalkoz\u00f3it az al\u00e1bbi megh\u00edv\u00f3 szerint:\u00a0MEGH\u00cdV\u00d3 >>\u00a0","rel":"","context":"In &quot;H\u00edreink, k\u00f6zlem\u00e9nyeink&quot;","img":{"alt_text":"","src":"https:\/\/i2.wp.com\/bukkleader.hu\/old\/wp-content\/uploads\/2016\/10\/Saj\u00f3b\u00e1bony.jpg?resize=350%2C200&ssl=1","width":350,"height":200},"classes":[]},{"id":1164,"url":"https:\/\/bukkleader.hu\/old\/szakmai-forum-sajokeresztur\/","url_meta":{"origin":1095,"position":5},"title":"Szakmai F\u00f3rum &#8211; Saj\u00f3kereszt\u00far","date":"2016-10-20","format":false,"excerpt":"A B\u00fckk-T\u00e9rs\u00e9gi LEADER Egyes\u00fclet a LEADER \u00e9s egy\u00e9b vid\u00e9kfejleszt\u00e9si t\u00e1mogat\u00e1si t\u00e9m\u00e1kban szakmai t\u00e1j\u00e9koztat\u00f3 f\u00f3rumot tart, melyre szeretettel megh\u00edvjuk Saj\u00f3kereszt\u00far k\u00f6zs\u00e9g lakosait, civil szervezeteit, egyh\u00e1zk\u00f6zs\u00e9geit, v\u00e1llalkoz\u00f3it az al\u00e1bbi megh\u00edv\u00f3 szerint:MEGH\u00cdV\u00d3 <<","rel":"","context":"In &quot;H\u00edreink, k\u00f6zlem\u00e9nyeink&quot;","img":{"alt_text":"","src":"https:\/\/i0.wp.com\/bukkleader.hu\/old\/wp-content\/uploads\/2016\/10\/saj\u00f3kereszt\u00far.jpg?resize=350%2C200&ssl=1","width":350,"height":200},"classes":[]}],"_links":{"self":[{"href":"https:\/\/bukkleader.hu\/old\/wp-json\/wp\/v2\/posts\/1095"}],"collection":[{"href":"https:\/\/bukkleader.hu\/old\/wp-json\/wp\/v2\/posts"}],"about":[{"href":"https:\/\/bukkleader.hu\/old\/wp-json\/wp\/v2\/types\/post"}],"author":[{"embeddable":true,"href":"https:\/\/bukkleader.hu\/old\/wp-json\/wp\/v2\/users\/4"}],"replies":[{"embeddable":true,"href":"https:\/\/bukkleader.hu\/old\/wp-json\/wp\/v2\/comments?post=1095"}],"version-history":[{"count":1,"href":"https:\/\/bukkleader.hu\/old\/wp-json\/wp\/v2\/posts\/1095\/revisions"}],"predecessor-version":[{"id":1098,"href":"https:\/\/bukkleader.hu\/old\/wp-json\/wp\/v2\/posts\/1095\/revisions\/1098"}],"wp:featuredmedia":[{"embeddable":true,"href":"https:\/\/bukkleader.hu\/old\/wp-json\/wp\/v2\/media\/1097"}],"wp:attachment":[{"href":"https:\/\/bukkleader.hu\/old\/wp-json\/wp\/v2\/media?parent=1095"}],"wp:term":[{"taxonomy":"category","embeddable":true,"href":"https:\/\/bukkleader.hu\/old\/wp-json\/wp\/v2\/categories?post=1095"},{"taxonomy":"post_tag","embeddable":true,"href":"https:\/\/bukkleader.hu\/old\/wp-json\/wp\/v2\/tags?post=1095"}],"curies":[{"name":"wp","href":"https:\/\/api.w.org\/{rel}","templated":true}]}}