{"id":1088,"date":"2016-08-31T09:52:41","date_gmt":"2016-08-31T07:52:41","guid":{"rendered":"https:\/\/bukkleader.hu\/old\/?p=1088"},"modified":"2016-08-31T10:04:53","modified_gmt":"2016-08-31T08:04:53","slug":"megjelent-az-erdeszeti-genetikai-eroforrasok-megorzese-palyazati-felhivas","status":"publish","type":"post","link":"https:\/\/bukkleader.hu\/old\/megjelent-az-erdeszeti-genetikai-eroforrasok-megorzese-palyazati-felhivas\/","title":{"rendered":"Megjelent az &#8220;Erd\u00e9szeti genetikai er\u0151forr\u00e1sok meg\u0151rz\u00e9se&#8221; p\u00e1ly\u00e1zati felh\u00edv\u00e1s"},"content":{"rendered":"<p>Megjelent az &#8220;Erd\u00e9szeti genetikai er\u0151forr\u00e1sok meg\u0151rz\u00e9se&#8221; p\u00e1ly\u00e1zati felh\u00edv\u00e1s !<\/p>\n<p><a href=\"https:\/\/bukkleader.hu\/old\/wp-content\/uploads\/2016\/08\/Erd\u00e9szeti-genetikai-er\u0151forr\u00e1sok-meg\u0151rz\u00e9se-Kiv\u00e1laszt\u00e1si-krit\u00e9riumok.pdf\">https:\/\/bukkleader.hu\/old\/wp-content\/uploads\/2016\/08\/Erd\u00e9szeti-genetikai-er\u0151forr\u00e1sok-meg\u0151rz\u00e9se-Kiv\u00e1laszt\u00e1si-krit\u00e9riumok.pdf<\/a><\/p>\n<div class=\"sharedaddy sd-sharing-enabled\"><div class=\"robots-nocontent sd-block sd-social sd-social-icon sd-sharing\"><h3 class=\"sd-title\">Share this:<\/h3><div class=\"sd-content\"><ul><li class=\"share-facebook\"><a rel=\"nofollow noopener noreferrer\" data-shared=\"sharing-facebook-1088\" class=\"share-facebook sd-button share-icon no-text\" href=\"https:\/\/bukkleader.hu\/old\/megjelent-az-erdeszeti-genetikai-eroforrasok-megorzese-palyazati-felhivas\/?share=facebook\" target=\"_blank\" title=\"Click to share on Facebook\"><span><\/span><span class=\"sharing-screen-reader-text\">Click to share on Facebook (Opens in new window)<\/span><\/a><\/li><li class=\"share-twitter\"><a rel=\"nofollow noopener noreferrer\" data-shared=\"sharing-twitter-1088\" class=\"share-twitter sd-button share-icon no-text\" href=\"https:\/\/bukkleader.hu\/old\/megjelent-az-erdeszeti-genetikai-eroforrasok-megorzese-palyazati-felhivas\/?share=twitter\" target=\"_blank\" title=\"Click to share on Twitter\"><span><\/span><span class=\"sharing-screen-reader-text\">Click to share on Twitter (Opens in new window)<\/span><\/a><\/li><li class=\"share-print\"><a rel=\"nofollow noopener noreferrer\" data-shared=\"\" class=\"share-print sd-button share-icon no-text\" href=\"https:\/\/bukkleader.hu\/old\/megjelent-az-erdeszeti-genetikai-eroforrasok-megorzese-palyazati-felhivas\/\" target=\"_blank\" title=\"Click to print\"><span><\/span><span class=\"sharing-screen-reader-text\">Click to print (Opens in new window)<\/span><\/a><\/li><li class=\"share-email\"><a rel=\"nofollow noopener noreferrer\" data-shared=\"\" class=\"share-email sd-button share-icon no-text\" href=\"https:\/\/bukkleader.hu\/old\/megjelent-az-erdeszeti-genetikai-eroforrasok-megorzese-palyazati-felhivas\/?share=email\" target=\"_blank\" title=\"Click to email this to a friend\"><span><\/span><span class=\"sharing-screen-reader-text\">Click to email this to a friend (Opens in new window)<\/span><\/a><\/li><li class=\"share-end\"><\/li><\/ul><\/div><\/div><\/div>","protected":false},"excerpt":{"rendered":"<p>Megjelent az &#8220;Erd\u00e9szeti genetikai er\u0151forr\u00e1sok meg\u0151rz\u00e9se&#8221; p\u00e1ly\u00e1zati felh\u00edv\u00e1s ! https:\/\/bukkleader.hu\/old\/wp-content\/uploads\/2016\/08\/Erd\u00e9szeti-genetikai-er\u0151forr\u00e1sok-meg\u0151rz\u00e9se-Kiv\u00e1laszt\u00e1si-krit\u00e9riumok.pdf<\/p>\n<div class=\"sharedaddy sd-sharing-enabled\"><div class=\"robots-nocontent sd-block sd-social sd-social-icon sd-sharing\"><h3 class=\"sd-title\">Share this:<\/h3><div class=\"sd-content\"><ul><li class=\"share-facebook\"><a rel=\"nofollow noopener noreferrer\" data-shared=\"sharing-facebook-1088\" class=\"share-facebook sd-button share-icon no-text\" href=\"https:\/\/bukkleader.hu\/old\/megjelent-az-erdeszeti-genetikai-eroforrasok-megorzese-palyazati-felhivas\/?share=facebook\" target=\"_blank\" title=\"Click to share on Facebook\"><span><\/span><span class=\"sharing-screen-reader-text\">Click to share on Facebook (Opens in new window)<\/span><\/a><\/li><li class=\"share-twitter\"><a rel=\"nofollow noopener noreferrer\" data-shared=\"sharing-twitter-1088\" class=\"share-twitter sd-button share-icon no-text\" href=\"https:\/\/bukkleader.hu\/old\/megjelent-az-erdeszeti-genetikai-eroforrasok-megorzese-palyazati-felhivas\/?share=twitter\" target=\"_blank\" title=\"Click to share on Twitter\"><span><\/span><span class=\"sharing-screen-reader-text\">Click to share on Twitter (Opens in new window)<\/span><\/a><\/li><li class=\"share-print\"><a rel=\"nofollow noopener noreferrer\" data-shared=\"\" class=\"share-print sd-button share-icon no-text\" href=\"https:\/\/bukkleader.hu\/old\/megjelent-az-erdeszeti-genetikai-eroforrasok-megorzese-palyazati-felhivas\/\" target=\"_blank\" title=\"Click to print\"><span><\/span><span class=\"sharing-screen-reader-text\">Click to print (Opens in new window)<\/span><\/a><\/li><li class=\"share-email\"><a rel=\"nofollow noopener noreferrer\" data-shared=\"\" class=\"share-email sd-button share-icon no-text\" href=\"https:\/\/bukkleader.hu\/old\/megjelent-az-erdeszeti-genetikai-eroforrasok-megorzese-palyazati-felhivas\/?share=email\" target=\"_blank\" title=\"Click to email this to a friend\"><span><\/span><span class=\"sharing-screen-reader-text\">Click to email this to a friend (Opens in new window)<\/span><\/a><\/li><li class=\"share-end\"><\/li><\/ul><\/div><\/div><\/div>","protected":false},"author":4,"featured_media":1091,"comment_status":"open","ping_status":"closed","sticky":false,"template":"","format":"standard","meta":{"_bbp_topic_count":0,"_bbp_reply_count":0,"_bbp_total_topic_count":0,"_bbp_total_reply_count":0,"_bbp_voice_count":0,"_bbp_anonymous_reply_count":0,"_bbp_topic_count_hidden":0,"_bbp_reply_count_hidden":0,"_bbp_forum_subforum_count":0,"spay_email":"","jetpack_publicize_message":"","jetpack_is_tweetstorm":false,"jetpack_publicize_feature_enabled":true},"categories":[1],"tags":[],"jetpack_featured_media_url":"https:\/\/bukkleader.hu\/old\/wp-content\/uploads\/2016\/08\/Erd\u00e9szeti-genetikai-er\u0151forr\u00e1sok-meg\u0151rz\u00e9se.jpg","jetpack_publicize_connections":[],"jetpack_sharing_enabled":true,"jetpack-related-posts":[{"id":5762,"url":"https:\/\/bukkleader.hu\/old\/tajekoztatas-uj-mezogazdasagi-es-videkfejlesztesi-palyazati-lehetosegekrol-nem-leader\/","url_meta":{"origin":1088,"position":0},"title":"T\u00e1j\u00e9koztat\u00e1s \u00faj mez\u0151gazdas\u00e1gi \u00e9s vid\u00e9kfejleszt\u00e9si p\u00e1ly\u00e1zati lehet\u0151s\u00e9gekr\u0151l (nem LEADER)","date":"2021-02-11","format":false,"excerpt":"Tisztelt \u00dcgyfeleink! Engedj\u00e9k meg, hogy tov\u00e1bb\u00edtsuk \u00d6n\u00f6k fel\u00e9 a\u00a0Magyar Nemzeti Vid\u00e9ki H\u00e1l\u00f3zat t\u00e1j\u00e9koztat\u00e1s\u00e1t a k\u00f6zelj\u00f6v\u0151ben megny\u00edl\u00f3 mez\u0151gazdas\u00e1gi \u00e9s vid\u00e9kfejleszt\u00e9si p\u00e1ly\u00e1zati lehet\u0151s\u00e9gekr\u0151l: P\u00e1ly\u00e1zati azonos\u00edt\u00f3 P\u00e1ly\u00e1zat c\u00edme El\u00e9rhet\u0151s\u00e9ge \u00a0 MAHOP-2.2.1-2016 Az akvakult\u00far\u00e1ba t\u00f6rt\u00e9n\u0151 termel\u00e9si c\u00e9l\u00fa beruh\u00e1z\u00e1sok t\u00e1mogat\u00e1sa https:\/\/www.palyazat.gov.hu\/mahop-22-2016-az-akvakultrba-trtn-termelsi-cl-beruhzsok-tmogatsa-1 VP2-4.1.3.7-20 Csemetekertek g\u00e9pbeszerz\u00e9se https:\/\/www.palyazat.gov.hu\/vp2-4137-20-csemetekertek-gpbeszerzse \u00a0 VP2-6.3.1-20 Mez\u0151gazdas\u00e1gi kis\u00fczemek t\u00e1mogat\u00e1sa https:\/\/www.palyazat.gov.hu\/vp2-631-20-mezgazdasgi-kiszemek-tmogatsa-1 \u00a0 VP3-17.1.1-16 Mez\u0151gazdas\u00e1gi biztos\u00edt\u00e1s\u2026","rel":"","context":"In &quot;H\u00edreink, k\u00f6zlem\u00e9nyeink&quot;","img":{"alt_text":"384-5-mnvh_logo","src":"https:\/\/i2.wp.com\/bukkleader.hu\/old\/wp-content\/uploads\/2015\/09\/384-5-mnvh_logo.jpg?resize=350%2C200&ssl=1","width":350,"height":200},"classes":[]},{"id":766,"url":"https:\/\/bukkleader.hu\/old\/videkfejlesztesi-program-eddig-megjelent-palyazati-felhivasai\/","url_meta":{"origin":1088,"position":1},"title":"Vid\u00e9kfejleszt\u00e9si Program eddig megjelent p\u00e1ly\u00e1zati felh\u00edv\u00e1sai","date":"2015-12-30","format":false,"excerpt":"Vid\u00e9kfejleszt\u00e9si Program eddig megjelent p\u00e1ly\u00e1zati felh\u00edv\u00e1saiEl\u00e9rhet\u0151ek itt >>www.palyazat.gov.hu\/doc\/4523","rel":"","context":"In &quot;H\u00edreink, k\u00f6zlem\u00e9nyeink&quot;","img":{"alt_text":"","src":"https:\/\/i1.wp.com\/bukkleader.hu\/old\/wp-content\/uploads\/2015\/12\/vp_kezikonyv_nagy.jpg?resize=350%2C200&ssl=1","width":350,"height":200},"classes":[]},{"id":584,"url":"https:\/\/bukkleader.hu\/old\/leader-orszagos-levelezo-megjelent-a-palyazati-felhivas\/","url_meta":{"origin":1088,"position":2},"title":"Megjelent a p\u00e1ly\u00e1zati felh\u00edv\u00e1s","date":"2015-11-11","format":false,"excerpt":"\u00a0HFS elk\u00e9sz\u00edt\u00e9s\u00e9nek t\u00e1mogat\u00e1sa. Megjelent: Link megnyit\u00e1sa itt\u203a\u203a\u00a0http:\/\/www.palyazat.gov.hu\/node\/56681\u00a0\u00a0\u00a0","rel":"","context":"In &quot;H\u00edreink, k\u00f6zlem\u00e9nyeink&quot;","img":{"alt_text":"","src":"https:\/\/i2.wp.com\/bukkleader.hu\/old\/wp-content\/uploads\/2015\/11\/8414_small.jpg?resize=350%2C200&ssl=1","width":350,"height":200},"classes":[]},{"id":415,"url":"https:\/\/bukkleader.hu\/old\/palyazat-helyi-ertektarakra\/","url_meta":{"origin":1088,"position":3},"title":"P\u00e1ly\u00e1zat helyi \u00e9rt\u00e9kt\u00e1rakra","date":"2014-12-17","format":false,"excerpt":"Az agr\u00e1rt\u00e1rca \u00e9s a Hungarikum Bizotts\u00e1g a nemzeti \u00e9rt\u00e9kek \u00e9s hungarikumok gy\u0171jt\u00e9s\u00e9nek, n\u00e9pszer\u0171s\u00edt\u00e9s\u00e9nek, megismertet\u00e9s\u00e9nek, meg\u0151rz\u00e9s\u00e9nek \u00e9s gondoz\u00e1s\u00e1nak t\u00e1mogat\u00e1s\u00e1ra ny\u00edlt p\u00e1ly\u00e1zatot hirdet.Tov\u00e1bbi inform\u00e1ci\u00f3k a www.umvp.eu weboldalon >>","rel":"","context":"In &quot;H\u00edreink, k\u00f6zlem\u00e9nyeink&quot;","img":{"alt_text":"hungarikum-logo-w","src":"https:\/\/i0.wp.com\/bukkleader.hu\/old\/wp-content\/uploads\/2015\/09\/hungarikum-logo-w.jpg?resize=350%2C200&ssl=1","width":350,"height":200},"classes":[]},{"id":2232,"url":"https:\/\/bukkleader.hu\/old\/megjelent-a-falu-es-tanyagondnoki-szolgalat-tamogatasa-palyazat\/","url_meta":{"origin":1088,"position":4},"title":"Megjelent a \u201eFalu \u00e9s tanyagondnoki szolg\u00e1lat t\u00e1mogat\u00e1sa\u201d p\u00e1ly\u00e1zat!","date":"2019-09-09","format":false,"excerpt":"Megjelent a \u201eFalu \u00e9s tanyagondnoki szolg\u00e1lat t\u00e1mogat\u00e1sa\u201d c\u00edm\u0171 p\u00e1ly\u00e1zati felh\u00edv\u00e1s, melynek keret\u00e9ben\u00a0\u00faj g\u00e9pj\u00e1rm\u0171vek beszerz\u00e9se \u00e9s \u00fczembe helyez\u00e9se, valamint r\u00e9gi g\u00e9pj\u00e1rm\u0171vek cser\u00e9j\u00e9re\u00a0lesz lehet\u0151s\u00e9g. A projektre maxim\u00e1lisan ig\u00e9nyelhet\u0151 t\u00e1mogat\u00e1si \u00f6sszeg\u00a015 milli\u00f3 forint.\u00a0A p\u00e1ly\u00e1zatok beny\u00fajt\u00e1s\u00e1ra\u00a02019. szeptember 9. \u00e9s 2019. szeptember 30.\u00a0k\u00f6z\u00f6tt van lehet\u0151s\u00e9g. A p\u00e1ly\u00e1zati felh\u00edv\u00e1s az al\u00e1bbi helyr\u0151l let\u00f6lthet\u0151: https:\/\/e-kerelem.mvh.allamkincstar.gov.hu\/enter\/mfpbongeszo\/mfpBongeszoLite.xhtml;jsessionid=vbwDRT7pD22Lr-qRBmDfd84EdQq2LDwlERb7rvVO.mvhntr07:mvhntr07_enter05","rel":"","context":"In &quot;H\u00edreink, k\u00f6zlem\u00e9nyeink&quot;","img":{"alt_text":"","src":"https:\/\/i0.wp.com\/bukkleader.hu\/old\/wp-content\/uploads\/2018\/08\/p\u00e1ly\u00e1zati-felh\u00edv\u00e1s.jpg?resize=350%2C200&ssl=1","width":350,"height":200},"classes":[]},{"id":322,"url":"https:\/\/bukkleader.hu\/old\/negymilliard-forint-tobbletforras-falumegujitasra-es-videki-orokseg-megorzesere\/","url_meta":{"origin":1088,"position":5},"title":"N\u00e9gymilli\u00e1rd forint t\u00f6bbletforr\u00e1s falumeg\u00faj\u00edt\u00e1sra \u00e9s vid\u00e9ki \u00f6r\u00f6ks\u00e9g meg\u0151rz\u00e9s\u00e9re","date":"2013-05-28","format":false,"excerpt":"\u201eN\u00e9gymilli\u00e1rd forint t\u00f6bbletforr\u00e1st biztos\u00edt a vid\u00e9kfejleszt\u00e9si t\u00e1rca a Leader helyi vid\u00e9kfejleszt\u00e9si akci\u00f3csoportoknak a falumeg\u00faj\u00edt\u00e1si, -fejleszt\u00e9si, valamint a vid\u00e9ki \u00f6r\u00f6ks\u00e9g meg\u0151rz\u00e9s\u00e9t szolg\u00e1l\u00f3 p\u00e1ly\u00e1zatok finansz\u00edroz\u00e1sra - k\u00f6z\u00f6lte a szakt\u00e1rca vid\u00e9kfejleszt\u00e9s\u00e9rt felel\u0151s \u00e1llamtitk\u00e1ra h\u00e9tf\u0151n Budapesten, sajt\u00f3t\u00e1j\u00e9koztat\u00f3n. V. N\u00e9meth Zsolt elmondta: a falumeg\u00faj\u00edt\u00e1sra \u00e9s a vid\u00e9ki \u00f6r\u00f6ks\u00e9g meg\u0151rz\u00e9s\u00e9re ford\u00edthat\u00f3 \u00f6sszegre 88 vid\u00e9kfejleszt\u00e9si akci\u00f3csoport ter\u00fclet\u00e9r\u0151l\u2026","rel":"","context":"In &quot;H\u00edreink, k\u00f6zlem\u00e9nyeink&quot;","img":{"alt_text":"magyar-cimer","src":"https:\/\/i0.wp.com\/bukkleader.hu\/old\/wp-content\/uploads\/2015\/09\/magyar-cimer1.jpg?resize=350%2C200&ssl=1","width":350,"height":200},"classes":[]}],"_links":{"self":[{"href":"https:\/\/bukkleader.hu\/old\/wp-json\/wp\/v2\/posts\/1088"}],"collection":[{"href":"https:\/\/bukkleader.hu\/old\/wp-json\/wp\/v2\/posts"}],"about":[{"href":"https:\/\/bukkleader.hu\/old\/wp-json\/wp\/v2\/types\/post"}],"author":[{"embeddable":true,"href":"https:\/\/bukkleader.hu\/old\/wp-json\/wp\/v2\/users\/4"}],"replies":[{"embeddable":true,"href":"https:\/\/bukkleader.hu\/old\/wp-json\/wp\/v2\/comments?post=1088"}],"version-history":[{"count":4,"href":"https:\/\/bukkleader.hu\/old\/wp-json\/wp\/v2\/posts\/1088\/revisions"}],"predecessor-version":[{"id":1092,"href":"https:\/\/bukkleader.hu\/old\/wp-json\/wp\/v2\/posts\/1088\/revisions\/1092"}],"wp:featuredmedia":[{"embeddable":true,"href":"https:\/\/bukkleader.hu\/old\/wp-json\/wp\/v2\/media\/1091"}],"wp:attachment":[{"href":"https:\/\/bukkleader.hu\/old\/wp-json\/wp\/v2\/media?parent=1088"}],"wp:term":[{"taxonomy":"category","embeddable":true,"href":"https:\/\/bukkleader.hu\/old\/wp-json\/wp\/v2\/categories?post=1088"},{"taxonomy":"post_tag","embeddable":true,"href":"https:\/\/bukkleader.hu\/old\/wp-json\/wp\/v2\/tags?post=1088"}],"curies":[{"name":"wp","href":"https:\/\/api.w.org\/{rel}","templated":true}]}}