{"id":106,"date":"2013-04-01T12:26:51","date_gmt":"2013-04-01T10:26:51","guid":{"rendered":"https:\/\/bukkleader.hu\/old\/new\/?p=106"},"modified":"2015-09-09T13:45:03","modified_gmt":"2015-09-09T11:45:03","slug":"2013-januar-01-2013-marcius-31-idoszak","status":"publish","type":"post","link":"https:\/\/bukkleader.hu\/old\/2013-januar-01-2013-marcius-31-idoszak\/","title":{"rendered":"2013. janu\u00e1r 01. &#8211; 2013. m\u00e1rcius 31. id\u0151szak"},"content":{"rendered":"<p style=\"text-align: justify;\">A B\u00fckk-T\u00e9rs\u00e9gi LEADER Egyes\u00fclet munkaszervezet\u00e9nek legfontosabb feladatai a 2013.01.01. \u2013 03.31. id\u0151szakban a HACS-hoz be\u00e9rkezett EMVA III. falumeg\u00faj\u00edt\u00e1s \u00e9s \u2013fejleszt\u00e9s p\u00e1ly\u00e1zatok \u00fcgyint\u00e9z\u00e9se, a szakmai kapcsolat\u00e9p\u00edt\u00e9s \u00e9s az 2014-2020 id\u0151szak EU-s tervez\u00e9s\u00e9vel kapcsolatos egyeztet\u00e9seken val\u00f3 r\u00e9szv\u00e9tel voltak.<!--more--><br \/>A vid\u00e9kfejleszt\u00e9si k\u00f6z\u00f6ss\u00e9g min\u00e9l sz\u00e9lesebb k\u00f6r\u0171 t\u00e1j\u00e9koztat\u00e1sa \u00e9rdek\u00e9ben a t\u00e1mogat\u00e1si id\u0151szakban t\u00f6bb szakmai f\u00f3rumot tartottunk, melyeken az EMVA III-IV. projektek elsz\u00e1mol\u00e1s\u00e1ra vonatkoz\u00f3 el\u0151\u00edr\u00e1sok mellett bemutattuk a 2014-2020 id\u0151szak EU-s programoz\u00e1s\u00e1nak ir\u00e1nyelveit. Munk\u00e1nkr\u00f3l 7 weboldalon jelent meg cikk.<br \/>Az eddigi t\u00f6bb \u00e9ves szakmai egy\u00fcttm\u0171k\u00f6d\u00e9s kisz\u00e9les\u00edt\u00e9sek\u00e9nt a Debreceni Egyetem Agr\u00e1r- \u00e9s Gazd\u00e1lkod\u00e1studom\u00e1nyok Centruma, Mez\u0151gazdas\u00e1gi-, \u00c9lelmiszertudom\u00e1nyi \u00e9s K\u00f6rnyezetgazd\u00e1lkod\u00e1si Kar \u00e9s B\u00fckk-T\u00e9rs\u00e9gi LEADER Egyes\u00fclet meg\u00e1llapod\u00e1st k\u00f6t\u00f6ttek \u201eMeg\u00fajul\u00f3 Energiaforr\u00e1s Kihelyezett Tansz\u00e9k\u201d l\u00e9trehoz\u00e1s\u00e1ra. A B\u00fckkaranyosra kihelyezett tansz\u00e9k r\u00e9szt vesz a Debreceni Egyetem MSc szakos hallgat\u00f3inak gradu\u00e1lis k\u00e9pz\u00e9s\u00e9ben. A HACS v\u00e1llalta, hogy a hallgat\u00f3k r\u00e9sz\u00e9re betekint\u00e9st enged a munkaszervezet munk\u00e1j\u00e1ba, a tanulm\u00e1nyutakon szakmai vezet\u00e9st ad, fogadja az Egyetem gyakornokait \u00e9s diplomadolgozatukhoz seg\u00edts\u00e9get ny\u00fajt. Ezen t\u00fal a felek g\u00e9p\u00e9szeti- \u00e9s a meg\u00fajul\u00f3 energiaforr\u00e1sok hasznos\u00edt\u00e1s\u00e1t \u00e9rint\u0151 kutat\u00e1s \u2013 fejleszt\u00e9s ter\u00e9n is er\u0151s\u00edteni k\u00edv\u00e1nj\u00e1k egy\u00fcttm\u0171k\u00f6d\u00e9s\u00fcket, a vid\u00e9kfejleszt\u00e9si k\u00f6z\u00f6ss\u00e9g \u00e9s az Egyetem sz\u00e1m\u00e1ra is hasznos k\u00f6z\u00f6s projektekkel, p\u00e1ly\u00e1zatokon val\u00f3 k\u00f6z\u00f6s r\u00e9szv\u00e9tellel. A tansz\u00e9k l\u00e9trehoz\u00e1s\u00e1r\u00f3l az Ir\u00e1ny\u00edt\u00f3 Hat\u00f3s\u00e1g (IH) vezet\u0151it t\u00e1j\u00e9koztattuk.<br \/>2013.03.20-\u00e1n r\u00e9szt vett\u00fcnk az IH \u00e1ltal, a Helyi Vid\u00e9kfejleszt\u00e9si Strat\u00e9gi\u00e1k (HVS) fel\u00fclvizsg\u00e1lat\u00e1val kapcsolatban szervezett k\u00e9pz\u00e9sen. A HVS fel\u00fclvizsg\u00e1lat\u00e1t a HACS megkezdte, LEADER Int\u00e9zked\u00e9si Terv\u00e9t a 2013.04.09-re \u00f6sszeh\u00edvott k\u00f6zgy\u0171l\u00e9sen v\u00e9gleges\u00edti. A k\u00f6z\u00f6ss\u00e9g k\u00e9sz\u00fcl a LEADER III. t\u00e1mogat\u00e1si id\u0151szak\u00e1ra, mely sor\u00e1n a HACS ter\u00fclet\u00e9n mintegy 225 milli\u00f3 Ft fejleszt\u00e9si forr\u00e1s ker\u00fcl kip\u00e1ly\u00e1ztat\u00e1sra.<\/p>\n<div class=\"sharedaddy sd-sharing-enabled\"><div class=\"robots-nocontent sd-block sd-social sd-social-icon sd-sharing\"><h3 class=\"sd-title\">Share this:<\/h3><div class=\"sd-content\"><ul><li class=\"share-facebook\"><a rel=\"nofollow noopener noreferrer\" data-shared=\"sharing-facebook-106\" class=\"share-facebook sd-button share-icon no-text\" href=\"https:\/\/bukkleader.hu\/old\/2013-januar-01-2013-marcius-31-idoszak\/?share=facebook\" target=\"_blank\" title=\"Click to share on Facebook\"><span><\/span><span class=\"sharing-screen-reader-text\">Click to share on Facebook (Opens in new window)<\/span><\/a><\/li><li class=\"share-twitter\"><a rel=\"nofollow noopener noreferrer\" data-shared=\"sharing-twitter-106\" class=\"share-twitter sd-button share-icon no-text\" href=\"https:\/\/bukkleader.hu\/old\/2013-januar-01-2013-marcius-31-idoszak\/?share=twitter\" target=\"_blank\" title=\"Click to share on Twitter\"><span><\/span><span class=\"sharing-screen-reader-text\">Click to share on Twitter (Opens in new window)<\/span><\/a><\/li><li class=\"share-print\"><a rel=\"nofollow noopener noreferrer\" data-shared=\"\" class=\"share-print sd-button share-icon no-text\" href=\"https:\/\/bukkleader.hu\/old\/2013-januar-01-2013-marcius-31-idoszak\/\" target=\"_blank\" title=\"Click to print\"><span><\/span><span class=\"sharing-screen-reader-text\">Click to print (Opens in new window)<\/span><\/a><\/li><li class=\"share-email\"><a rel=\"nofollow noopener noreferrer\" data-shared=\"\" class=\"share-email sd-button share-icon no-text\" href=\"https:\/\/bukkleader.hu\/old\/2013-januar-01-2013-marcius-31-idoszak\/?share=email\" target=\"_blank\" title=\"Click to email this to a friend\"><span><\/span><span class=\"sharing-screen-reader-text\">Click to email this to a friend (Opens in new window)<\/span><\/a><\/li><li class=\"share-end\"><\/li><\/ul><\/div><\/div><\/div>","protected":false},"excerpt":{"rendered":"<p>A B\u00fckk-T\u00e9rs\u00e9gi LEADER Egyes\u00fclet munkaszervezet\u00e9nek legfontosabb feladatai a 2013.01.01. \u2013 03.31. id\u0151szakban a HACS-hoz be\u00e9rkezett EMVA III. falumeg\u00faj\u00edt\u00e1s \u00e9s \u2013fejleszt\u00e9s p\u00e1ly\u00e1zatok \u00fcgyint\u00e9z\u00e9se, a szakmai kapcsolat\u00e9p\u00edt\u00e9s \u00e9s az 2014-2020 id\u0151szak EU-s tervez\u00e9s\u00e9vel kapcsolatos egyeztet\u00e9seken val\u00f3 r\u00e9szv\u00e9tel voltak.<\/p>\n<div class=\"sharedaddy sd-sharing-enabled\"><div class=\"robots-nocontent sd-block sd-social sd-social-icon sd-sharing\"><h3 class=\"sd-title\">Share this:<\/h3><div class=\"sd-content\"><ul><li class=\"share-facebook\"><a rel=\"nofollow noopener noreferrer\" data-shared=\"sharing-facebook-106\" class=\"share-facebook sd-button share-icon no-text\" href=\"https:\/\/bukkleader.hu\/old\/2013-januar-01-2013-marcius-31-idoszak\/?share=facebook\" target=\"_blank\" title=\"Click to share on Facebook\"><span><\/span><span class=\"sharing-screen-reader-text\">Click to share on Facebook (Opens in new window)<\/span><\/a><\/li><li class=\"share-twitter\"><a rel=\"nofollow noopener noreferrer\" data-shared=\"sharing-twitter-106\" class=\"share-twitter sd-button share-icon no-text\" href=\"https:\/\/bukkleader.hu\/old\/2013-januar-01-2013-marcius-31-idoszak\/?share=twitter\" target=\"_blank\" title=\"Click to share on Twitter\"><span><\/span><span class=\"sharing-screen-reader-text\">Click to share on Twitter (Opens in new window)<\/span><\/a><\/li><li class=\"share-print\"><a rel=\"nofollow noopener noreferrer\" data-shared=\"\" class=\"share-print sd-button share-icon no-text\" href=\"https:\/\/bukkleader.hu\/old\/2013-januar-01-2013-marcius-31-idoszak\/\" target=\"_blank\" title=\"Click to print\"><span><\/span><span class=\"sharing-screen-reader-text\">Click to print (Opens in new window)<\/span><\/a><\/li><li class=\"share-email\"><a rel=\"nofollow noopener noreferrer\" data-shared=\"\" class=\"share-email sd-button share-icon no-text\" href=\"https:\/\/bukkleader.hu\/old\/2013-januar-01-2013-marcius-31-idoszak\/?share=email\" target=\"_blank\" title=\"Click to email this to a friend\"><span><\/span><span class=\"sharing-screen-reader-text\">Click to email this to a friend (Opens in new window)<\/span><\/a><\/li><li class=\"share-end\"><\/li><\/ul><\/div><\/div><\/div>","protected":false},"author":1,"featured_media":0,"comment_status":"open","ping_status":"closed","sticky":false,"template":"","format":"standard","meta":{"_bbp_topic_count":0,"_bbp_reply_count":0,"_bbp_total_topic_count":0,"_bbp_total_reply_count":0,"_bbp_voice_count":0,"_bbp_anonymous_reply_count":0,"_bbp_topic_count_hidden":0,"_bbp_reply_count_hidden":0,"_bbp_forum_subforum_count":0,"spay_email":"","jetpack_publicize_message":"","jetpack_is_tweetstorm":false,"jetpack_publicize_feature_enabled":true},"categories":[5],"tags":[],"jetpack_featured_media_url":"","jetpack_publicize_connections":[],"jetpack_sharing_enabled":true,"jetpack-related-posts":[{"id":104,"url":"https:\/\/bukkleader.hu\/old\/2012-oktober-01-2012-december-31-idoszak\/","url_meta":{"origin":106,"position":0},"title":"2012. okt\u00f3ber 01. \u2013 2012. december 31. id\u0151szak","date":"2013-01-02","format":false,"excerpt":"A B\u00fckk-T\u00e9rs\u00e9gi LEADER Egyes\u00fclet munkaszervezet\u00e9nek legfontosabb feladatai a 2012.10.01. \u2013 12.31. id\u0151szakban az EMVA III. falumeg\u00faj\u00edt\u00e1s \u00e9s \u2013fejleszt\u00e9s p\u00e1ly\u00e1zati id\u0151szak el\u0151k\u00e9sz\u00edt\u00e9se, a szakmai kapcsolat\u00e9p\u00edt\u00e9s \u00e9s az 2014-2020 id\u0151szak EU-s tervez\u00e9s\u00e9vel kapcsolatos egyeztet\u00e9seken val\u00f3 r\u00e9szv\u00e9tel voltak.A vid\u00e9kfejleszt\u00e9si k\u00f6z\u00f6ss\u00e9g min\u00e9l sz\u00e9lesebb k\u00f6r\u0171 t\u00e1j\u00e9koztat\u00e1sa \u00e9rdek\u00e9ben a t\u00e1mogat\u00e1si id\u0151szakban \u00f6sszesen 9 szakmai f\u00f3rumot tartottunk,\u2026","rel":"","context":"In &quot;Munkabesz\u00e1mol\u00f3k&quot;","img":{"alt_text":"","src":"","width":0,"height":0},"classes":[]},{"id":299,"url":"https:\/\/bukkleader.hu\/old\/letolthetok-a-hacs-2013-januar-24-i-kozgyulesen-elhangzott-eloadasok-bemutatoi\/","url_meta":{"origin":106,"position":1},"title":"Let\u00f6lthet\u0151k a HACS 2013. janu\u00e1r 24-i k\u00f6zgy\u0171l\u00e9s\u00e9n elhangzott el\u0151ad\u00e1sok bemutat\u00f3i","date":"2013-01-30","format":false,"excerpt":"Az al\u00e1bbiakban linkeken let\u00f6lthet\u0151k a B\u00fckk-T\u00e9rs\u00e9gi LEADER Egyes\u00fclet 2013. janu\u00e1r 24-i k\u00f6zgy\u0171l\u00e9s\u00e9n\u00a0(megh\u00edv\u00f3, napirendi pontok >>) elhangzott el\u0151ad\u00e1sok bemutat\u00f3i:A B\u00fckk-T\u00e9rs\u00e9gi LEADER Egyes\u00fclet 2012. \u00e1prilis 26. \u2013 2012. december 31. k\u00f6z\u00f6tt el\u00e9rt eredm\u00e9nyei (T\u00f3th J. S\u00e1ndor szakmai aleln\u00f6k) -Let\u00f6lt\u00e9s >>T\u00e1j\u00e9koztat\u00f3 az EMVA III-IV. p\u00e1ly\u00e1zatok megval\u00f3s\u00edt\u00e1s\u00e1ra vonatkoz\u00f3 el\u0151\u00edr\u00e1sokr\u00f3l (Hajdu Istv\u00e1n munkaszervezet vezet\u0151) -\u2026","rel":"","context":"In &quot;H\u00edreink, k\u00f6zlem\u00e9nyeink&quot;","img":{"alt_text":"bukk-leader-logo-w","src":"https:\/\/i2.wp.com\/bukkleader.hu\/old\/wp-content\/uploads\/2015\/09\/bukk-leader-logo-w.jpg?resize=350%2C200&ssl=1","width":350,"height":200},"classes":[]},{"id":102,"url":"https:\/\/bukkleader.hu\/old\/2012-julius-01-2012-szeptember-30-idoszak\/","url_meta":{"origin":106,"position":2},"title":"2012. j\u00falius 01. \u2013 2012. szeptember 30. id\u0151szak","date":"2012-10-01","format":false,"excerpt":"A B\u00fckk-T\u00e9rs\u00e9gi LEADER Egyes\u00fclet legfontosabb feladatai a 2012.07.01. \u2013 09.30. id\u0151szakban az EMVA III. falumeg\u00faj\u00edt\u00e1s \u00e9s \u2013fejleszt\u00e9s jogc\u00edm el\u0151k\u00e9sz\u00edt\u00e9se, a szakmai kapcsolat\u00e9p\u00edt\u00e9s \u00e9s az 2014-2020 id\u0151szak EU-s tervez\u00e9s\u00e9be val\u00f3 bekapcsol\u00f3d\u00e1s voltak. Munk\u00e1nkr\u00f3l 1 t\u00e9rs\u00e9gi \u00fajs\u00e1gban, 2 szakmai kiadv\u00e1nyban \u00e9s 3 weboldalon jelent meg tud\u00f3s\u00edt\u00e1s.A t\u00e1mogat\u00e1si id\u0151szakban t\u00e1rgyal\u00e1sokat folytattunk a Nemzeti\u2026","rel":"","context":"In &quot;Munkabesz\u00e1mol\u00f3k&quot;","img":{"alt_text":"","src":"","width":0,"height":0},"classes":[]},{"id":266,"url":"https:\/\/bukkleader.hu\/old\/2012-oktober-25-i-hacs-eloadasok-bemutatoi\/","url_meta":{"origin":106,"position":3},"title":"2012. okt\u00f3ber 25-i HACS el\u0151ad\u00e1sok bemutat\u00f3i","date":"2012-10-30","format":false,"excerpt":"Let\u00f6lthet\u0151k az okt\u00f3ber 25-i HACS szakmai f\u00f3rumon elhangzott el\u0151ad\u00e1sok bemutat\u00f3iA B\u00fckk-T\u00e9rs\u00e9gi LEADER Egyes\u00fclet a 2012. okt\u00f3ber 25-\u00e9n a b\u0151csi Faluh\u00e1zban szakmai f\u00f3rumot tartott a tagjai \u00e9s potenci\u00e1lis p\u00e1ly\u00e1z\u00f3i r\u00e9sz\u00e9re (megh\u00edv\u00f3 let\u00f6lt\u00e9se >>). A f\u00f3rumon a HACS munkat\u00e1rsai bemutatt\u00e1k a 2012. november 15-ig p\u00e1ly\u00e1zhat\u00f3 EMVA III. falumeg\u00faj\u00edt\u00e1s \u00e9s \u2013fejleszt\u00e9s jogc\u00edm t\u00e1mogat\u00e1si\u2026","rel":"","context":"In &quot;H\u00edreink, k\u00f6zlem\u00e9nyeink&quot;","img":{"alt_text":"eu-kohezio-w","src":"https:\/\/i2.wp.com\/bukkleader.hu\/old\/wp-content\/uploads\/2015\/09\/eu-kohezio-w.jpg?resize=350%2C200&ssl=1","width":350,"height":200},"classes":[]},{"id":110,"url":"https:\/\/bukkleader.hu\/old\/2013-julius-01-2013-szeptember-30-idoszak\/","url_meta":{"origin":106,"position":4},"title":"2013. j\u00falius 01. &#8211; 2013. szeptember 30. id\u0151szak","date":"2013-10-01","format":false,"excerpt":"A B\u00fckk-T\u00e9rs\u00e9gi LEADER Egyes\u00fclet munkaszervezet\u00e9nek legfontosabb feladata a 2013.07.01. \u2013 09.30. id\u0151szakban a beny\u00fajtott LEADER p\u00e1ly\u00e1zatok \u00fcgyint\u00e9z\u00e9se volt. A LEADER p\u00e1ly\u00e1zatok a HACS ter\u00fclet\u00e9r\u0151l az Ir\u00e1ny\u00edt\u00f3 Hat\u00f3s\u00e1g d\u00f6nt\u00e9s\u00e9nek megfelel\u0151en 2013.09.24-t\u0151l egy napig \u00fajra beny\u00fajthat\u00f3k voltak, szolg\u00e1ltat\u00e1sfejleszt\u00e9s kateg\u00f3ri\u00e1ban. \u00cdgy a 2013.09. h\u00f3napban rendelkez\u00e9sre \u00e1ll\u00f3 LEADER fejleszt\u00e9si forr\u00e1saink tekintet\u00e9ben \u00f6sszesen mintegy 150\u2026","rel":"","context":"In &quot;Munkabesz\u00e1mol\u00f3k&quot;","img":{"alt_text":"","src":"","width":0,"height":0},"classes":[]},{"id":112,"url":"https:\/\/bukkleader.hu\/old\/2013-oktober-01-2013-december-31-idoszak\/","url_meta":{"origin":106,"position":5},"title":"2013. okt\u00f3ber 01. &#8211; 2013. december 31. id\u0151szak","date":"2014-01-02","format":false,"excerpt":"A B\u00fckk-T\u00e9rs\u00e9gi LEADER Egyes\u00fclet munkaszervezet\u00e9nek legfontosabb feladatai a 2013.10.01. \u2013 12.31. id\u0151szakban a 2013. \u00e9vben beny\u00fajtott LEADER p\u00e1ly\u00e1zatok v\u00e9gs\u0151 t\u00e1mogat\u00e1si rangsorainak \u00f6ssze\u00e1ll\u00edt\u00e1sa, a p\u00e1ly\u00e1z\u00f3k tan\u00e1csol\u00e1sa a turisztikai p\u00e1ly\u00e1zataik el\u0151k\u00e9sz\u00edt\u00e9s\u00e9hez, a LEADER t\u00e9rs\u00e9gek k\u00f6z\u00f6tti egy\u00fcttm\u0171k\u00f6d\u00e9si p\u00e1ly\u00e1zatok beny\u00fajt\u00e1sa \u00e9s a 2014-2020 id\u0151szaki \u00faj Vid\u00e9kfejleszt\u00e9si Program megval\u00f3s\u00edt\u00e1s\u00e1nak el\u0151k\u00e9sz\u00edt\u00e9se voltak. Tov\u00e1bb\u00e1 a HACS a\u2026","rel":"","context":"In &quot;Munkabesz\u00e1mol\u00f3k&quot;","img":{"alt_text":"","src":"","width":0,"height":0},"classes":[]}],"_links":{"self":[{"href":"https:\/\/bukkleader.hu\/old\/wp-json\/wp\/v2\/posts\/106"}],"collection":[{"href":"https:\/\/bukkleader.hu\/old\/wp-json\/wp\/v2\/posts"}],"about":[{"href":"https:\/\/bukkleader.hu\/old\/wp-json\/wp\/v2\/types\/post"}],"author":[{"embeddable":true,"href":"https:\/\/bukkleader.hu\/old\/wp-json\/wp\/v2\/users\/1"}],"replies":[{"embeddable":true,"href":"https:\/\/bukkleader.hu\/old\/wp-json\/wp\/v2\/comments?post=106"}],"version-history":[{"count":1,"href":"https:\/\/bukkleader.hu\/old\/wp-json\/wp\/v2\/posts\/106\/revisions"}],"predecessor-version":[{"id":107,"href":"https:\/\/bukkleader.hu\/old\/wp-json\/wp\/v2\/posts\/106\/revisions\/107"}],"wp:attachment":[{"href":"https:\/\/bukkleader.hu\/old\/wp-json\/wp\/v2\/media?parent=106"}],"wp:term":[{"taxonomy":"category","embeddable":true,"href":"https:\/\/bukkleader.hu\/old\/wp-json\/wp\/v2\/categories?post=106"},{"taxonomy":"post_tag","embeddable":true,"href":"https:\/\/bukkleader.hu\/old\/wp-json\/wp\/v2\/tags?post=106"}],"curies":[{"name":"wp","href":"https:\/\/api.w.org\/{rel}","templated":true}]}}