{"id":1054,"date":"2016-08-22T18:06:10","date_gmt":"2016-08-22T16:06:10","guid":{"rendered":"https:\/\/bukkleader.hu\/old\/?p=1054"},"modified":"2016-11-03T07:17:37","modified_gmt":"2016-11-03T06:17:37","slug":"kulteruleti-helyi-kozutak-fejlesztese-velemenyezesi-lehetoseg","status":"publish","type":"post","link":"https:\/\/bukkleader.hu\/old\/kulteruleti-helyi-kozutak-fejlesztese-velemenyezesi-lehetoseg\/","title":{"rendered":"K\u00fclter\u00fcleti helyi k\u00f6zutak fejleszt\u00e9se &#8211; v\u00e9lem\u00e9nyez\u00e9si lehet\u00f6s\u00e9g"},"content":{"rendered":"<p><b>Akinek v\u00e9lem\u00e9nye vagy javaslata van a dokumentumhoz kapcsol\u00f3d\u00f3an, az ebbe az online dokumentumba \u00edrja be 2016. augusztus 26-ig (p\u00e9ntek) 12 \u00f3r\u00e1ig, vagy k\u00fcldje be munkaszervezet\u00fcnh\u00f6z a hacs@bukkleader.hu email c\u00edmre. <\/b><\/p>\n<p>&nbsp;<\/p>\n<p><b>\u00c9rt\u00e9kel\u00e9si szempontok:<\/b><\/p>\n<p><b>K\u00fclter\u00fcleti helyi k\u00f6zutak fejleszt\u00e9se, \u00f6nkorm\u00e1nyzati utak kezel\u00e9s\u00e9hez, \u00e1llapotjav\u00edt\u00e1s\u00e1hoz, karbantart\u00e1s\u00e1hoz sz\u00fcks\u00e9ges er\u0151- \u00e9s munkag\u00e9pek beszerz\u00e9se<\/b><b><br \/><\/b><b>A felh\u00edv\u00e1s k\u00f3dsz\u00e1ma: VP6-7.2.1-7.4.1.2-16\u00a0<\/b><\/p>\n<p><b>Link:\u00a0<a href=\"https:\/\/docs.google.com\/document\/d\/1x54y0tVGPqEnZwk9anJbqMhqMTe2znHE-xd8ByNHVEw\/edit\">https:\/\/docs.google.com\/document\/d\/1x54y0tVGPqEnZwk9anJbqMhqMTe2znHE-xd8ByNHVEw\/edit<\/a><\/b><\/p>\n<p><b><a href=\"https:\/\/docs.google.com\/document\/d\/1x54y0tVGPqEnZwk9anJbqMhqMTe2znHE-xd8ByNHVEw\/edit\">K\u00fclter\u00fcleti helyi k\u00f6zutak fejleszt\u00e9se, \u00f6nkorm\u00e1nyzati utak kezel\u00e9s\u00e9hez, \u00e1llapotjav\u00edt\u00e1s\u00e1hoz, karbantart\u00e1s\u00e1hoz sz\u00fcks\u00e9ges er\u0151- \u00e9s munkag\u00e9pek beszerz\u00e9se <br \/>A Felh\u00edv\u00e1s k\u00f3dsz\u00e1ma: VP6-7.2.1-7.4.1.2-16\u00a0<\/a><\/b><\/p>\n<p>&nbsp;<\/p>\n<div class=\"sharedaddy sd-sharing-enabled\"><div class=\"robots-nocontent sd-block sd-social sd-social-icon sd-sharing\"><h3 class=\"sd-title\">Share this:<\/h3><div class=\"sd-content\"><ul><li class=\"share-facebook\"><a rel=\"nofollow noopener noreferrer\" data-shared=\"sharing-facebook-1054\" class=\"share-facebook sd-button share-icon no-text\" href=\"https:\/\/bukkleader.hu\/old\/kulteruleti-helyi-kozutak-fejlesztese-velemenyezesi-lehetoseg\/?share=facebook\" target=\"_blank\" title=\"Click to share on Facebook\"><span><\/span><span class=\"sharing-screen-reader-text\">Click to share on Facebook (Opens in new window)<\/span><\/a><\/li><li class=\"share-twitter\"><a rel=\"nofollow noopener noreferrer\" data-shared=\"sharing-twitter-1054\" class=\"share-twitter sd-button share-icon no-text\" href=\"https:\/\/bukkleader.hu\/old\/kulteruleti-helyi-kozutak-fejlesztese-velemenyezesi-lehetoseg\/?share=twitter\" target=\"_blank\" title=\"Click to share on Twitter\"><span><\/span><span class=\"sharing-screen-reader-text\">Click to share on Twitter (Opens in new window)<\/span><\/a><\/li><li class=\"share-print\"><a rel=\"nofollow noopener noreferrer\" data-shared=\"\" class=\"share-print sd-button share-icon no-text\" href=\"https:\/\/bukkleader.hu\/old\/kulteruleti-helyi-kozutak-fejlesztese-velemenyezesi-lehetoseg\/\" target=\"_blank\" title=\"Click to print\"><span><\/span><span class=\"sharing-screen-reader-text\">Click to print (Opens in new window)<\/span><\/a><\/li><li class=\"share-email\"><a rel=\"nofollow noopener noreferrer\" data-shared=\"\" class=\"share-email sd-button share-icon no-text\" href=\"https:\/\/bukkleader.hu\/old\/kulteruleti-helyi-kozutak-fejlesztese-velemenyezesi-lehetoseg\/?share=email\" target=\"_blank\" title=\"Click to email this to a friend\"><span><\/span><span class=\"sharing-screen-reader-text\">Click to email this to a friend (Opens in new window)<\/span><\/a><\/li><li class=\"share-end\"><\/li><\/ul><\/div><\/div><\/div>","protected":false},"excerpt":{"rendered":"<p>Akinek v\u00e9lem\u00e9nye vagy javaslata van a dokumentumhoz kapcsol\u00f3d\u00f3an, az ebbe az online dokumentumba \u00edrja be 2016. augusztus 26-ig (p\u00e9ntek) 12 \u00f3r\u00e1ig, vagy k\u00fcldje be munkaszervezet\u00fcnh\u00f6z a hacs@bukkleader.hu email c\u00edmre. &nbsp; \u00c9rt\u00e9kel\u00e9si szempontok: K\u00fclter\u00fcleti helyi k\u00f6zutak fejleszt\u00e9se, \u00f6nkorm\u00e1nyzati utak kezel\u00e9s\u00e9hez, \u00e1llapotjav\u00edt\u00e1s\u00e1hoz, karbantart\u00e1s\u00e1hoz sz\u00fcks\u00e9ges er\u0151- \u00e9s munkag\u00e9pek beszerz\u00e9seA felh\u00edv\u00e1s k\u00f3dsz\u00e1ma: VP6-7.2.1-7.4.1.2-16\u00a0 Link:\u00a0https:\/\/docs.google.com\/document\/d\/1x54y0tVGPqEnZwk9anJbqMhqMTe2znHE-xd8ByNHVEw\/edit K\u00fclter\u00fcleti helyi k\u00f6zutak fejleszt\u00e9se, \u00f6nkorm\u00e1nyzati [&hellip;]<\/p>\n<div class=\"sharedaddy sd-sharing-enabled\"><div class=\"robots-nocontent sd-block sd-social sd-social-icon sd-sharing\"><h3 class=\"sd-title\">Share this:<\/h3><div class=\"sd-content\"><ul><li class=\"share-facebook\"><a rel=\"nofollow noopener noreferrer\" data-shared=\"sharing-facebook-1054\" class=\"share-facebook sd-button share-icon no-text\" href=\"https:\/\/bukkleader.hu\/old\/kulteruleti-helyi-kozutak-fejlesztese-velemenyezesi-lehetoseg\/?share=facebook\" target=\"_blank\" title=\"Click to share on Facebook\"><span><\/span><span class=\"sharing-screen-reader-text\">Click to share on Facebook (Opens in new window)<\/span><\/a><\/li><li class=\"share-twitter\"><a rel=\"nofollow noopener noreferrer\" data-shared=\"sharing-twitter-1054\" class=\"share-twitter sd-button share-icon no-text\" href=\"https:\/\/bukkleader.hu\/old\/kulteruleti-helyi-kozutak-fejlesztese-velemenyezesi-lehetoseg\/?share=twitter\" target=\"_blank\" title=\"Click to share on Twitter\"><span><\/span><span class=\"sharing-screen-reader-text\">Click to share on Twitter (Opens in new window)<\/span><\/a><\/li><li class=\"share-print\"><a rel=\"nofollow noopener noreferrer\" data-shared=\"\" class=\"share-print sd-button share-icon no-text\" href=\"https:\/\/bukkleader.hu\/old\/kulteruleti-helyi-kozutak-fejlesztese-velemenyezesi-lehetoseg\/\" target=\"_blank\" title=\"Click to print\"><span><\/span><span class=\"sharing-screen-reader-text\">Click to print (Opens in new window)<\/span><\/a><\/li><li class=\"share-email\"><a rel=\"nofollow noopener noreferrer\" data-shared=\"\" class=\"share-email sd-button share-icon no-text\" href=\"https:\/\/bukkleader.hu\/old\/kulteruleti-helyi-kozutak-fejlesztese-velemenyezesi-lehetoseg\/?share=email\" target=\"_blank\" title=\"Click to email this to a friend\"><span><\/span><span class=\"sharing-screen-reader-text\">Click to email this to a friend (Opens in new window)<\/span><\/a><\/li><li class=\"share-end\"><\/li><\/ul><\/div><\/div><\/div>","protected":false},"author":4,"featured_media":1188,"comment_status":"open","ping_status":"closed","sticky":false,"template":"","format":"standard","meta":{"_bbp_topic_count":0,"_bbp_reply_count":0,"_bbp_total_topic_count":0,"_bbp_total_reply_count":0,"_bbp_voice_count":0,"_bbp_anonymous_reply_count":0,"_bbp_topic_count_hidden":0,"_bbp_reply_count_hidden":0,"_bbp_forum_subforum_count":0,"spay_email":"","jetpack_publicize_message":"","jetpack_is_tweetstorm":false,"jetpack_publicize_feature_enabled":true},"categories":[1],"tags":[],"jetpack_featured_media_url":"https:\/\/bukkleader.hu\/old\/wp-content\/uploads\/2016\/08\/k\u00fclter\u00fcleti-\u00fat.jpg","jetpack_publicize_connections":[],"jetpack_sharing_enabled":true,"jetpack-related-posts":[{"id":8337,"url":"https:\/\/bukkleader.hu\/old\/megjelent-a-helyi-fejlesztesek-tamogatasa-vp6-19-2-1-15-10-21-helyi-felhivas\/","url_meta":{"origin":1054,"position":0},"title":"Megjelent a HELYI FEJLESZT\u00c9SEK T\u00c1MOGAT\u00c1SA (VP6-19.2.1.-15-10-21) helyi felh\u00edv\u00e1s!","date":"2021-07-29","format":false,"excerpt":"Megjelent a HELYI FEJLESZT\u00c9SEK T\u00c1MOGAT\u00c1SA (VP6-19.2.1.-15-10-21) helyi felh\u00edv\u00e1s! A felh\u00edv\u00e1s \u00e9s mell\u00e9kletei let\u00f6lthet\u0151k a Magyar \u00c1llamkincst\u00e1r honlapj\u00e1r\u00f3l: https:\/\/e-kerelem.mvh.allamkincstar.gov.hu\/enter\/leaderbongeszo\/leaderBongeszo.xhtml (A linkre l\u00e9pve Helyi Akci\u00f3csoportn\u00e1l v\u00e1lassz\u00e1k ki a leg\u00f6rd\u00fcl\u0151 men\u00fcb\u0151l a B\u00fckk-T\u00e9rs\u00e9gi LEADER Egyes\u00fcletet, vagy a Telep\u00fcl\u00e9sn\u00e9l a megval\u00f3s\u00edt\u00e1s tervezett helysz\u00edn\u00e9t. A megjelen\u0151 list\u00e1b\u00f3l a \"Helyi fejleszt\u00e9sek t\u00e1mogat\u00e1sa\u201d c\u00edm\u0171 felh\u00edv\u00e1s a relev\u00e1ns.\u2026","rel":"","context":"In &quot;H\u00edreink, k\u00f6zlem\u00e9nyeink&quot;","img":{"alt_text":"","src":"https:\/\/i0.wp.com\/bukkleader.hu\/old\/wp-content\/uploads\/2018\/08\/p\u00e1ly\u00e1zati-felh\u00edv\u00e1s.jpg?resize=350%2C200&ssl=1","width":350,"height":200},"classes":[]},{"id":2449,"url":"https:\/\/bukkleader.hu\/old\/megjelent-a-turisztikai-szolgaltatasok-fejlesztese-vp6-19-2-1-15-9-20-helyi-felhivas\/","url_meta":{"origin":1054,"position":1},"title":"Megjelent a TURISZTIKAI SZOLG\u00c1LTAT\u00c1SOK FEJLESZT\u00c9SE (VP6-19.2.1.-15-9-20) helyi felh\u00edv\u00e1s!","date":"2020-02-25","format":false,"excerpt":"Megjelent a TURISZTIKAI SZOLG\u00c1LTAT\u00c1SOK FEJLESZT\u00c9SE (VP6-19.2.1.-15-9-20) helyi felh\u00edv\u00e1s! A felh\u00edv\u00e1s \u00e9s mell\u00e9kletei let\u00f6lthet\u0151k a Magyar \u00c1llamkincst\u00e1r honlapj\u00e1r\u00f3l: https:\/\/e-kerelem.mvh.allamkincstar.gov.hu\/enter\/leaderbongeszo\/leaderBongeszo.xhtml (A linkre l\u00e9pve Helyi Akci\u00f3csoportn\u00e1l v\u00e1lassz\u00e1k ki a leg\u00f6rd\u00fcl\u0151 men\u00fcb\u0151l a B\u00fckk-T\u00e9rs\u00e9gi LEADER Egyes\u00fcletet, vagy a Telep\u00fcl\u00e9sn\u00e9l a megval\u00f3s\u00edt\u00e1s tervezett helysz\u00edn\u00e9t. A megjelen\u0151 list\u00e1b\u00f3l a \"Turisztikai szolg\u00e1ltat\u00e1sok fejleszt\u00e9se c\u00edm\u0171\" felh\u00edv\u00e1s a relev\u00e1ns.\u2026","rel":"","context":"In &quot;Dokumentumok&quot;","img":{"alt_text":"","src":"https:\/\/i0.wp.com\/bukkleader.hu\/old\/wp-content\/uploads\/2018\/08\/p\u00e1ly\u00e1zati-felh\u00edv\u00e1s.jpg?resize=350%2C200&ssl=1","width":350,"height":200},"classes":[]},{"id":1774,"url":"https:\/\/bukkleader.hu\/old\/a-bukk-tersegi-leader-egyesulet-alabbi-helyi-felhivasaira-lehet-meg-palyazatokat-benyujtani\/","url_meta":{"origin":1054,"position":2},"title":"A B\u00fckk-T\u00e9rs\u00e9gi LEADER Egyes\u00fclet al\u00e1bbi helyi felh\u00edv\u00e1saira lehet m\u00e9g p\u00e1ly\u00e1zatokat beny\u00fajtani","date":"2018-08-15","format":false,"excerpt":"Tisztelt P\u00e1ly\u00e1z\u00f3k! A B\u00fckk-T\u00e9rs\u00e9gi LEADER Egyes\u00fclet\u00a0 al\u00e1bbi helyi felh\u00edv\u00e1saira lehet m\u00e9g p\u00e1ly\u00e1zatokat beny\u00fajtani: \u00a0\u00a0\u00a0\u00a0A LEADER TUDOMKA PONTOK KIALAK\u00cdT\u00c1SA\u00a0(VP6-19.2.1.-15-1-17) \u00a0\u00a0\u00a0\u00a0A LEADER TUDOMKA FALVAK FEJLESZT\u00c9SE\u00a0(VP6-19.2.1.-15-2-17) \u00a0\u00a0\u00a0\u00a0A LEADER TUDOMKA TEMATIKUS K\u00d6ZPONTOK L\u00c9TES\u00cdT\u00c9S\u00c9NEK T\u00c1MOGAT\u00c1SA\u00a0(VP6-19.2.1.-15-3-17) \u00a0 \u00a0\u00a0A\u00a0M\u00daLT, JELEN \u00c9S A J\u00d6V\u0150 MESTERS\u00c9GEINEK FEJLESZT\u00c9SE\u00a0(VP6-19.2.1.-15-5-17) \u00a0\u00a0\u00a0\u00a0B\u00dcKKI \u00c9S B\u00dcKKL\u00c1BI R\u00c9TEGVIZEK HASZNOS\u00cdT\u00c1S\u00c1NAK FEJLESZT\u00c9SE\u00a0(VP6-19.2.1.-15-6-17) \u00a0\u00a0\u00a0\u00a0SAJ\u00d3 - HERN\u00c1D V\u00d6LGYI BOLG\u00c1RKERT\u00c9SZETI HAGYOM\u00c1NYOK\u2026","rel":"","context":"In &quot;H\u00edreink, k\u00f6zlem\u00e9nyeink&quot;","img":{"alt_text":"","src":"https:\/\/i2.wp.com\/bukkleader.hu\/old\/wp-content\/uploads\/2018\/08\/p\u00e1ly\u00e1zati-lehet\u0151s\u00e9gek.3.jpg?resize=350%2C200&ssl=1","width":350,"height":200},"classes":[]},{"id":2529,"url":"https:\/\/bukkleader.hu\/old\/figyelem-modosult-a-turisztikai-szolgaltatasok-fejlesztese-vp6-19-2-1-15-9-20-helyi-felhivas\/","url_meta":{"origin":1054,"position":3},"title":"Figyelem! M\u00f3dosult a Turisztikai Szolg\u00e1ltat\u00e1sok Fejleszt\u00e9se (VP6-19.2.1.-15-9-20) helyi felh\u00edv\u00e1s","date":"2020-04-21","format":false,"excerpt":"Tisztelt T\u00e1mogat\u00e1st Ig\u00e9nyl\u0151k! M\u00f3dosult a TURISZTIKAI SZOLG\u00c1LTAT\u00c1SOK FEJLESZT\u00c9SE (VP6-19.2.1.-15-9-20) felh\u00edv\u00e1s\u00a04.3. pontja - \u00e9rt\u00e9kel\u00e9si hat\u00e1rnapok. A m\u00e1sodik szakasz z\u00e1r\u00e1sa\u00a0 2020. 05. 10.-r\u0151l 2020. 04. 30.-ra v\u00e1ltozott.","rel":"","context":"In &quot;H\u00edreink, k\u00f6zlem\u00e9nyeink&quot;","img":{"alt_text":"","src":"https:\/\/i2.wp.com\/bukkleader.hu\/old\/wp-content\/uploads\/2017\/12\/danger.png?resize=350%2C200&ssl=1","width":350,"height":200},"classes":[]},{"id":1794,"url":"https:\/\/bukkleader.hu\/old\/tisztelt-palyazok-a-temetkezesi-hagyomanyok-apolasa-fejlesztese-vp6-19-2-1-15-8-17-helyi-felhivasra-2018-10-01-tol-ujra-lehet-palyazatot-benyujtani\/","url_meta":{"origin":1054,"position":4},"title":"Tisztelt P\u00e1ly\u00e1z\u00f3k!  A TEMETKEZ\u00c9SI HAGYOM\u00c1NYOK \u00c1POL\u00c1SA, FEJLESZT\u00c9SE (VP6-19.2.1.-15-8-17) helyi felh\u00edv\u00e1sra 2018. 10. 01-t\u0151l \u00fajra lehet p\u00e1ly\u00e1zatot beny\u00fajtani!","date":"2018-09-17","format":false,"excerpt":"Tisztelt P\u00e1ly\u00e1z\u00f3k! Felh\u00edvjuk figyelm\u00fcket, hogy \"A TEMETKEZ\u00c9SI HAGYOM\u00c1NYOK \u00c1POL\u00c1SA, FEJLESZT\u00c9SE\" (VP6-19.2.1.-15-8-17) helyi felh\u00edv\u00e1sra 2018. 10. 01-t\u0151l\u00a0\u00fajra lehet p\u00e1ly\u00e1zatot beny\u00fajtani!","rel":"","context":"In &quot;H\u00edreink, k\u00f6zlem\u00e9nyeink&quot;","img":{"alt_text":"","src":"https:\/\/i0.wp.com\/bukkleader.hu\/old\/wp-content\/uploads\/2018\/08\/p\u00e1ly\u00e1zati-felh\u00edv\u00e1s.jpg?resize=350%2C200&ssl=1","width":350,"height":200},"classes":[]},{"id":5996,"url":"https:\/\/bukkleader.hu\/old\/uj-palyazati-lehetoseg\/","url_meta":{"origin":1054,"position":5},"title":"\u00daj p\u00e1ly\u00e1zati lehet\u0151s\u00e9g!","date":"2021-06-25","format":false,"excerpt":"Tisztelt P\u00e1ly\u00e1z\u00f3ink! Hamarosan megjelenik a B\u00fckk-T\u00e9rs\u00e9gi LEADER Egyes\u00fclet \u00e1ltal meghirdetett, a Helyi fejleszt\u00e9sek t\u00e1mogat\u00e1sa c\u00edm\u0171, VP6-19.2.1-15-10-21 k\u00f3dsz\u00e1m\u00fa helyi felh\u00edv\u00e1s, mely keret\u00e9ben a v\u00e1llalkoz\u00f3i-, a civil- \u00e9s az \u00f6nkorm\u00e1nyzati szf\u00e9ra is megval\u00f3s\u00edthatja fejleszt\u00e9si elk\u00e9pzel\u00e9s\u00e9t. Az \u00faj helyi felh\u00edv\u00e1s min\u00e9l sz\u00e9lesebb k\u00f6rben val\u00f3 megismertet\u00e9se \u00e9rdek\u00e9ben t\u00e1j\u00e9koztat\u00f3 f\u00f3rumokat tartunk, melyek helysz\u00ednei \u00e9s id\u0151pontjai\u2026","rel":"","context":"In &quot;H\u00edreink, k\u00f6zlem\u00e9nyeink&quot;","img":{"alt_text":"","src":"https:\/\/i1.wp.com\/bukkleader.hu\/old\/wp-content\/uploads\/2017\/10\/LEADER-logo-Jul09-32.jpg?resize=350%2C200&ssl=1","width":350,"height":200},"classes":[]}],"_links":{"self":[{"href":"https:\/\/bukkleader.hu\/old\/wp-json\/wp\/v2\/posts\/1054"}],"collection":[{"href":"https:\/\/bukkleader.hu\/old\/wp-json\/wp\/v2\/posts"}],"about":[{"href":"https:\/\/bukkleader.hu\/old\/wp-json\/wp\/v2\/types\/post"}],"author":[{"embeddable":true,"href":"https:\/\/bukkleader.hu\/old\/wp-json\/wp\/v2\/users\/4"}],"replies":[{"embeddable":true,"href":"https:\/\/bukkleader.hu\/old\/wp-json\/wp\/v2\/comments?post=1054"}],"version-history":[{"count":5,"href":"https:\/\/bukkleader.hu\/old\/wp-json\/wp\/v2\/posts\/1054\/revisions"}],"predecessor-version":[{"id":1060,"href":"https:\/\/bukkleader.hu\/old\/wp-json\/wp\/v2\/posts\/1054\/revisions\/1060"}],"wp:featuredmedia":[{"embeddable":true,"href":"https:\/\/bukkleader.hu\/old\/wp-json\/wp\/v2\/media\/1188"}],"wp:attachment":[{"href":"https:\/\/bukkleader.hu\/old\/wp-json\/wp\/v2\/media?parent=1054"}],"wp:term":[{"taxonomy":"category","embeddable":true,"href":"https:\/\/bukkleader.hu\/old\/wp-json\/wp\/v2\/categories?post=1054"},{"taxonomy":"post_tag","embeddable":true,"href":"https:\/\/bukkleader.hu\/old\/wp-json\/wp\/v2\/tags?post=1054"}],"curies":[{"name":"wp","href":"https:\/\/api.w.org\/{rel}","templated":true}]}}