{"id":1021,"date":"2016-08-02T10:23:35","date_gmt":"2016-08-02T08:23:35","guid":{"rendered":"https:\/\/bukkleader.hu\/old\/?p=1021"},"modified":"2016-08-10T14:52:25","modified_gmt":"2016-08-10T12:52:25","slug":"tajekoztato-helyi-fejlesztesi-strategia-elkeszitese-vp-19-1-15-cimu-projektrol","status":"publish","type":"post","link":"https:\/\/bukkleader.hu\/old\/tajekoztato-helyi-fejlesztesi-strategia-elkeszitese-vp-19-1-15-cimu-projektrol\/","title":{"rendered":"T\u00e1j\u00e9koztat\u00f3 a Helyi Fejleszt\u00e9si Strat\u00e9gia elk\u00e9sz\u00edt\u00e9se (VP-19.1-15) c\u00edm\u0171 projektr\u0151l"},"content":{"rendered":"<p>T\u00e1j\u00e9koztat\u00f3 a Helyi Fejleszt\u00e9si Strat\u00e9gia elk\u00e9sz\u00edt\u00e9se (VP-19.1-15) c\u00edm\u0171 projektr\u0151l. Megtekinthet\u0151 itt &gt;&gt;\u00a0<a href=\"https:\/\/bukkleader.hu\/old\/wp-content\/uploads\/2016\/08\/T\u00e1j\u00e9koztat\u00f3-a-HFS-elk\u00e9sz\u00edt\u00e9se.pdf\" target=\"_blank\">https:\/\/bukkleader.hu\/old\/wp-content\/uploads\/2016\/08\/T\u00e1j\u00e9koztat\u00f3-a-HFS-elk\u00e9sz\u00edt\u00e9se.pdf<\/a><\/p>\n<div class=\"sharedaddy sd-sharing-enabled\"><div class=\"robots-nocontent sd-block sd-social sd-social-icon sd-sharing\"><h3 class=\"sd-title\">Share this:<\/h3><div class=\"sd-content\"><ul><li class=\"share-facebook\"><a rel=\"nofollow noopener noreferrer\" data-shared=\"sharing-facebook-1021\" class=\"share-facebook sd-button share-icon no-text\" href=\"https:\/\/bukkleader.hu\/old\/tajekoztato-helyi-fejlesztesi-strategia-elkeszitese-vp-19-1-15-cimu-projektrol\/?share=facebook\" target=\"_blank\" title=\"Click to share on Facebook\"><span><\/span><span class=\"sharing-screen-reader-text\">Click to share on Facebook (Opens in new window)<\/span><\/a><\/li><li class=\"share-twitter\"><a rel=\"nofollow noopener noreferrer\" data-shared=\"sharing-twitter-1021\" class=\"share-twitter sd-button share-icon no-text\" href=\"https:\/\/bukkleader.hu\/old\/tajekoztato-helyi-fejlesztesi-strategia-elkeszitese-vp-19-1-15-cimu-projektrol\/?share=twitter\" target=\"_blank\" title=\"Click to share on Twitter\"><span><\/span><span class=\"sharing-screen-reader-text\">Click to share on Twitter (Opens in new window)<\/span><\/a><\/li><li class=\"share-print\"><a rel=\"nofollow noopener noreferrer\" data-shared=\"\" class=\"share-print sd-button share-icon no-text\" href=\"https:\/\/bukkleader.hu\/old\/tajekoztato-helyi-fejlesztesi-strategia-elkeszitese-vp-19-1-15-cimu-projektrol\/\" target=\"_blank\" title=\"Click to print\"><span><\/span><span class=\"sharing-screen-reader-text\">Click to print (Opens in new window)<\/span><\/a><\/li><li class=\"share-email\"><a rel=\"nofollow noopener noreferrer\" data-shared=\"\" class=\"share-email sd-button share-icon no-text\" href=\"https:\/\/bukkleader.hu\/old\/tajekoztato-helyi-fejlesztesi-strategia-elkeszitese-vp-19-1-15-cimu-projektrol\/?share=email\" target=\"_blank\" title=\"Click to email this to a friend\"><span><\/span><span class=\"sharing-screen-reader-text\">Click to email this to a friend (Opens in new window)<\/span><\/a><\/li><li class=\"share-end\"><\/li><\/ul><\/div><\/div><\/div>","protected":false},"excerpt":{"rendered":"<p>T\u00e1j\u00e9koztat\u00f3 a Helyi Fejleszt\u00e9si Strat\u00e9gia elk\u00e9sz\u00edt\u00e9se (VP-19.1-15) c\u00edm\u0171 projektr\u0151l. Megtekinthet\u0151 itt &gt;&gt;\u00a0https:\/\/bukkleader.hu\/old\/wp-content\/uploads\/2016\/08\/T\u00e1j\u00e9koztat\u00f3-a-HFS-elk\u00e9sz\u00edt\u00e9se.pdf<\/p>\n<div class=\"sharedaddy sd-sharing-enabled\"><div class=\"robots-nocontent sd-block sd-social sd-social-icon sd-sharing\"><h3 class=\"sd-title\">Share this:<\/h3><div class=\"sd-content\"><ul><li class=\"share-facebook\"><a rel=\"nofollow noopener noreferrer\" data-shared=\"sharing-facebook-1021\" class=\"share-facebook sd-button share-icon no-text\" href=\"https:\/\/bukkleader.hu\/old\/tajekoztato-helyi-fejlesztesi-strategia-elkeszitese-vp-19-1-15-cimu-projektrol\/?share=facebook\" target=\"_blank\" title=\"Click to share on Facebook\"><span><\/span><span class=\"sharing-screen-reader-text\">Click to share on Facebook (Opens in new window)<\/span><\/a><\/li><li class=\"share-twitter\"><a rel=\"nofollow noopener noreferrer\" data-shared=\"sharing-twitter-1021\" class=\"share-twitter sd-button share-icon no-text\" href=\"https:\/\/bukkleader.hu\/old\/tajekoztato-helyi-fejlesztesi-strategia-elkeszitese-vp-19-1-15-cimu-projektrol\/?share=twitter\" target=\"_blank\" title=\"Click to share on Twitter\"><span><\/span><span class=\"sharing-screen-reader-text\">Click to share on Twitter (Opens in new window)<\/span><\/a><\/li><li class=\"share-print\"><a rel=\"nofollow noopener noreferrer\" data-shared=\"\" class=\"share-print sd-button share-icon no-text\" href=\"https:\/\/bukkleader.hu\/old\/tajekoztato-helyi-fejlesztesi-strategia-elkeszitese-vp-19-1-15-cimu-projektrol\/\" target=\"_blank\" title=\"Click to print\"><span><\/span><span class=\"sharing-screen-reader-text\">Click to print (Opens in new window)<\/span><\/a><\/li><li class=\"share-email\"><a rel=\"nofollow noopener noreferrer\" data-shared=\"\" class=\"share-email sd-button share-icon no-text\" href=\"https:\/\/bukkleader.hu\/old\/tajekoztato-helyi-fejlesztesi-strategia-elkeszitese-vp-19-1-15-cimu-projektrol\/?share=email\" target=\"_blank\" title=\"Click to email this to a friend\"><span><\/span><span class=\"sharing-screen-reader-text\">Click to email this to a friend (Opens in new window)<\/span><\/a><\/li><li class=\"share-end\"><\/li><\/ul><\/div><\/div><\/div>","protected":false},"author":4,"featured_media":1022,"comment_status":"open","ping_status":"closed","sticky":false,"template":"","format":"standard","meta":{"_bbp_topic_count":0,"_bbp_reply_count":0,"_bbp_total_topic_count":0,"_bbp_total_reply_count":0,"_bbp_voice_count":0,"_bbp_anonymous_reply_count":0,"_bbp_topic_count_hidden":0,"_bbp_reply_count_hidden":0,"_bbp_forum_subforum_count":0,"spay_email":"","jetpack_publicize_message":"","jetpack_is_tweetstorm":false,"jetpack_publicize_feature_enabled":true},"categories":[1],"tags":[],"jetpack_featured_media_url":"https:\/\/bukkleader.hu\/old\/wp-content\/uploads\/2016\/08\/HFS-elfogad\u00e1s-k\u00f6zgy\u0171l\u00e9s-3.jpg","jetpack_publicize_connections":[],"jetpack_sharing_enabled":true,"jetpack-related-posts":[{"id":1409,"url":"https:\/\/bukkleader.hu\/old\/tajekoztato-forum-videkfejlesztesi-program-aktualitasairol-helyi-fejlesztesi-strategia-elorehaladasarol-es-helyi-felhivasokrol-varbo\/","url_meta":{"origin":1021,"position":0},"title":"T\u00e1j\u00e9koztat\u00f3 F\u00f3rum a Vid\u00e9kfejleszt\u00e9si Program aktualit\u00e1sair\u00f3l, a Helyi Fejleszt\u00e9si Strat\u00e9gia el\u0151rehalad\u00e1s\u00e1r\u00f3l \u00e9s a helyi felh\u00edv\u00e1sokr\u00f3l &#8211; Varb\u00f3","date":"2017-11-22","format":false,"excerpt":"A B\u00fckk-T\u00e9rs\u00e9gi LEADER Egyes\u00fclet t\u00e1j\u00e9koztat\u00f3 f\u00f3rumot tart 2017.12.06-\u00e1n Varb\u00f3n\u00a0a Vid\u00e9kfejleszt\u00e9si Program aktualit\u00e1sair\u00f3l, a Helyi Fejleszt\u00e9si Strat\u00e9gia el\u0151rehalad\u00e1s\u00e1r\u00f3l \u00e9s\u00a0a megjelent helyi felh\u00edv\u00e1sokr\u00f3l, a mell\u00e9kelt megh\u00edv\u00f3 szerint. Megh\u00edv\u00f3 >>","rel":"","context":"In &quot;H\u00edreink, k\u00f6zlem\u00e9nyeink&quot;","img":{"alt_text":"","src":"https:\/\/i0.wp.com\/bukkleader.hu\/old\/wp-content\/uploads\/2017\/11\/varb\u00f3.jpg?resize=350%2C200&ssl=1","width":350,"height":200},"classes":[]},{"id":1414,"url":"https:\/\/bukkleader.hu\/old\/tajekoztato-forum-videkfejlesztesi-program-aktualitasairol-helyi-fejlesztesi-strategia-elorehaladasarol-es-helyi-felhivasokrol-emod\/","url_meta":{"origin":1021,"position":1},"title":"T\u00e1j\u00e9koztat\u00f3 F\u00f3rum a Vid\u00e9kfejleszt\u00e9si Program aktualit\u00e1sair\u00f3l, a Helyi Fejleszt\u00e9si Strat\u00e9gia el\u0151rehalad\u00e1s\u00e1r\u00f3l \u00e9s a helyi felh\u00edv\u00e1sokr\u00f3l &#8211; Em\u0151d","date":"2017-11-22","format":false,"excerpt":"A B\u00fckk-T\u00e9rs\u00e9gi LEADER Egyes\u00fclet t\u00e1j\u00e9koztat\u00f3 f\u00f3rumot tart 2017.12.11-\u00e9n Em\u0151d\u00f6n\u00a0a Vid\u00e9kfejleszt\u00e9si Program aktualit\u00e1sair\u00f3l, a Helyi Fejleszt\u00e9si Strat\u00e9gia el\u0151rehalad\u00e1s\u00e1r\u00f3l \u00e9s\u00a0a megjelent helyi felh\u00edv\u00e1sokr\u00f3l, a mell\u00e9kelt megh\u00edv\u00f3 szerint. Megh\u00edv\u00f3 >>","rel":"","context":"In &quot;H\u00edreink, k\u00f6zlem\u00e9nyeink&quot;","img":{"alt_text":"","src":"https:\/\/i2.wp.com\/bukkleader.hu\/old\/wp-content\/uploads\/2016\/09\/em\u0151d.jpg?resize=350%2C200&ssl=1","width":350,"height":200},"classes":[]},{"id":1837,"url":"https:\/\/bukkleader.hu\/old\/tajekoztato-forum-a-videkfejlesztesi-program-aktualitasairol-es-a-helyi-fejlesztesi-strategia-elorehaladasarol-sajobabony\/","url_meta":{"origin":1021,"position":2},"title":"T\u00e1j\u00e9koztat\u00f3 F\u00f3rum a Vid\u00e9kfejleszt\u00e9si Program  aktualit\u00e1sair\u00f3l \u00e9s a Helyi Fejleszt\u00e9si Strat\u00e9gia el\u0151rehalad\u00e1s\u00e1r\u00f3l &#8211; Saj\u00f3b\u00e1bony","date":"2018-11-12","format":false,"excerpt":"A B\u00fckk-T\u00e9rs\u00e9gi LEADER Egyes\u00fclet t\u00e1j\u00e9koztat\u00f3 f\u00f3rumot tart 2018. 11. 22-\u00e9n 16:30 \u00f3r\u00e1t\u00f3l Saj\u00f3b\u00e1bonyban a D\u00e9ryn\u00e9 M\u0171vel\u0151d\u00e9si H\u00e1zban a mell\u00e9kelt megh\u00edv\u00f3 szerint. Megh\u00edv\u00f3 >>","rel":"","context":"In &quot;H\u00edreink, k\u00f6zlem\u00e9nyeink&quot;","img":{"alt_text":"","src":"https:\/\/i1.wp.com\/bukkleader.hu\/old\/wp-content\/uploads\/2018\/11\/Saj\u00f3b\u00e1bony.jpg?resize=350%2C200&ssl=1","width":350,"height":200},"classes":[]},{"id":1866,"url":"https:\/\/bukkleader.hu\/old\/tajekoztato-forum-a-videkfejlesztesi-program-aktualitasairol-es-a-helyi-fejlesztesi-strategia-elorehaladasarol-tard\/","url_meta":{"origin":1021,"position":3},"title":"T\u00e1j\u00e9koztat\u00f3 F\u00f3rum a Vid\u00e9kfejleszt\u00e9si Program  aktualit\u00e1sair\u00f3l \u00e9s a Helyi Fejleszt\u00e9si Strat\u00e9gia el\u0151rehalad\u00e1s\u00e1r\u00f3l &#8211; Tard","date":"2018-11-19","format":false,"excerpt":"A B\u00fckk-T\u00e9rs\u00e9gi LEADER Egyes\u00fclet t\u00e1j\u00e9koztat\u00f3 f\u00f3rumot tart 2018. 11. 29-\u00e9n 16:30 \u00f3r\u00e1t\u00f3l Tardon, a Forr\u00e1s Oktat\u00e1si K\u00f6zpont Tangazdas\u00e1g\u00e1ban a mell\u00e9kelt megh\u00edv\u00f3 szerint. Megh\u00edv\u00f3 >>","rel":"","context":"In &quot;H\u00edreink, k\u00f6zlem\u00e9nyeink&quot;","img":{"alt_text":"","src":"https:\/\/i1.wp.com\/bukkleader.hu\/old\/wp-content\/uploads\/2016\/10\/tard_tajhaz.jpg?resize=350%2C200&ssl=1","width":350,"height":200},"classes":[]},{"id":1880,"url":"https:\/\/bukkleader.hu\/old\/tajekoztato-forum-a-videkfejlesztesi-program-aktualitasairol-es-a-helyi-fejlesztesi-strategia-elorehaladasarol-nyekladhaza\/","url_meta":{"origin":1021,"position":4},"title":"T\u00e1j\u00e9koztat\u00f3 F\u00f3rum a Vid\u00e9kfejleszt\u00e9si Program  aktualit\u00e1sair\u00f3l \u00e9s a Helyi Fejleszt\u00e9si Strat\u00e9gia el\u0151rehalad\u00e1s\u00e1r\u00f3l &#8211; Ny\u00e9kl\u00e1dh\u00e1za","date":"2018-11-29","format":false,"excerpt":"A B\u00fckk-T\u00e9rs\u00e9gi LEADER Egyes\u00fclet t\u00e1j\u00e9koztat\u00f3 f\u00f3rumot tart 2018. 12. 07-\u00e9n 16:00 \u00f3r\u00e1t\u00f3l Ny\u00e9kl\u00e1dh\u00e1z\u00e1n a Furmann Imre M\u0171vel\u0151d\u00e9si H\u00e1zban a mell\u00e9kelt megh\u00edv\u00f3 szerint. \u00a0 Megh\u00edv\u00f3 >> \u00a0 \u00a0 \u00a0 \u00a0 \u00a0","rel":"","context":"In &quot;H\u00edreink, k\u00f6zlem\u00e9nyeink&quot;","img":{"alt_text":"","src":"https:\/\/i1.wp.com\/bukkleader.hu\/old\/wp-content\/uploads\/2016\/08\/Ny\u00e9kl\u00e1dh\u00e1za.jpg?resize=350%2C200&ssl=1","width":350,"height":200},"classes":[]},{"id":661,"url":"https:\/\/bukkleader.hu\/old\/operativ-programok\/","url_meta":{"origin":1021,"position":5},"title":"Operat\u00edv Programok","date":"2015-11-19","format":false,"excerpt":"A B\u00fckk-T\u00e9rs\u00e9gi LEADER Egyes\u00fclet Helyi Fejleszt\u00e9si Strat\u00e9gi\u00e1j\u00e1nak elk\u00e9sz\u00edt\u00e9s\u00e9hez felhaszn\u00e1lt Operat\u00edv Programok el\u00e9rhet\u0151ek itt:\u00a0https:\/\/www.palyazat.gov.hu\u00a0\u00a0","rel":"","context":"In &quot;H\u00edreink, k\u00f6zlem\u00e9nyeink&quot;","img":{"alt_text":"","src":"https:\/\/i1.wp.com\/bukkleader.hu\/old\/wp-content\/uploads\/2015\/11\/operat\u00edv-programok-2..jpg?resize=350%2C200&ssl=1","width":350,"height":200},"classes":[]}],"_links":{"self":[{"href":"https:\/\/bukkleader.hu\/old\/wp-json\/wp\/v2\/posts\/1021"}],"collection":[{"href":"https:\/\/bukkleader.hu\/old\/wp-json\/wp\/v2\/posts"}],"about":[{"href":"https:\/\/bukkleader.hu\/old\/wp-json\/wp\/v2\/types\/post"}],"author":[{"embeddable":true,"href":"https:\/\/bukkleader.hu\/old\/wp-json\/wp\/v2\/users\/4"}],"replies":[{"embeddable":true,"href":"https:\/\/bukkleader.hu\/old\/wp-json\/wp\/v2\/comments?post=1021"}],"version-history":[{"count":3,"href":"https:\/\/bukkleader.hu\/old\/wp-json\/wp\/v2\/posts\/1021\/revisions"}],"predecessor-version":[{"id":1052,"href":"https:\/\/bukkleader.hu\/old\/wp-json\/wp\/v2\/posts\/1021\/revisions\/1052"}],"wp:featuredmedia":[{"embeddable":true,"href":"https:\/\/bukkleader.hu\/old\/wp-json\/wp\/v2\/media\/1022"}],"wp:attachment":[{"href":"https:\/\/bukkleader.hu\/old\/wp-json\/wp\/v2\/media?parent=1021"}],"wp:term":[{"taxonomy":"category","embeddable":true,"href":"https:\/\/bukkleader.hu\/old\/wp-json\/wp\/v2\/categories?post=1021"},{"taxonomy":"post_tag","embeddable":true,"href":"https:\/\/bukkleader.hu\/old\/wp-json\/wp\/v2\/tags?post=1021"}],"curies":[{"name":"wp","href":"https:\/\/api.w.org\/{rel}","templated":true}]}}