{"id":102,"date":"2012-10-01T12:24:49","date_gmt":"2012-10-01T10:24:49","guid":{"rendered":"https:\/\/bukkleader.hu\/old\/new\/?p=102"},"modified":"2015-09-09T13:43:03","modified_gmt":"2015-09-09T11:43:03","slug":"2012-julius-01-2012-szeptember-30-idoszak","status":"publish","type":"post","link":"https:\/\/bukkleader.hu\/old\/2012-julius-01-2012-szeptember-30-idoszak\/","title":{"rendered":"2012. j\u00falius 01. \u2013 2012. szeptember 30. id\u0151szak"},"content":{"rendered":"<p style=\"text-align: justify;\">A B\u00fckk-T\u00e9rs\u00e9gi LEADER Egyes\u00fclet legfontosabb feladatai a 2012.07.01. \u2013 09.30. id\u0151szakban az EMVA III. falumeg\u00faj\u00edt\u00e1s \u00e9s \u2013fejleszt\u00e9s jogc\u00edm el\u0151k\u00e9sz\u00edt\u00e9se, a szakmai kapcsolat\u00e9p\u00edt\u00e9s \u00e9s az 2014-2020 id\u0151szak EU-s tervez\u00e9s\u00e9be val\u00f3 bekapcsol\u00f3d\u00e1s voltak. Munk\u00e1nkr\u00f3l 1 t\u00e9rs\u00e9gi \u00fajs\u00e1gban, 2 szakmai kiadv\u00e1nyban \u00e9s 3 weboldalon jelent meg tud\u00f3s\u00edt\u00e1s.<!--more--><br \/>A t\u00e1mogat\u00e1si id\u0151szakban t\u00e1rgyal\u00e1sokat folytattunk a Nemzeti Innov\u00e1ci\u00f3s Hivatallal az \u201e1 falu \u2013 1 MW\u201d programunk megval\u00f3s\u00edt\u00e1s\u00e1nak \u00e9rdek\u00e9ben, valamint Dr. Nagy J\u00f3zsef eln\u00f6k, vid\u00e9kfejleszt\u00e9si szakmai igazgat\u00f3 a B.A.Z. Megyei K\u00f6zgy\u0171l\u00e9s eln\u00f6k\u00e9nek felk\u00e9r\u00e9s\u00e9re folyamatosan r\u00e9szt vesz a megye a 2014-2020 id\u0151szak strat\u00e9giai tervez\u00e9s\u00e9re alak\u00edtott munkabizotts\u00e1g\u00e1nak munk\u00e1j\u00e1ban.<br \/>Munkat\u00e1rsaink t\u00f6bb protokoll \u00e9s szakmai rendezv\u00e9nyen r\u00e9szt vettek, mint az Orsz\u00e1gos Roma \u00d6nkorm\u00e1nyzat \u00e1ltal szervezett VI. Orsz\u00e1gos Roma Focikupa (2012.08.18., Mez\u0151k\u00f6vesd), a Kereszt\u00far Nev\u0171 Telep\u00fcl\u00e9sek XIII. Nemzetk\u00f6zi Tal\u00e1lkoz\u00f3ja (2012.08.23-26., Saj\u00f3kereszt\u00far) \u00e9s az annak keret\u00e9ben megszervezett \u201eB\u00dcKK-MAK LEADER Helyi Term\u00e9k Fesztiv\u00e1l\u201d, az ELM\u00dc-\u00c9M\u00c1SZ energetikai szakmai konferenci\u00e1ja (2012.09.18., Lillaf\u00fcred), az MNVH nemzetk\u00f6zi egy\u00fcttm\u0171k\u00f6d\u00e9sek \u201eStart-up\u201d f\u00f3ruma (2012.09.26., Budapest) \u00e9s a \u201eLovas postakocsit\u00f3l az elektromos j\u00e1rm\u0171vekig\u201d c. rendezv\u00e9ny (2012.09.28., Karcag).<br \/>2012.09.06-\u00e1n szakmai program keret\u00e9ben egy\u00fcttm\u0171k\u00f6d\u00e9st \u00e9p\u00edtett\u00fcnk a szomsz\u00e9dos Aba\u00faj LEADER HACS-csal, majd 2012.09.11-\u00e9n r\u00e9szt vett\u00fcnk a VM-NAKVI \u00e1ltal szervezett \u00f6sszevont r\u00e9gi\u00f3s \u00e9rtekezleten, P\u00e1losv\u00f6r\u00f6smarton.<br \/>2012.09.18-\u00e1n, Fels\u0151t\u00e1rk\u00e1nyban adt\u00e1k \u00e1t az els\u0151, a LEADER 2. fordul\u00f3j\u00e1ban megval\u00f3sult, elektromos j\u00e1rm\u0171t\u00f6lt\u0151vel is felszerelt \u201eK\u00f6z\u00f6ss\u00e9gi Energiaudvart\u201d. Az energiaudvarok k\u00f6z\u00fcl a LEADER els\u0151 fordul\u00f3j\u00e1b\u00f3l eddig 16 db projekt val\u00f3sult meg, a m\u00e1sodik fordul\u00f3s projektek k\u00f6z\u00fcl legal\u00e1bb h\u00e1rom projekt \u00e1tad\u00e1sa 2012. okt\u00f3berben v\u00e1rhat\u00f3.<br \/>A HACS p\u00e1ly\u00e1zatot ny\u00fajtott be az MNVH-hoz, a \u201esokoldal\u00fa \u00e9s fenntarthat\u00f3 vid\u00e9kfejleszt\u00e9ssel kapcsolatos szakmai kiadv\u00e1nyok szerkeszt\u00e9s\u00e9hez, k\u00e9sz\u00edt\u00e9s\u00e9hez, sokszoros\u00edt\u00e1s\u00e1hoz \u00e9s terjeszt\u00e9s\u00e9hez\u201d ny\u00fajtand\u00f3 t\u00e1mogat\u00e1sra. A p\u00e1ly\u00e1zat c\u00e9lja egy a vid\u00e9kfejleszt\u00e9shez szorosan kapcsol\u00f3d\u00f3 nyomtatott k\u00f6nyv szerkeszt\u00e9se, sokszoros\u00edt\u00e1sa, mely szakmai tapasztalatok \u00e9s know-how cser\u00e9j\u00e9nek biztos\u00edt\u00e1s\u00e1ra, a helyes, \u00e1tadhat\u00f3 gyakorlatok terjeszt\u00e9s\u00e9re ir\u00e1nyul. A t\u00e1mogat\u00e1ssal elk\u00e9sz\u00fcl\u0151 k\u00f6nyvben a B\u00fckk-Miskolc t\u00e9rs\u00e9gi Vid\u00e9kfejleszt\u00e9si K\u00f6z\u00f6ss\u00e9g strat\u00e9gi\u00e1j\u00e1t \u00e9s a 2008-2012 id\u0151szakban el\u00e9rt eredm\u00e9nyeit k\u00edv\u00e1njuk r\u00e9szletesen bemutatni.<br \/>D\u00f6nt\u00e9shoz\u00f3 Test\u00fclet\u00fcnk 2012.08.01-i \u00fcl\u00e9s\u00e9n megt\u00e1rgyalta az EMVA III. falumeg\u00faj\u00edt\u00e1s \u00e9s \u2013fejleszt\u00e9s jogc\u00edm p\u00e1ly\u00e1zati felt\u00e9teleit \u00e9s kialak\u00edtotta az \u00e9rt\u00e9kel\u00e9si rendszer pontsz\u00e1mait. Falumeg\u00faj\u00edt\u00e1sra \u00e9s -fejleszt\u00e9sre projektenk\u00e9nt max. 10 milli\u00f3 Ft t\u00e1mogat\u00e1s ig\u00e9nyelhet\u0151 az 1. \u00e9s 2. c\u00e9lter\u00fcleten, a jogc\u00edmben jelenleg \u00f6sszesen 53 499 280 Ft forr\u00e1s \u00e1ll rendelkez\u00e9sre. A k\u00f6z\u00f6ss\u00e9g k\u00e9sz\u00fcl a 2012. \u00e9vi EMVA III-IV. t\u00e1mogat\u00e1si id\u0151szakokra, a t\u00e1mogat\u00e1si lehet\u0151s\u00e9gekr\u0151l \u00e9s felt\u00e9telekr\u0151l a HACS a 2012. okt\u00f3berben indul\u00f3 faluf\u00f3rumain t\u00e1j\u00e9koztatja az \u00fcgyfeleket. Az EMVA III. \u00faj t\u00e1mogat\u00e1si id\u0151szak\u00e1hoz \u00e9s a LEADER c\u00e9lter\u00fcletek meghirdet\u00e9s\u00e9hez a HACS t\u00f6bbletforr\u00e1s meg\u00edt\u00e9l\u00e9s\u00e9re sz\u00e1m\u00edt a VM, mint Ir\u00e1ny\u00edt\u00f3 Hat\u00f3s\u00e1g r\u00e9sz\u00e9r\u0151l.<\/p>\n<div class=\"sharedaddy sd-sharing-enabled\"><div class=\"robots-nocontent sd-block sd-social sd-social-icon sd-sharing\"><h3 class=\"sd-title\">Share this:<\/h3><div class=\"sd-content\"><ul><li class=\"share-facebook\"><a rel=\"nofollow noopener noreferrer\" data-shared=\"sharing-facebook-102\" class=\"share-facebook sd-button share-icon no-text\" href=\"https:\/\/bukkleader.hu\/old\/2012-julius-01-2012-szeptember-30-idoszak\/?share=facebook\" target=\"_blank\" title=\"Click to share on Facebook\"><span><\/span><span class=\"sharing-screen-reader-text\">Click to share on Facebook (Opens in new window)<\/span><\/a><\/li><li class=\"share-twitter\"><a rel=\"nofollow noopener noreferrer\" data-shared=\"sharing-twitter-102\" class=\"share-twitter sd-button share-icon no-text\" href=\"https:\/\/bukkleader.hu\/old\/2012-julius-01-2012-szeptember-30-idoszak\/?share=twitter\" target=\"_blank\" title=\"Click to share on Twitter\"><span><\/span><span class=\"sharing-screen-reader-text\">Click to share on Twitter (Opens in new window)<\/span><\/a><\/li><li class=\"share-print\"><a rel=\"nofollow noopener noreferrer\" data-shared=\"\" class=\"share-print sd-button share-icon no-text\" href=\"https:\/\/bukkleader.hu\/old\/2012-julius-01-2012-szeptember-30-idoszak\/\" target=\"_blank\" title=\"Click to print\"><span><\/span><span class=\"sharing-screen-reader-text\">Click to print (Opens in new window)<\/span><\/a><\/li><li class=\"share-email\"><a rel=\"nofollow noopener noreferrer\" data-shared=\"\" class=\"share-email sd-button share-icon no-text\" href=\"https:\/\/bukkleader.hu\/old\/2012-julius-01-2012-szeptember-30-idoszak\/?share=email\" target=\"_blank\" title=\"Click to email this to a friend\"><span><\/span><span class=\"sharing-screen-reader-text\">Click to email this to a friend (Opens in new window)<\/span><\/a><\/li><li class=\"share-end\"><\/li><\/ul><\/div><\/div><\/div>","protected":false},"excerpt":{"rendered":"<p>A B\u00fckk-T\u00e9rs\u00e9gi LEADER Egyes\u00fclet legfontosabb feladatai a 2012.07.01. \u2013 09.30. id\u0151szakban az EMVA III. falumeg\u00faj\u00edt\u00e1s \u00e9s \u2013fejleszt\u00e9s jogc\u00edm el\u0151k\u00e9sz\u00edt\u00e9se, a szakmai kapcsolat\u00e9p\u00edt\u00e9s \u00e9s az 2014-2020 id\u0151szak EU-s tervez\u00e9s\u00e9be val\u00f3 bekapcsol\u00f3d\u00e1s voltak. Munk\u00e1nkr\u00f3l 1 t\u00e9rs\u00e9gi \u00fajs\u00e1gban, 2 szakmai kiadv\u00e1nyban \u00e9s 3 weboldalon jelent meg tud\u00f3s\u00edt\u00e1s.<\/p>\n<div class=\"sharedaddy sd-sharing-enabled\"><div class=\"robots-nocontent sd-block sd-social sd-social-icon sd-sharing\"><h3 class=\"sd-title\">Share this:<\/h3><div class=\"sd-content\"><ul><li class=\"share-facebook\"><a rel=\"nofollow noopener noreferrer\" data-shared=\"sharing-facebook-102\" class=\"share-facebook sd-button share-icon no-text\" href=\"https:\/\/bukkleader.hu\/old\/2012-julius-01-2012-szeptember-30-idoszak\/?share=facebook\" target=\"_blank\" title=\"Click to share on Facebook\"><span><\/span><span class=\"sharing-screen-reader-text\">Click to share on Facebook (Opens in new window)<\/span><\/a><\/li><li class=\"share-twitter\"><a rel=\"nofollow noopener noreferrer\" data-shared=\"sharing-twitter-102\" class=\"share-twitter sd-button share-icon no-text\" href=\"https:\/\/bukkleader.hu\/old\/2012-julius-01-2012-szeptember-30-idoszak\/?share=twitter\" target=\"_blank\" title=\"Click to share on Twitter\"><span><\/span><span class=\"sharing-screen-reader-text\">Click to share on Twitter (Opens in new window)<\/span><\/a><\/li><li class=\"share-print\"><a rel=\"nofollow noopener noreferrer\" data-shared=\"\" class=\"share-print sd-button share-icon no-text\" href=\"https:\/\/bukkleader.hu\/old\/2012-julius-01-2012-szeptember-30-idoszak\/\" target=\"_blank\" title=\"Click to print\"><span><\/span><span class=\"sharing-screen-reader-text\">Click to print (Opens in new window)<\/span><\/a><\/li><li class=\"share-email\"><a rel=\"nofollow noopener noreferrer\" data-shared=\"\" class=\"share-email sd-button share-icon no-text\" href=\"https:\/\/bukkleader.hu\/old\/2012-julius-01-2012-szeptember-30-idoszak\/?share=email\" target=\"_blank\" title=\"Click to email this to a friend\"><span><\/span><span class=\"sharing-screen-reader-text\">Click to email this to a friend (Opens in new window)<\/span><\/a><\/li><li class=\"share-end\"><\/li><\/ul><\/div><\/div><\/div>","protected":false},"author":1,"featured_media":0,"comment_status":"open","ping_status":"closed","sticky":false,"template":"","format":"standard","meta":{"_bbp_topic_count":0,"_bbp_reply_count":0,"_bbp_total_topic_count":0,"_bbp_total_reply_count":0,"_bbp_voice_count":0,"_bbp_anonymous_reply_count":0,"_bbp_topic_count_hidden":0,"_bbp_reply_count_hidden":0,"_bbp_forum_subforum_count":0,"spay_email":"","jetpack_publicize_message":"","jetpack_is_tweetstorm":false,"jetpack_publicize_feature_enabled":true},"categories":[5],"tags":[],"jetpack_featured_media_url":"","jetpack_publicize_connections":[],"jetpack_sharing_enabled":true,"jetpack-related-posts":[{"id":104,"url":"https:\/\/bukkleader.hu\/old\/2012-oktober-01-2012-december-31-idoszak\/","url_meta":{"origin":102,"position":0},"title":"2012. okt\u00f3ber 01. \u2013 2012. december 31. id\u0151szak","date":"2013-01-02","format":false,"excerpt":"A B\u00fckk-T\u00e9rs\u00e9gi LEADER Egyes\u00fclet munkaszervezet\u00e9nek legfontosabb feladatai a 2012.10.01. \u2013 12.31. id\u0151szakban az EMVA III. falumeg\u00faj\u00edt\u00e1s \u00e9s \u2013fejleszt\u00e9s p\u00e1ly\u00e1zati id\u0151szak el\u0151k\u00e9sz\u00edt\u00e9se, a szakmai kapcsolat\u00e9p\u00edt\u00e9s \u00e9s az 2014-2020 id\u0151szak EU-s tervez\u00e9s\u00e9vel kapcsolatos egyeztet\u00e9seken val\u00f3 r\u00e9szv\u00e9tel voltak.A vid\u00e9kfejleszt\u00e9si k\u00f6z\u00f6ss\u00e9g min\u00e9l sz\u00e9lesebb k\u00f6r\u0171 t\u00e1j\u00e9koztat\u00e1sa \u00e9rdek\u00e9ben a t\u00e1mogat\u00e1si id\u0151szakban \u00f6sszesen 9 szakmai f\u00f3rumot tartottunk,\u2026","rel":"","context":"In &quot;Munkabesz\u00e1mol\u00f3k&quot;","img":{"alt_text":"","src":"","width":0,"height":0},"classes":[]},{"id":99,"url":"https:\/\/bukkleader.hu\/old\/2012-majus-01-2012-junius-30-idoszak\/","url_meta":{"origin":102,"position":1},"title":"2012. m\u00e1jus 01. \u2013 2012. j\u00fanius 30. id\u0151szak","date":"2012-07-01","format":false,"excerpt":"A B\u00fckk-T\u00e9rs\u00e9gi LEADER Egyes\u00fclet az IH \u00e1ltal 2012. m\u00e1jus 1-i hat\u00e1llyal LEADER Helyi Akci\u00f3csoportk\u00e9nt elismer\u00e9sre ker\u00fclt \u00e9s \u00e1tvette a LEADER p\u00e1ly\u00e1zatokkal kapcsolatos feladatokat a B\u00dcKK-MAK LEADER Nonprofit Kft.-t\u0151l. Az Egyes\u00fclet a k\u00f6zgy\u0171l\u00e9s d\u00f6nt\u00e9se szerint saj\u00e1t munkaszervezetet alak\u00edtott, melyben a kor\u00e1bbi HACS munkat\u00e1rsai (\u00f6sszesen 8 f\u0151) a meg\u00e1llapod\u00e1ssal haszn\u00e1latba vett eszk\u00f6z\u00e1llom\u00e1nnyal,\u2026","rel":"","context":"In &quot;Munkabesz\u00e1mol\u00f3k&quot;","img":{"alt_text":"","src":"","width":0,"height":0},"classes":[]},{"id":299,"url":"https:\/\/bukkleader.hu\/old\/letolthetok-a-hacs-2013-januar-24-i-kozgyulesen-elhangzott-eloadasok-bemutatoi\/","url_meta":{"origin":102,"position":2},"title":"Let\u00f6lthet\u0151k a HACS 2013. janu\u00e1r 24-i k\u00f6zgy\u0171l\u00e9s\u00e9n elhangzott el\u0151ad\u00e1sok bemutat\u00f3i","date":"2013-01-30","format":false,"excerpt":"Az al\u00e1bbiakban linkeken let\u00f6lthet\u0151k a B\u00fckk-T\u00e9rs\u00e9gi LEADER Egyes\u00fclet 2013. janu\u00e1r 24-i k\u00f6zgy\u0171l\u00e9s\u00e9n\u00a0(megh\u00edv\u00f3, napirendi pontok >>) elhangzott el\u0151ad\u00e1sok bemutat\u00f3i:A B\u00fckk-T\u00e9rs\u00e9gi LEADER Egyes\u00fclet 2012. \u00e1prilis 26. \u2013 2012. december 31. k\u00f6z\u00f6tt el\u00e9rt eredm\u00e9nyei (T\u00f3th J. S\u00e1ndor szakmai aleln\u00f6k) -Let\u00f6lt\u00e9s >>T\u00e1j\u00e9koztat\u00f3 az EMVA III-IV. p\u00e1ly\u00e1zatok megval\u00f3s\u00edt\u00e1s\u00e1ra vonatkoz\u00f3 el\u0151\u00edr\u00e1sokr\u00f3l (Hajdu Istv\u00e1n munkaszervezet vezet\u0151) -\u2026","rel":"","context":"In &quot;H\u00edreink, k\u00f6zlem\u00e9nyeink&quot;","img":{"alt_text":"bukk-leader-logo-w","src":"https:\/\/i2.wp.com\/bukkleader.hu\/old\/wp-content\/uploads\/2015\/09\/bukk-leader-logo-w.jpg?resize=350%2C200&ssl=1","width":350,"height":200},"classes":[]},{"id":365,"url":"https:\/\/bukkleader.hu\/old\/hogyan-tervezzunk-2014-2020\/","url_meta":{"origin":102,"position":3},"title":"&#8220;Hogyan tervezz\u00fcnk? &#8211; 2014-2020&#8221;","date":"2013-11-19","format":false,"excerpt":"A B\u00fckk-T\u00e9rs\u00e9gi LEADER Egyes\u00fclet az elm\u00falt hetekben, december h\u00f3nap k\u00f6zep\u00e9ig telep\u00fcl\u00e9si szakmai f\u00f3rumokat szervez, melyek f\u0151 t\u00e9m\u00e1ja: \"hogyan kell v\u00e1llalkoz\u00e1sunkat, nonprofit szervezet\u00fcnket, egyh\u00e1zunkat, \u00f6nkorm\u00e1nyzatunkat beprogramozni a 2014-2020 tervez\u00e9si id\u0151szak t\u00e1mogat\u00e1si rendszer\u00e9be?\" Tagjaink k\u00e9r\u00e9seknek megfelel\u0151en Dr. Nagy J\u00f3zsef eln\u00f6k a szakmai f\u00f3rumokon tartott el\u0151ad\u00e1s\u00e1nak bemutat\u00f3j\u00e1t k\u00f6zz\u00e9tessz\u00fck, let\u00f6lthet\u0151 itt >","rel":"","context":"In &quot;H\u00edreink, k\u00f6zlem\u00e9nyeink&quot;","img":{"alt_text":"bukk-leader-logo-w","src":"https:\/\/i2.wp.com\/bukkleader.hu\/old\/wp-content\/uploads\/2015\/09\/bukk-leader-logo-w.jpg?resize=350%2C200&ssl=1","width":350,"height":200},"classes":[]},{"id":266,"url":"https:\/\/bukkleader.hu\/old\/2012-oktober-25-i-hacs-eloadasok-bemutatoi\/","url_meta":{"origin":102,"position":4},"title":"2012. okt\u00f3ber 25-i HACS el\u0151ad\u00e1sok bemutat\u00f3i","date":"2012-10-30","format":false,"excerpt":"Let\u00f6lthet\u0151k az okt\u00f3ber 25-i HACS szakmai f\u00f3rumon elhangzott el\u0151ad\u00e1sok bemutat\u00f3iA B\u00fckk-T\u00e9rs\u00e9gi LEADER Egyes\u00fclet a 2012. okt\u00f3ber 25-\u00e9n a b\u0151csi Faluh\u00e1zban szakmai f\u00f3rumot tartott a tagjai \u00e9s potenci\u00e1lis p\u00e1ly\u00e1z\u00f3i r\u00e9sz\u00e9re (megh\u00edv\u00f3 let\u00f6lt\u00e9se >>). A f\u00f3rumon a HACS munkat\u00e1rsai bemutatt\u00e1k a 2012. november 15-ig p\u00e1ly\u00e1zhat\u00f3 EMVA III. falumeg\u00faj\u00edt\u00e1s \u00e9s \u2013fejleszt\u00e9s jogc\u00edm t\u00e1mogat\u00e1si\u2026","rel":"","context":"In &quot;H\u00edreink, k\u00f6zlem\u00e9nyeink&quot;","img":{"alt_text":"eu-kohezio-w","src":"https:\/\/i2.wp.com\/bukkleader.hu\/old\/wp-content\/uploads\/2015\/09\/eu-kohezio-w.jpg?resize=350%2C200&ssl=1","width":350,"height":200},"classes":[]},{"id":106,"url":"https:\/\/bukkleader.hu\/old\/2013-januar-01-2013-marcius-31-idoszak\/","url_meta":{"origin":102,"position":5},"title":"2013. janu\u00e1r 01. &#8211; 2013. m\u00e1rcius 31. id\u0151szak","date":"2013-04-01","format":false,"excerpt":"A B\u00fckk-T\u00e9rs\u00e9gi LEADER Egyes\u00fclet munkaszervezet\u00e9nek legfontosabb feladatai a 2013.01.01. \u2013 03.31. id\u0151szakban a HACS-hoz be\u00e9rkezett EMVA III. falumeg\u00faj\u00edt\u00e1s \u00e9s \u2013fejleszt\u00e9s p\u00e1ly\u00e1zatok \u00fcgyint\u00e9z\u00e9se, a szakmai kapcsolat\u00e9p\u00edt\u00e9s \u00e9s az 2014-2020 id\u0151szak EU-s tervez\u00e9s\u00e9vel kapcsolatos egyeztet\u00e9seken val\u00f3 r\u00e9szv\u00e9tel voltak.A vid\u00e9kfejleszt\u00e9si k\u00f6z\u00f6ss\u00e9g min\u00e9l sz\u00e9lesebb k\u00f6r\u0171 t\u00e1j\u00e9koztat\u00e1sa \u00e9rdek\u00e9ben a t\u00e1mogat\u00e1si id\u0151szakban t\u00f6bb szakmai f\u00f3rumot tartottunk,\u2026","rel":"","context":"In &quot;Munkabesz\u00e1mol\u00f3k&quot;","img":{"alt_text":"","src":"","width":0,"height":0},"classes":[]}],"_links":{"self":[{"href":"https:\/\/bukkleader.hu\/old\/wp-json\/wp\/v2\/posts\/102"}],"collection":[{"href":"https:\/\/bukkleader.hu\/old\/wp-json\/wp\/v2\/posts"}],"about":[{"href":"https:\/\/bukkleader.hu\/old\/wp-json\/wp\/v2\/types\/post"}],"author":[{"embeddable":true,"href":"https:\/\/bukkleader.hu\/old\/wp-json\/wp\/v2\/users\/1"}],"replies":[{"embeddable":true,"href":"https:\/\/bukkleader.hu\/old\/wp-json\/wp\/v2\/comments?post=102"}],"version-history":[{"count":1,"href":"https:\/\/bukkleader.hu\/old\/wp-json\/wp\/v2\/posts\/102\/revisions"}],"predecessor-version":[{"id":103,"href":"https:\/\/bukkleader.hu\/old\/wp-json\/wp\/v2\/posts\/102\/revisions\/103"}],"wp:attachment":[{"href":"https:\/\/bukkleader.hu\/old\/wp-json\/wp\/v2\/media?parent=102"}],"wp:term":[{"taxonomy":"category","embeddable":true,"href":"https:\/\/bukkleader.hu\/old\/wp-json\/wp\/v2\/categories?post=102"},{"taxonomy":"post_tag","embeddable":true,"href":"https:\/\/bukkleader.hu\/old\/wp-json\/wp\/v2\/tags?post=102"}],"curies":[{"name":"wp","href":"https:\/\/api.w.org\/{rel}","templated":true}]}}